{"id":16491,"date":"2017-06-01T00:00:55","date_gmt":"2017-06-01T03:00:55","guid":{"rendered":"http:\/\/www.rhevistarh.com.br\/portal\/?p=16491"},"modified":"2017-05-30T15:02:15","modified_gmt":"2017-05-30T18:02:15","slug":"lideranca-tem-idade","status":"publish","type":"post","link":"https:\/\/www.rhevistarh.com.br\/portal\/lideranca-tem-idade\/","title":{"rendered":"Lideran\u00e7a tem idade?"},"content":{"rendered":"<p style=\"text-align: justify;\"><a href=\"http:\/\/www.dimep.com.br\/categoria\/kairos\/\" target=\"_blank\" rel=\"noopener noreferrer\"><img loading=\"lazy\" decoding=\"async\" class=\"aligncenter wp-image-16407 size-full\" src=\"http:\/\/www.rhevistarh.com.br\/portal\/wp-content\/uploads\/2017\/05\/kairos5.gif\" alt=\"\" width=\"620\" height=\"90\" \/><\/a><\/p>\n<figure id=\"attachment_15019\" aria-describedby=\"caption-attachment-15019\" style=\"width: 200px\" class=\"wp-caption alignright\"><img loading=\"lazy\" decoding=\"async\" class=\"size-full wp-image-15019\" src=\"http:\/\/www.rhevistarh.com.br\/portal\/wp-content\/uploads\/2016\/09\/sulamitamiranda.png\" alt=\"\" width=\"200\" height=\"200\" srcset=\"https:\/\/www.rhevistarh.com.br\/portal\/wp-content\/uploads\/2016\/09\/sulamitamiranda.png 200w, https:\/\/www.rhevistarh.com.br\/portal\/wp-content\/uploads\/2016\/09\/sulamitamiranda-150x150.png 150w, https:\/\/www.rhevistarh.com.br\/portal\/wp-content\/uploads\/2016\/09\/sulamitamiranda-100x100.png 100w, https:\/\/www.rhevistarh.com.br\/portal\/wp-content\/uploads\/2016\/09\/sulamitamiranda-42x42.png 42w\" sizes=\"auto, (max-width: 200px) 100vw, 200px\" \/><figcaption id=\"caption-attachment-15019\" class=\"wp-caption-text\">Sulamita Rocha Miranda<\/figcaption><\/figure>\n<p style=\"text-align: justify;\">N\u00e3o, lideran\u00e7a jamais ter\u00e1 idade.\u00a0 Com as inova\u00e7\u00f5es nas empresas houve uma distor\u00e7\u00e3o de percep\u00e7\u00e3o e julgamento, passaram a acreditar que os jovens da Gera\u00e7\u00e3o Y, s\u00e3o mais criativos, inovadores e transformadores da realidade, criando um paradigma sobre os mais experientes da Gera\u00e7\u00e3o X.<\/p>\n<p style=\"text-align: justify;\">Biografias nos mostram grandes l\u00edderes que ultrapassaram as barreiras de seu tempo e outros que na maturidade desafiaram as cren\u00e7as e destacaram-se, alguns exemplos: Bill Gates, Paul Allen, Steve Jobs, Michaell Dell muito jovens ousaram acreditar em suas ideias inovadoras, dando vida \u00e0 era da inform\u00e1tica;\u00a0 Sergey Brin e Larry Page, donos do Google ou Mark Zuckerberg fundador do Facebook; Luiz Seabra dona da Natura que aos 12 anos imaginou produzir produtos de beleza para sua irm\u00e3.<\/p>\n<p style=\"text-align: justify;\">Papa Francisco se destaca pela vontade e coragem de gerir a mudan\u00e7a na Igreja Cat\u00f3lica; Viviane Senna, nunca havia trabalhado na \u00e1rea social e se revelou uma extraordin\u00e1ria empreendedora social ou ainda Peter Drucker considerado o pai da administra\u00e7\u00e3o moderna, morreu aos 96 anos influenciando as organiza\u00e7\u00f5es com suas ideias e teorias de gest\u00e3o.<\/p>\n<p style=\"text-align: justify;\">Acredito que a lideran\u00e7a \u00e9 baseada em car\u00e1ter, atitude e vontade de direcionar outras pessoas a uma causa, miss\u00e3o ou objetivos. Estes atributos independem da idade.<\/p>\n<p style=\"text-align: justify;\">As empresas precisam da energia de inova\u00e7\u00e3o, criatividade e ousadia da Gera\u00e7\u00e3o Y e sem d\u00favida do poder da lideran\u00e7a da Gera\u00e7\u00e3o X que inspira as pessoas \u00e0s novas estrat\u00e9gicas de neg\u00f3cio sem perder a \u201cpersonalidade\u201d da empresa.<\/p>\n<p style=\"text-align: justify;\">Por que n\u00e3o utilizar a expertise dos profissionais da Gera\u00e7\u00e3o X como mentores ou conselheiros para orientar e impulsionar a nova gera\u00e7\u00e3o de profissionais da Gera\u00e7\u00e3o Y?<\/p>\n<p style=\"text-align: justify;\">Que fant\u00e1stica troca de experi\u00eancias, conhecimento, pensamentos e sentimentos surgir\u00e1 deste encontro!<\/p>\n<p style=\"text-align: justify;\">Este compartilhamento trar\u00e1 resultados \u00e0 empresa, aos jovens e aos mais experientes consequentemente direcionando todos ao futuro.<\/p>\n<p style=\"text-align: justify;\">LIDERA \u2013 Atrav\u00e9s de seu car\u00e1ter, atitude e vontade.<\/p>\n<p style=\"text-align: justify;\">L- libera o potencial das pessoas;<\/p>\n<p style=\"text-align: justify;\">\u00cd-\u00a0 integra, inspira, impulsiona as novas gera\u00e7\u00f5es;<\/p>\n<p style=\"text-align: justify;\">D- direciona \u00e0s novas causas, miss\u00f5es ou objetivos;<\/p>\n<p style=\"text-align: justify;\">E- estimula a quebra de barreiras, \u00a0necess\u00e1rias \u00e0 transforma\u00e7\u00e3o e evolu\u00e7\u00e3o;<\/p>\n<p style=\"text-align: justify;\">R- redesenha a hist\u00f3ria, deixando seu legado aos seus sucessores.<\/p>\n<p style=\"text-align: justify;\">Est\u00e3o sempre \u00e0 frente, pois s\u00e3o transformadores da realidade.<\/p>\n<p style=\"text-align: justify;\"><strong>Sobre a Autora:<\/strong><\/p>\n<p style=\"text-align: justify;\"><strong>Sulamita Rocha Miranda<\/strong>, 20 anos de experi\u00eancia em Recursos Humanos em empresas de diversos segmentos, atuando em atra\u00e7\u00e3o, capta\u00e7\u00e3o, reten\u00e7\u00e3o e desenvolvimento de pessoas especialistas em programas de lideran\u00e7a.\u00a0 Graduada em Psicologia, p\u00f3s-graduada em administra\u00e7\u00e3o de RH e MBA em Gest\u00e3o Estrat\u00e9gica de Neg\u00f3cios.<\/p>\n<p style=\"text-align: justify;\"><strong>e-Mail:<\/strong> <a href=\"mailto:srmiran@terra.com.br\" target=\"_blank\" rel=\"noopener noreferrer\">srmiran@terra.com.br<\/a><\/p>\n<p style=\"text-align: justify;\"><strong>Linkedin:<\/strong> <a href=\"http:\/\/br.linkedin.com\/pub\/sulamita-rocha-miranda\/38\/549\/aba\/\" target=\"_blank\" rel=\"noopener noreferrer\">br.linkedin.com\/pub\/sulamita-rocha-miranda\/<\/a><\/p>\n<p style=\"text-align: justify;\"><a href=\"http:\/\/www.dimep.com.br\/categoria\/kairos\/\" target=\"_blank\" rel=\"noopener noreferrer\"><img loading=\"lazy\" decoding=\"async\" class=\"aligncenter wp-image-16407 size-full\" src=\"http:\/\/www.rhevistarh.com.br\/portal\/wp-content\/uploads\/2017\/05\/kairos5.gif\" alt=\"\" width=\"620\" height=\"90\" \/><\/a><\/p>\n","protected":false},"excerpt":{"rendered":"<p>N\u00e3o, lideran\u00e7a jamais ter\u00e1 idade.  Com as inova\u00e7\u00f5es nas empresas houve uma distor\u00e7\u00e3o de percep\u00e7\u00e3o e julgamento, passaram a acreditar que os jovens da Gera\u00e7\u00e3o Y, s\u00e3o mais criativos, inovadores e transformadores da realidade, criando um paradigma sobre os mais experientes da Gera\u00e7\u00e3o X.  <\/p>\n","protected":false},"author":8,"featured_media":15019,"comment_status":"open","ping_status":"open","sticky":false,"template":"","format":"standard","meta":{"footnotes":""},"categories":[2740],"tags":[595,2745],"table_tags":[],"class_list":["post-16491","post","type-post","status-publish","format-standard","has-post-thumbnail","hentry","category-sulamita-rocha-miranda","tag-equipe","tag-lideranca","entry"],"aioseo_notices":[],"_links":{"self":[{"href":"https:\/\/www.rhevistarh.com.br\/portal\/wp-json\/wp\/v2\/posts\/16491","targetHints":{"allow":["GET"]}}],"collection":[{"href":"https:\/\/www.rhevistarh.com.br\/portal\/wp-json\/wp\/v2\/posts"}],"about":[{"href":"https:\/\/www.rhevistarh.com.br\/portal\/wp-json\/wp\/v2\/types\/post"}],"author":[{"embeddable":true,"href":"https:\/\/www.rhevistarh.com.br\/portal\/wp-json\/wp\/v2\/users\/8"}],"replies":[{"embeddable":true,"href":"https:\/\/www.rhevistarh.com.br\/portal\/wp-json\/wp\/v2\/comments?post=16491"}],"version-history":[{"count":0,"href":"https:\/\/www.rhevistarh.com.br\/portal\/wp-json\/wp\/v2\/posts\/16491\/revisions"}],"wp:featuredmedia":[{"embeddable":true,"href":"https:\/\/www.rhevistarh.com.br\/portal\/wp-json\/wp\/v2\/media\/15019"}],"wp:attachment":[{"href":"https:\/\/www.rhevistarh.com.br\/portal\/wp-json\/wp\/v2\/media?parent=16491"}],"wp:term":[{"taxonomy":"category","embeddable":true,"href":"https:\/\/www.rhevistarh.com.br\/portal\/wp-json\/wp\/v2\/categories?post=16491"},{"taxonomy":"post_tag","embeddable":true,"href":"https:\/\/www.rhevistarh.com.br\/portal\/wp-json\/wp\/v2\/tags?post=16491"},{"taxonomy":"table_tags","embeddable":true,"href":"https:\/\/www.rhevistarh.com.br\/portal\/wp-json\/wp\/v2\/table_tags?post=16491"}],"curies":[{"name":"wp","href":"https:\/\/api.w.org\/{rel}","templated":true}]}}