{"id":19505,"date":"2018-11-12T12:52:26","date_gmt":"2018-11-12T14:52:26","guid":{"rendered":"http:\/\/www.rhevistarh.com.br\/portal\/?p=19505"},"modified":"2018-11-12T13:16:20","modified_gmt":"2018-11-12T15:16:20","slug":"esocial-publicada-versao-2-5-e-cpf-passa-a-ser-obrigatoria-par-todos-os-dependentes-de-ir-e-planos-de-saude","status":"publish","type":"post","link":"https:\/\/www.rhevistarh.com.br\/portal\/esocial-publicada-versao-2-5-e-cpf-passa-a-ser-obrigatoria-par-todos-os-dependentes-de-ir-e-planos-de-saude\/","title":{"rendered":"eSocial: Publicada vers\u00e3o 2.5 e, CPF passa a ser obrigat\u00f3rio para todos os dependentes, independentemente da idade"},"content":{"rendered":"<p style=\"text-align: justify;\"><img loading=\"lazy\" decoding=\"async\" class=\"size-full wp-image-14641 alignleft\" src=\"http:\/\/www.rhevistarh.com.br\/portal\/wp-content\/uploads\/2016\/08\/esocial_logo.png\" alt=\"\" width=\"200\" height=\"200\" srcset=\"https:\/\/www.rhevistarh.com.br\/portal\/wp-content\/uploads\/2016\/08\/esocial_logo.png 200w, https:\/\/www.rhevistarh.com.br\/portal\/wp-content\/uploads\/2016\/08\/esocial_logo-150x150.png 150w, https:\/\/www.rhevistarh.com.br\/portal\/wp-content\/uploads\/2016\/08\/esocial_logo-100x100.png 100w, https:\/\/www.rhevistarh.com.br\/portal\/wp-content\/uploads\/2016\/08\/esocial_logo-42x42.png 42w\" sizes=\"auto, (max-width: 200px) 100vw, 200px\" \/><\/p>\n<p style=\"text-align: justify;\">Foi publicado hoje 12\/11\/2018 a vers\u00e3o 2.5 dos leiautes do eSocial.<\/p>\n<p style=\"text-align: justify;\">Na respectiva vers\u00e3o j\u00e1 est\u00e3o contempladas todas as altera\u00e7\u00f5es propostas pela NDE 01 vers\u00f5es 01 e 02.\u00a0Portanto, n\u00e3o mais ser\u00e1 necess\u00e1rio observar leiautes e vers\u00f5es da NDE 01 publicadas anteriormente a esta nova vers\u00e3o.<\/p>\n<p style=\"text-align: justify;\">J\u00e1 para os \u00f3rg\u00e3os p\u00fablicos, al\u00e9m desta nova vers\u00e3o, devem ser observadas as informa\u00e7\u00f5es complementares existentes na NDE 02 (exclusiva de \u00f3rg\u00e3os p\u00fablicos, que continua em separado).<\/p>\n<p style=\"text-align: justify;\">Conforme prev\u00edamos, algumas altera\u00e7\u00f5es importantes ocorreram nesta nova vers\u00e3o, entre elas a <strong>obrigatoriedade de CPF para todos os dependentes de Imposto de Renda e de Planos de Assist\u00eancia \u00e0 Sa\u00fade (assist\u00eancia m\u00e9dica e odontol\u00f3gica) independentemente da idade<\/strong>.<\/p>\n<p style=\"text-align: justify;\">Tamb\u00e9m a <strong>possibilidade de altera\u00e7\u00e3o do n\u00famero do CPF do trabalhador foi contemplada nesta nova vers\u00e3o<\/strong>, pois, diversas situa\u00e7\u00f5es requerem este tipo de ajuste, sendo, a mais comum, quando atrav\u00e9s do judici\u00e1rio o trabalhador consegue um novo CPF em raz\u00e3o de o anterior ter sido clonado.<\/p>\n<p style=\"text-align: justify;\">Assim, al\u00e9m destas altera\u00e7\u00f5es comentadas, verifiquem todas as altera\u00e7\u00f5es relacionadas no arquivo \u201cControle de altera\u00e7\u00f5es leiautes 2.4.02 para 2.5.pdf\u201d.<\/p>\n<p style=\"text-align: justify;\">A vers\u00e3o 2.5 do eSocial pode ser baixada no seguinte link abaixo:<\/p>\n<p style=\"text-align: justify;\"><a href=\"http:\/\/portal.esocial.gov.br\/institucional\/documentacao-tecnica\">http:\/\/portal.esocial.gov.br\/institucional\/documentacao-tecnica<\/a><\/p>\n<p style=\"text-align: justify;\">Odair Fantoni<\/p>\n<p>Precisa de ajuda com o eSocial?<\/p>\n<p>N\u00f3s podemos ajudar!<\/p>\n<p>Solicite a apresenta\u00e7\u00e3o de nossas atividades atrav\u00e9s do seguinte email: abf@rhevistarh.com.br<\/p>\n","protected":false},"excerpt":{"rendered":"<p>Foi publicado hoje 12\/11\/2018 a vers\u00e3o 2.5 dos leiautes do eSocial e, entre as novidades\u00a0<br \/>\nNa respectiva vers\u00e3o j\u00e1 est\u00e3o contempladas todas as altera\u00e7\u00f5es propostas pela NDE 01 vers\u00f5es 01 e 02.<\/p>\n","protected":false},"author":8,"featured_media":14641,"comment_status":"open","ping_status":"open","sticky":false,"template":"","format":"standard","meta":{"footnotes":""},"categories":[1],"tags":[3030],"table_tags":[],"class_list":["post-19505","post","type-post","status-publish","format-standard","has-post-thumbnail","hentry","category-noticias","tag-destaque","entry"],"aioseo_notices":[],"_links":{"self":[{"href":"https:\/\/www.rhevistarh.com.br\/portal\/wp-json\/wp\/v2\/posts\/19505","targetHints":{"allow":["GET"]}}],"collection":[{"href":"https:\/\/www.rhevistarh.com.br\/portal\/wp-json\/wp\/v2\/posts"}],"about":[{"href":"https:\/\/www.rhevistarh.com.br\/portal\/wp-json\/wp\/v2\/types\/post"}],"author":[{"embeddable":true,"href":"https:\/\/www.rhevistarh.com.br\/portal\/wp-json\/wp\/v2\/users\/8"}],"replies":[{"embeddable":true,"href":"https:\/\/www.rhevistarh.com.br\/portal\/wp-json\/wp\/v2\/comments?post=19505"}],"version-history":[{"count":0,"href":"https:\/\/www.rhevistarh.com.br\/portal\/wp-json\/wp\/v2\/posts\/19505\/revisions"}],"wp:featuredmedia":[{"embeddable":true,"href":"https:\/\/www.rhevistarh.com.br\/portal\/wp-json\/wp\/v2\/media\/14641"}],"wp:attachment":[{"href":"https:\/\/www.rhevistarh.com.br\/portal\/wp-json\/wp\/v2\/media?parent=19505"}],"wp:term":[{"taxonomy":"category","embeddable":true,"href":"https:\/\/www.rhevistarh.com.br\/portal\/wp-json\/wp\/v2\/categories?post=19505"},{"taxonomy":"post_tag","embeddable":true,"href":"https:\/\/www.rhevistarh.com.br\/portal\/wp-json\/wp\/v2\/tags?post=19505"},{"taxonomy":"table_tags","embeddable":true,"href":"https:\/\/www.rhevistarh.com.br\/portal\/wp-json\/wp\/v2\/table_tags?post=19505"}],"curies":[{"name":"wp","href":"https:\/\/api.w.org\/{rel}","templated":true}]}}