{"id":19688,"date":"2019-02-02T11:28:27","date_gmt":"2019-02-02T13:28:27","guid":{"rendered":"http:\/\/www.rhevistarh.com.br\/portal\/?p=19688"},"modified":"2019-02-02T12:06:12","modified_gmt":"2019-02-02T14:06:12","slug":"de-onde-vem-as-tragedias","status":"publish","type":"post","link":"https:\/\/www.rhevistarh.com.br\/portal\/de-onde-vem-as-tragedias\/","title":{"rendered":"DE ONDE V\u00caM AS TRAG\u00c9DIAS?"},"content":{"rendered":"<p style=\"text-align: justify;\"><a href=\"https:\/\/loja.rhevistarh.com.br\/index.php?id_product=11&amp;controller=product\" target=\"_blank\" rel=\"noopener\"><img loading=\"lazy\" decoding=\"async\" class=\"aligncenter wp-image-19675 size-full\" src=\"http:\/\/www.rhevistarh.com.br\/portal\/wp-content\/uploads\/2019\/01\/livro_topo_p-1.png\" alt=\"\" width=\"620\" height=\"77\" srcset=\"https:\/\/www.rhevistarh.com.br\/portal\/wp-content\/uploads\/2019\/01\/livro_topo_p-1.png 620w, https:\/\/www.rhevistarh.com.br\/portal\/wp-content\/uploads\/2019\/01\/livro_topo_p-1-300x37.png 300w\" sizes=\"auto, (max-width: 620px) 100vw, 620px\" \/><\/a><\/p>\n<figure id=\"attachment_18834\" aria-describedby=\"caption-attachment-18834\" style=\"width: 200px\" class=\"wp-caption alignleft\"><img loading=\"lazy\" decoding=\"async\" class=\"size-full wp-image-18834\" src=\"http:\/\/www.rhevistarh.com.br\/portal\/wp-content\/uploads\/2018\/04\/luizmarins.png\" alt=\"\" width=\"200\" height=\"200\" srcset=\"https:\/\/www.rhevistarh.com.br\/portal\/wp-content\/uploads\/2018\/04\/luizmarins.png 200w, https:\/\/www.rhevistarh.com.br\/portal\/wp-content\/uploads\/2018\/04\/luizmarins-150x150.png 150w, https:\/\/www.rhevistarh.com.br\/portal\/wp-content\/uploads\/2018\/04\/luizmarins-100x100.png 100w, https:\/\/www.rhevistarh.com.br\/portal\/wp-content\/uploads\/2018\/04\/luizmarins-60x60.png 60w\" sizes=\"auto, (max-width: 200px) 100vw, 200px\" \/><figcaption id=\"caption-attachment-18834\" class=\"wp-caption-text\">Prof. Luiz Marins<br \/>Foto: Gilberto Macedo<\/figcaption><\/figure>\n<p style=\"text-align: justify;\">Segundo o dicion\u00e1rio etimol\u00f3gico &#8211; dicionarioetimologico.com.br &#8211; A palavra trag\u00e9dia vem do grego tragoedia, sendo tragos, bode, e oid\u00e9, ode, can\u00e7\u00e3o. Ou seja; trag\u00e9dia \u00e9 a can\u00e7\u00e3o do bode! Na Gr\u00e9cia antiga, quando se celebravam her\u00f3is e deuses como Dion\u00edsio, antes da costumeira representa\u00e7\u00e3o de pe\u00e7as de autores famosos, exibiam-se cantores que usavam os p\u00e9s de cabra ou bode, tal como se imaginava fossem as divindades que habitavam os bosques. Nessas cerim\u00f4nias em honra ao deus, al\u00e9m das vestimentas de aspecto caprino, o canto era acompanhado pelo sacrif\u00edcio de um bode.<\/p>\n<p style=\"text-align: justify;\">Mas por que isso? Porque, como o bode devastava as videiras, seria tamb\u00e9m inimigo de Dion\u00edsio, o deus grego do vinho, e, por conseguinte, deveria ser sacrificado.<\/p>\n<p style=\"text-align: justify;\">Entre n\u00f3s, modernos, a palavra trag\u00e9dia tornou-se uma aplica\u00e7\u00e3o costumeira para designar um acontecimento doloroso, catastr\u00f3fico, acompanhado de muitas v\u00edtimas\u201d.<\/p>\n<p style=\"text-align: justify;\">Assistimos h\u00e1 poucas semanas uma trag\u00e9dia em Brumadinho, MG, dado ao rompimento de uma barragem.<br \/>\nMas al\u00e9m da origem da palavra, de onde v\u00eam as trag\u00e9dias?<\/p>\n<p style=\"text-align: justify;\">Segundo estudiosos de an\u00e1lise de riscos, boa parte das trag\u00e9dias como a que assistimos h\u00e1 pouco, v\u00eam da falta de planejamento, da falta de cuidado, da falta de manuten\u00e7\u00e3o, da desculpa da falta de recursos, da falta de pessoas qualificadas, da falta de puni\u00e7\u00e3o quando ocorrem e, acima de tudo, da falta de respeito com as pessoas e, principalmente, da falta de vergonha dos que deveriam cumprir seu dever e n\u00e3o cumprem.<\/p>\n<p style=\"text-align: justify;\">Sempre que trag\u00e9dias ocorrem sobram explica\u00e7\u00f5es e falta vergonha a quem deveria assumir total responsabilidade pelas vidas perdidas que n\u00e3o voltam mais; pelos danos ambientais irrevers\u00edveis; pela hist\u00f3ria representada em patrim\u00f4nios devastados tanto das pessoas quanto hist\u00f3ricos de uma na\u00e7\u00e3o. \u00c9 sempre assim.<\/p>\n<p style=\"text-align: justify;\">\u00c9 claro que h\u00e1 trag\u00e9dias causadas pela for\u00e7a da natureza. Dessas devemos nos proteger sempre que poss\u00edvel.<br \/>\nA indigna\u00e7\u00e3o, por\u00e9m, se d\u00e1 com trag\u00e9dias causadas pelo descaso humano, pelo descumprimento do dever, pela aus\u00eancia de responsabilidade e da total impunidade aos respons\u00e1veis.<\/p>\n<p style=\"text-align: justify;\">A pergunta que fica \u00e9: qual ser\u00e1 o pr\u00f3ximo bode?<\/p>\n<p>Pense nisso?<\/p>\n<p><em><strong>Sobre o Autor:<\/strong><\/em><\/p>\n<p><em><strong>Prof. Luiz Marins<\/strong>:<\/em>\u00a0Antrop\u00f3logo, professor e consultor de empresas no Brasil e no exterior, o Prof. Marins tem 25 livros (tamb\u00e9m dispon\u00edvel em v\u00e1rios pa\u00edses da Am\u00e9rica Latina e Europa) e mais de 300 v\u00eddeos e DVDs publicados; Empres\u00e1rio de sucesso nos ramos de agroneg\u00f3cio, educa\u00e7\u00e3o, comunica\u00e7\u00e3o e marketing. Seus programas de televis\u00e3o est\u00e3o entre os l\u00edderes de audi\u00eancia no Brasil. Segundo a imprensa especializada e consultorias, o Prof. Marins est\u00e1 entre os mais requisitados palestrantes do pa\u00eds.<\/p>\n<p><strong>Site:<\/strong>\u00a0<a href=\"http:\/\/www.marins.com.br\/\" target=\"_blank\" rel=\"noopener noreferrer\">www.marins.com.br<\/a><\/p>\n<p><strong>e-Mail:<\/strong>\u00a0<a href=\"mailto:diretoria@marins.com.br\" target=\"_blank\" rel=\"noopener noreferrer\">diretoria@marins.com.br<\/a><\/p>\n<h4 style=\"text-align: justify;\">PENSE NISSO:<\/h4>\n<ul>\n<li style=\"text-align: justify;\">Voc\u00ea e sua empresa t\u00eam consci\u00eancia dos riscos que est\u00e3o correndo?<\/li>\n<li style=\"text-align: justify;\">Voc\u00ea e sua empresa fazem constantes estudos e an\u00e1lises de riscos e tomam medidas s\u00e9rias para evitar uma trag\u00e9dia?<\/li>\n<li style=\"text-align: justify;\">Voc\u00ea e sua empresa correm riscos desnecess\u00e1rios, acreditando na sorte ou nas baixas probabilidades?<\/li>\n<li style=\"text-align: justify;\">Voc\u00ea cuida da sua seguran\u00e7a e de seus colegas de trabalho?<\/li>\n<li style=\"text-align: justify;\">Voc\u00ea utiliza os EPI (Equipamentos de Prote\u00e7\u00e3o Individual) e denuncia a falta do uso por seus colegas?<\/li>\n<\/ul>\n<p><a href=\"https:\/\/loja.rhevistarh.com.br\/index.php?id_product=11&amp;controller=product\" target=\"_blank\" rel=\"noopener\"><img loading=\"lazy\" decoding=\"async\" class=\"aligncenter wp-image-19675 size-full\" src=\"http:\/\/www.rhevistarh.com.br\/portal\/wp-content\/uploads\/2019\/01\/livro_topo_p-1.png\" alt=\"\" width=\"620\" height=\"77\" srcset=\"https:\/\/www.rhevistarh.com.br\/portal\/wp-content\/uploads\/2019\/01\/livro_topo_p-1.png 620w, https:\/\/www.rhevistarh.com.br\/portal\/wp-content\/uploads\/2019\/01\/livro_topo_p-1-300x37.png 300w\" sizes=\"auto, (max-width: 620px) 100vw, 620px\" \/><\/a><\/p>\n","protected":false},"excerpt":{"rendered":"<p>A palavra trag\u00e9dia vem do grego tragoedia, sendo tragos, bode, e oid\u00e9, ode, can\u00e7\u00e3o. Ou seja; trag\u00e9dia \u00e9 a can\u00e7\u00e3o do bode! Na Gr\u00e9cia antiga, quando se celebravam her\u00f3is&#8230;<\/p>\n","protected":false},"author":8,"featured_media":18834,"comment_status":"open","ping_status":"open","sticky":false,"template":"","format":"standard","meta":{"footnotes":""},"categories":[829],"tags":[3102,3030],"table_tags":[],"class_list":["post-19688","post","type-post","status-publish","format-standard","has-post-thumbnail","hentry","category-prof-luiz-marins","tag-brumadinho","tag-destaque","entry"],"aioseo_notices":[],"_links":{"self":[{"href":"https:\/\/www.rhevistarh.com.br\/portal\/wp-json\/wp\/v2\/posts\/19688","targetHints":{"allow":["GET"]}}],"collection":[{"href":"https:\/\/www.rhevistarh.com.br\/portal\/wp-json\/wp\/v2\/posts"}],"about":[{"href":"https:\/\/www.rhevistarh.com.br\/portal\/wp-json\/wp\/v2\/types\/post"}],"author":[{"embeddable":true,"href":"https:\/\/www.rhevistarh.com.br\/portal\/wp-json\/wp\/v2\/users\/8"}],"replies":[{"embeddable":true,"href":"https:\/\/www.rhevistarh.com.br\/portal\/wp-json\/wp\/v2\/comments?post=19688"}],"version-history":[{"count":0,"href":"https:\/\/www.rhevistarh.com.br\/portal\/wp-json\/wp\/v2\/posts\/19688\/revisions"}],"wp:featuredmedia":[{"embeddable":true,"href":"https:\/\/www.rhevistarh.com.br\/portal\/wp-json\/wp\/v2\/media\/18834"}],"wp:attachment":[{"href":"https:\/\/www.rhevistarh.com.br\/portal\/wp-json\/wp\/v2\/media?parent=19688"}],"wp:term":[{"taxonomy":"category","embeddable":true,"href":"https:\/\/www.rhevistarh.com.br\/portal\/wp-json\/wp\/v2\/categories?post=19688"},{"taxonomy":"post_tag","embeddable":true,"href":"https:\/\/www.rhevistarh.com.br\/portal\/wp-json\/wp\/v2\/tags?post=19688"},{"taxonomy":"table_tags","embeddable":true,"href":"https:\/\/www.rhevistarh.com.br\/portal\/wp-json\/wp\/v2\/table_tags?post=19688"}],"curies":[{"name":"wp","href":"https:\/\/api.w.org\/{rel}","templated":true}]}}