{"id":19720,"date":"2019-02-13T11:45:24","date_gmt":"2019-02-13T13:45:24","guid":{"rendered":"http:\/\/www.rhevistarh.com.br\/portal\/?p=19720"},"modified":"2019-02-13T11:45:24","modified_gmt":"2019-02-13T13:45:24","slug":"analistas-do-banco-mundial-destacam-inovacao-do-esocial","status":"publish","type":"post","link":"https:\/\/www.rhevistarh.com.br\/portal\/analistas-do-banco-mundial-destacam-inovacao-do-esocial\/","title":{"rendered":"Analistas do Banco Mundial destacam inova\u00e7\u00e3o do eSocial"},"content":{"rendered":"<p><a href=\"https:\/\/loja.rhevistarh.com.br\/index.php?id_product=11&amp;controller=product\" target=\"_blank\" rel=\"noopener\"><img loading=\"lazy\" decoding=\"async\" class=\"aligncenter wp-image-19675 size-full\" src=\"http:\/\/www.rhevistarh.com.br\/portal\/wp-content\/uploads\/2019\/01\/livro_topo_p-1.png\" alt=\"\" width=\"620\" height=\"77\" srcset=\"https:\/\/www.rhevistarh.com.br\/portal\/wp-content\/uploads\/2019\/01\/livro_topo_p-1.png 620w, https:\/\/www.rhevistarh.com.br\/portal\/wp-content\/uploads\/2019\/01\/livro_topo_p-1-300x37.png 300w\" sizes=\"auto, (max-width: 620px) 100vw, 620px\" \/><\/a><\/p>\n<div class=\"documentDescription\" style=\"text-align: justify;\"><img loading=\"lazy\" decoding=\"async\" class=\"size-full wp-image-19721 alignright\" src=\"http:\/\/www.rhevistarh.com.br\/portal\/wp-content\/uploads\/2019\/02\/xmlesocial.png\" alt=\"\" width=\"200\" height=\"200\" srcset=\"https:\/\/www.rhevistarh.com.br\/portal\/wp-content\/uploads\/2019\/02\/xmlesocial.png 200w, https:\/\/www.rhevistarh.com.br\/portal\/wp-content\/uploads\/2019\/02\/xmlesocial-150x150.png 150w, https:\/\/www.rhevistarh.com.br\/portal\/wp-content\/uploads\/2019\/02\/xmlesocial-100x100.png 100w, https:\/\/www.rhevistarh.com.br\/portal\/wp-content\/uploads\/2019\/02\/xmlesocial-60x60.png 60w\" sizes=\"auto, (max-width: 200px) 100vw, 200px\" \/>Em reuni\u00e3o na Secretaria de <a href=\"https:\/\/loja.rhevistarh.com.br\/index.php?id_product=11&amp;controller=product\" target=\"_blank\" rel=\"noopener\">Previd\u00eancia<\/a> e <a href=\"https:\/\/loja.rhevistarh.com.br\/index.php?id_product=11&amp;controller=product\" target=\"_blank\" rel=\"noopener\">Trabalho<\/a>, representantes da institui\u00e7\u00e3o demonstraram interesse pelo programa, que pode render parcerias no futuro<\/div>\n<div id=\"viewlet-below-content-title\" style=\"text-align: justify;\">\n<div id=\"viewlet-social-like\" class=\"horizontal\">\n<div class=\"sociallike-network-facebook\"><\/div>\n<\/div>\n<div id=\"plone-document-byline\" class=\"documentByLine\">\n<div><\/div>\n<\/div>\n<\/div>\n<div>\n<p style=\"text-align: justify;\">Representantes do Banco Mundial conheceram de perto o projeto eSocial, durante reuni\u00e3o na \u00faltima sexta-feira (8), na sede da Secretaria Especial de Previd\u00eancia e Trabalho do Minist\u00e9rio da Economia, em Bras\u00edlia. \u201c\u00c9 uma inova\u00e7\u00e3o do governo, e a gente quer conhecer e entender como pode melhorar a vida da popula\u00e7\u00e3o\u201d, disse a analista de Prote\u00e7\u00e3o Social e Trabalho do Banco Mundial, Rovane Schwengber.<\/p>\n<p style=\"text-align: justify;\">O grupo foi recebido pelo auditor-fiscal do Trabalho Jo\u00e3o Paulo Machado, que apresentou detalhes do programa e ouviu as observa\u00e7\u00f5es dos analistas. Os visitantes puderam compreender o conceito, tirar d\u00favidas sobre estrat\u00e9gias da gest\u00e3o do projeto e conhecer as metas de implanta\u00e7\u00e3o.<\/p>\n<p style=\"text-align: justify;\">Eles demonstraram grande interesse no projeto e o avaliaram como positivo. \u201cDisseminar como funciona o sistema para um \u00f3rg\u00e3o que faz avalia\u00e7\u00e3o das pol\u00edticas p\u00fablicas, n\u00e3o s\u00f3 em n\u00edvel nacional como em n\u00edvel mundial, e receber um feedback de que a gente est\u00e1 no caminho certo \u00e9 importante, at\u00e9 para avalia\u00e7\u00e3o\u201d, disse Machado.<\/p>\n<p style=\"text-align: justify;\">O economista s\u00eanior para Prote\u00e7\u00e3o Social do Banco Mundial, Juan Mart\u00edn Moreno, observou que \u201cse \u00e9 complexo para os brasileiros conhecerem, imagine para quem \u00e9 de fora\u201d. Entre os mais participativos na reuni\u00e3o, ele afirmou que o projeto pode render parcerias. \u201cIsso pode agregar ao trabalho do banco no futuro\u201d, disse.<\/p>\n<p style=\"text-align: justify;\"><strong>Unifica\u00e7\u00e3o<\/strong>\u00a0&#8211; Institu\u00eddo pelo Decreto 8373\/2014, o <a href=\"https:\/\/loja.rhevistarh.com.br\/index.php?id_product=11&amp;controller=product\" target=\"_blank\" rel=\"noopener\">eSocial<\/a> unifica as informa\u00e7\u00f5es sobre os trabalhadores brasileiros fornecidas pelas empresas ao governo. At\u00e9 a sua cria\u00e7\u00e3o, os empregadores tinham de informar dados como nome completo, CPF e data de admiss\u00e3o do empregado para diversos sistemas do governo federal, entre eles o Cadastro Geral de Empregados e Desempregados (Caged) e a Declara\u00e7\u00e3o do Imposto de Renda Retido na Fonte (DIRF). Ap\u00f3s a implementa\u00e7\u00e3o do novo sistema essas informa\u00e7\u00f5es ser\u00e3o enviadas apenas ao eSocial, permitindo a substitui\u00e7\u00e3o de muitas obriga\u00e7\u00f5es acess\u00f3rias dos empregadores.<\/p>\n<p style=\"text-align: justify;\">Atualmente, 13 mil empresas atualizam os dados de cadastro e de folhas de pagamento dos trabalhadores no eSocial. Isso representa 25% do total de m\u00e3o de obra no pa\u00eds. S\u00e3o as maiores organiza\u00e7\u00f5es do setor privado, com grandes contingentes de empregados.<\/p>\n<p style=\"text-align: justify;\">A ideia do governo \u00e9 que at\u00e9 2020 todos os cadastros dos 40 milh\u00f5es de trabalhadores empregados no Brasil sejam feitos pelo eSocial. \u201cA partir da\u00ed, \u00f3rg\u00e3os como a <a href=\"https:\/\/loja.rhevistarh.com.br\/index.php?id_product=11&amp;controller=product\" target=\"_blank\" rel=\"noopener\">Inspe\u00e7\u00e3o do Trabalho<\/a>, o INSS e a Receita Federal poder\u00e3o coletar os dados. Isso representa economia de pessoal e de tempo, n\u00e3o apenas para as empresas, mas tamb\u00e9m para o governo\u201d, concluiu Jo\u00e3o Paulo Machado.<\/p>\n<p>Fonte: Minist\u00e9rio da Economia<\/p>\n<\/div>\n<p><a href=\"https:\/\/loja.rhevistarh.com.br\/index.php?id_product=11&amp;controller=product\" target=\"_blank\" rel=\"noopener\"><img loading=\"lazy\" decoding=\"async\" class=\"aligncenter wp-image-19675 size-full\" src=\"http:\/\/www.rhevistarh.com.br\/portal\/wp-content\/uploads\/2019\/01\/livro_topo_p-1.png\" alt=\"\" width=\"620\" height=\"77\" srcset=\"https:\/\/www.rhevistarh.com.br\/portal\/wp-content\/uploads\/2019\/01\/livro_topo_p-1.png 620w, https:\/\/www.rhevistarh.com.br\/portal\/wp-content\/uploads\/2019\/01\/livro_topo_p-1-300x37.png 300w\" sizes=\"auto, (max-width: 620px) 100vw, 620px\" \/><\/a><\/p>\n","protected":false},"excerpt":{"rendered":"<p>Em reuni\u00e3o na Secretaria de Previd\u00eancia e Trabalho, representantes da institui\u00e7\u00e3o demonstraram interesse pelo programa, que pode render parcerias no futuro Representantes do Banco Mundial conheceram de perto o projeto eSocial, durante reuni\u00e3o na \u00faltima sexta-feira (8), na sede da Secretaria Especial de Previd\u00eancia e Trabalho do Minist\u00e9rio da Economia, em Bras\u00edlia. \u201c\u00c9 uma inova\u00e7\u00e3o&hellip;<\/p>\n","protected":false},"author":8,"featured_media":19721,"comment_status":"open","ping_status":"open","sticky":false,"template":"","format":"standard","meta":{"footnotes":""},"categories":[1],"tags":[3030,2012],"table_tags":[],"class_list":["post-19720","post","type-post","status-publish","format-standard","has-post-thumbnail","hentry","category-noticias","tag-destaque","tag-esocial","entry"],"aioseo_notices":[],"_links":{"self":[{"href":"https:\/\/www.rhevistarh.com.br\/portal\/wp-json\/wp\/v2\/posts\/19720","targetHints":{"allow":["GET"]}}],"collection":[{"href":"https:\/\/www.rhevistarh.com.br\/portal\/wp-json\/wp\/v2\/posts"}],"about":[{"href":"https:\/\/www.rhevistarh.com.br\/portal\/wp-json\/wp\/v2\/types\/post"}],"author":[{"embeddable":true,"href":"https:\/\/www.rhevistarh.com.br\/portal\/wp-json\/wp\/v2\/users\/8"}],"replies":[{"embeddable":true,"href":"https:\/\/www.rhevistarh.com.br\/portal\/wp-json\/wp\/v2\/comments?post=19720"}],"version-history":[{"count":0,"href":"https:\/\/www.rhevistarh.com.br\/portal\/wp-json\/wp\/v2\/posts\/19720\/revisions"}],"wp:featuredmedia":[{"embeddable":true,"href":"https:\/\/www.rhevistarh.com.br\/portal\/wp-json\/wp\/v2\/media\/19721"}],"wp:attachment":[{"href":"https:\/\/www.rhevistarh.com.br\/portal\/wp-json\/wp\/v2\/media?parent=19720"}],"wp:term":[{"taxonomy":"category","embeddable":true,"href":"https:\/\/www.rhevistarh.com.br\/portal\/wp-json\/wp\/v2\/categories?post=19720"},{"taxonomy":"post_tag","embeddable":true,"href":"https:\/\/www.rhevistarh.com.br\/portal\/wp-json\/wp\/v2\/tags?post=19720"},{"taxonomy":"table_tags","embeddable":true,"href":"https:\/\/www.rhevistarh.com.br\/portal\/wp-json\/wp\/v2\/table_tags?post=19720"}],"curies":[{"name":"wp","href":"https:\/\/api.w.org\/{rel}","templated":true}]}}