{"id":19761,"date":"2019-03-04T00:52:55","date_gmt":"2019-03-04T03:52:55","guid":{"rendered":"http:\/\/www.rhevistarh.com.br\/portal\/?p=19761"},"modified":"2019-03-04T00:54:06","modified_gmt":"2019-03-04T03:54:06","slug":"protagonismo-eu-posso-ser-diferente","status":"publish","type":"post","link":"https:\/\/www.rhevistarh.com.br\/portal\/protagonismo-eu-posso-ser-diferente\/","title":{"rendered":"Protagonismo &#8211; Eu posso ser diferente"},"content":{"rendered":"<figure id=\"attachment_19762\" aria-describedby=\"caption-attachment-19762\" style=\"width: 200px\" class=\"wp-caption alignright\"><img loading=\"lazy\" decoding=\"async\" class=\"wp-image-19762\" src=\"http:\/\/www.rhevistarh.com.br\/portal\/wp-content\/uploads\/2019\/03\/fabrizioortiz.png\" alt=\"\" width=\"200\" height=\"200\" srcset=\"https:\/\/www.rhevistarh.com.br\/portal\/wp-content\/uploads\/2019\/03\/fabrizioortiz.png 300w, https:\/\/www.rhevistarh.com.br\/portal\/wp-content\/uploads\/2019\/03\/fabrizioortiz-150x150.png 150w, https:\/\/www.rhevistarh.com.br\/portal\/wp-content\/uploads\/2019\/03\/fabrizioortiz-100x100.png 100w, https:\/\/www.rhevistarh.com.br\/portal\/wp-content\/uploads\/2019\/03\/fabrizioortiz-60x60.png 60w\" sizes=\"auto, (max-width: 200px) 100vw, 200px\" \/><figcaption id=\"caption-attachment-19762\" class=\"wp-caption-text\">Fabrizio Ortiz<\/figcaption><\/figure>\n<p style=\"text-align: justify;\">Se voc\u00ea j\u00e1 ouviu a express\u00e3o &#8220;torcedor sofredor&#8221; no futebol, sabe exatamente o que significa<\/p>\n<p style=\"text-align: justify;\">protagonismo, mas talvez nunca tenha se dado conta disso. Quando o time perde e o torcedor \u00e9 questionado sobre o resultado do jogo, geralmente ouve-se: \u201cfulano n\u00e3o sabe jogar\u201d, \u201co t\u00e9cnico \u00e9 ruim\u201d, \u201co time n\u00e3o est\u00e1 entrosado, por isso perdemos\u201d. Isto ocorre pelo simples fato do torcedor n\u00e3o se colocar como o protagonista do jogo, mas sendo apenas um espectador, que das arquibancadas do est\u00e1dio ou da poltrona da sala, grita, gesticula, xinga e reza para que os outros fa\u00e7am a coisa certa, na hora certa, da forma certa, gerando os resultados esperados. O poder est\u00e1 nos outros!<\/p>\n<p style=\"text-align: justify;\">Na lideran\u00e7a acontece o mesmo. Quando um l\u00edder apenas torce para que as pessoas e a empresa fa\u00e7am o que tem de ser feito para obter seus resultados, ele se torna um &#8220;torcedor sofredor&#8221; de sua pr\u00f3pria hist\u00f3ria, transferindo todo o poder para fora de si, deixando os resultados \u00e0 deriva, contando apenas com a boa vontade e com a sorte. O protagonismo consiste em focar prioritariamente em si, no seu eu, evitando ao m\u00e1ximo a terceiriza\u00e7\u00e3o de responsabilidades.<\/p>\n<p style=\"text-align: justify;\">S\u00f3 n\u00e3o caia na armadilha de puxar para si todas as atividades, centralizando e n\u00e3o delegando. Protagonismo na lideran\u00e7a significa se perguntar todos os dias: estou fazendo 100% da minha parte? Estou influenciando as pessoas e as \u00e1reas com minhas ideias e opini\u00f5es? Ou estou culpando os outros e o ambiente pela minha falta de desempenho. Ser protagonista \u00e9 se sentir o \u00fanico respons\u00e1vel por treinar e motivar sua equipe, delegar e confiar na capacidade de seu time, dar feedbacks sinceros de forma amistosa e corajosa, se relacionar com as \u00e1reas, gerar rela\u00e7\u00e3o de confian\u00e7a, trabalhar o autoconhecimento e se desenvolver como l\u00edder a cada dia.<\/p>\n<p style=\"text-align: justify;\">Espero que voc\u00ea termine de ler este texto pensando: sobre o que \u00e9 que estou reclamando na minha vida que na verdade \u00e9 apenas resultados da minha falta de protagonismo? O que eu posso fazer diferente a partir de hoje?<\/p>\n<p style=\"text-align: justify;\"><strong>Sobre o Autor:<\/strong><\/p>\n<p style=\"text-align: justify;\"><strong>Fabrizio Ortiz<\/strong> \u00e9 formado em Comunica\u00e7\u00e3o pela Pontif\u00edcia Universidade Cat\u00f3lica de Campinas com MBA em Gest\u00e3o Estrat\u00e9gica de Pessoas pela FGV, atua h\u00e1 mais de 12 anos em Gest\u00e3o de Pessoas, sendo um profissional de refer\u00eancia nas companhias em que atuou. Atualmente \u00e9 professor e palestrante em Gest\u00e3o de Pessoas e Lideran\u00e7a, e desenvolve suas atividades como Trainer na Crescimentum.<\/p>\n<p style=\"text-align: justify;\">Linkedin: www.linkedin.com\/in\/fabrizioortiz\/<\/p>\n","protected":false},"excerpt":{"rendered":"<p>Se voc\u00ea j\u00e1 ouviu a express\u00e3o &#8220;torcedor sofredor&#8221; no futebol, sabe exatamente o que significa protagonismo, mas talvez nunca tenha se dado conta disso. <\/p>\n","protected":false},"author":8,"featured_media":19762,"comment_status":"open","ping_status":"open","sticky":false,"template":"","format":"standard","meta":{"footnotes":""},"categories":[3104],"tags":[3030],"table_tags":[],"class_list":["post-19761","post","type-post","status-publish","format-standard","has-post-thumbnail","hentry","category-fabrizio-ortiz","tag-destaque","entry"],"aioseo_notices":[],"_links":{"self":[{"href":"https:\/\/www.rhevistarh.com.br\/portal\/wp-json\/wp\/v2\/posts\/19761","targetHints":{"allow":["GET"]}}],"collection":[{"href":"https:\/\/www.rhevistarh.com.br\/portal\/wp-json\/wp\/v2\/posts"}],"about":[{"href":"https:\/\/www.rhevistarh.com.br\/portal\/wp-json\/wp\/v2\/types\/post"}],"author":[{"embeddable":true,"href":"https:\/\/www.rhevistarh.com.br\/portal\/wp-json\/wp\/v2\/users\/8"}],"replies":[{"embeddable":true,"href":"https:\/\/www.rhevistarh.com.br\/portal\/wp-json\/wp\/v2\/comments?post=19761"}],"version-history":[{"count":0,"href":"https:\/\/www.rhevistarh.com.br\/portal\/wp-json\/wp\/v2\/posts\/19761\/revisions"}],"wp:featuredmedia":[{"embeddable":true,"href":"https:\/\/www.rhevistarh.com.br\/portal\/wp-json\/wp\/v2\/media\/19762"}],"wp:attachment":[{"href":"https:\/\/www.rhevistarh.com.br\/portal\/wp-json\/wp\/v2\/media?parent=19761"}],"wp:term":[{"taxonomy":"category","embeddable":true,"href":"https:\/\/www.rhevistarh.com.br\/portal\/wp-json\/wp\/v2\/categories?post=19761"},{"taxonomy":"post_tag","embeddable":true,"href":"https:\/\/www.rhevistarh.com.br\/portal\/wp-json\/wp\/v2\/tags?post=19761"},{"taxonomy":"table_tags","embeddable":true,"href":"https:\/\/www.rhevistarh.com.br\/portal\/wp-json\/wp\/v2\/table_tags?post=19761"}],"curies":[{"name":"wp","href":"https:\/\/api.w.org\/{rel}","templated":true}]}}