{"id":19770,"date":"2019-03-04T01:09:57","date_gmt":"2019-03-04T04:09:57","guid":{"rendered":"http:\/\/www.rhevistarh.com.br\/portal\/?p=19770"},"modified":"2019-03-04T01:09:57","modified_gmt":"2019-03-04T04:09:57","slug":"o-que-eu-penso-sobre-isso","status":"publish","type":"post","link":"https:\/\/www.rhevistarh.com.br\/portal\/o-que-eu-penso-sobre-isso\/","title":{"rendered":"O QUE EU PENSO SOBRE ISSO?"},"content":{"rendered":"<figure id=\"attachment_18834\" aria-describedby=\"caption-attachment-18834\" style=\"width: 200px\" class=\"wp-caption alignleft\"><img loading=\"lazy\" decoding=\"async\" class=\"size-full wp-image-18834\" src=\"http:\/\/www.rhevistarh.com.br\/portal\/wp-content\/uploads\/2018\/04\/luizmarins.png\" alt=\"\" width=\"200\" height=\"200\" srcset=\"https:\/\/www.rhevistarh.com.br\/portal\/wp-content\/uploads\/2018\/04\/luizmarins.png 200w, https:\/\/www.rhevistarh.com.br\/portal\/wp-content\/uploads\/2018\/04\/luizmarins-150x150.png 150w, https:\/\/www.rhevistarh.com.br\/portal\/wp-content\/uploads\/2018\/04\/luizmarins-100x100.png 100w, https:\/\/www.rhevistarh.com.br\/portal\/wp-content\/uploads\/2018\/04\/luizmarins-60x60.png 60w\" sizes=\"auto, (max-width: 200px) 100vw, 200px\" \/><figcaption id=\"caption-attachment-18834\" class=\"wp-caption-text\">Prof. Luiz Marins<br \/>Foto: Gilberto Macedo<\/figcaption><\/figure>\n<p style=\"text-align: justify;\">Nos dias de hoje, com as redes sociais bombando e nos mandando informa\u00e7\u00e3o a cada segundo e com o quase universal v\u00edcio de n\u00e3o se desgrudar do smartphone para ver a \u00faltima postagem, as pessoas t\u00eam que tomar um redobrado cuidado para n\u00e3o ser v\u00edtimas do \u201cefeito manada\u201d &#8211; termo utilizado para descrever situa\u00e7\u00f5es em que um grupo de indiv\u00edduos reage de maneira semelhante, mesmo que de forma irracional, apenas por causa da press\u00e3o exercida pelo grupo.<\/p>\n<p style=\"text-align: justify;\">Daniel Kahneman, Pr\u00eamio Nobel de Economia (2002) e outros psic\u00f3logos e economistas comportamentais chamam a aten\u00e7\u00e3o para esse efeito manada nos investimentos financeiros, no sucesso ou fracasso de empresas e pessoas e, principalmente, na internet quando retransmitimos e at\u00e9 postamos informa\u00e7\u00f5es, sem pensar se realmente concordamos com o que estamos enviando. Como bois numa boiada, seguimos o bando sem sequer saber para onde estamos indo.<\/p>\n<p style=\"text-align: justify;\">Esse \u201cefeito manada\u201d pode ter consequ\u00eancias graves para a nossa vida pessoal e profissional. Ser\u00e1 que n\u00e3o estamos sendo levados a agir por impulso, sem tempo para pensar e decidir por n\u00f3s mesmos?<\/p>\n<p style=\"text-align: justify;\">Ser\u00e1 que n\u00e3o estamos tomando decis\u00f5es emocionais, em vez de racionais e nos prejudicando a cada momento?<\/p>\n<p style=\"text-align: justify;\">N\u00e3o podemos nos iludir com falsos l\u00edderes que nos colocam na linha de frente da batalha e eles pr\u00f3prios n\u00e3o se comprometem.<\/p>\n<p style=\"text-align: justify;\">Temos que tomar cuidado para n\u00e3o sermos levados a pensar e agir pela opini\u00e3o da imprensa, de blogueiros, de Youtubers, que pouco conhecemos sua forma\u00e7\u00e3o e objetivos.<\/p>\n<p style=\"text-align: justify;\">Assim, ao recebermos uma informa\u00e7\u00e3o temos que parar e pensar: o que ser\u00e1 que eu realmente penso sobre isso? Qual \u00e9 a <u>minha<\/u> opini\u00e3o? Estou pensando livremente ou sendo manipulado? O que pode estar por tr\u00e1s disso tudo e que n\u00e3o sei? Devo acreditar? Devo repassar?<\/p>\n<p style=\"text-align: justify;\">Pense nisso. Sucesso!<\/p>\n<p style=\"text-align: justify;\"><em><strong>Sobre o Autor:<\/strong><\/em><\/p>\n<p style=\"text-align: justify;\"><em><strong>Prof. Luiz Marins<\/strong>:<\/em>\u00a0Antrop\u00f3logo, professor e consultor de empresas no Brasil e no exterior, o Prof. Marins tem 25 livros (tamb\u00e9m dispon\u00edvel em v\u00e1rios pa\u00edses da Am\u00e9rica Latina e Europa) e mais de 300 v\u00eddeos e DVDs publicados; Empres\u00e1rio de sucesso nos ramos de agroneg\u00f3cio, educa\u00e7\u00e3o, comunica\u00e7\u00e3o e marketing. Seus programas de televis\u00e3o est\u00e3o entre os l\u00edderes de audi\u00eancia no Brasil. Segundo a imprensa especializada e consultorias, o Prof. Marins est\u00e1 entre os mais requisitados palestrantes do pa\u00eds.<\/p>\n<p style=\"text-align: justify;\"><strong>Site:<\/strong>\u00a0<a href=\"http:\/\/www.marins.com.br\/\" target=\"_blank\" rel=\"noopener noreferrer\">www.marins.com.br<\/a><\/p>\n<p style=\"text-align: justify;\"><strong>e-Mail:<\/strong>\u00a0<a href=\"mailto:diretoria@marins.com.br\" target=\"_blank\" rel=\"noopener noreferrer\">diretoria@marins.com.br<\/a><\/p>\n","protected":false},"excerpt":{"rendered":"<p>Nos dias de hoje, com as redes sociais bombando e nos mandando informa\u00e7\u00e3o a cada segundo e com o quase universal v\u00edcio de n\u00e3o se desgrudar do smartphone para ver a \u00faltima postagem, as pessoas t\u00eam que tomar um redobrado cuidado para n\u00e3o ser v\u00edtimas do \u201cefeito manada\u201d &#8211; termo utilizado para descrever situa\u00e7\u00f5es em que um grupo de indiv\u00edduos reage de maneira semelhante, mesmo que de forma irracional, apenas por causa da press\u00e3o exercida pelo grupo.<\/p>\n","protected":false},"author":8,"featured_media":18834,"comment_status":"open","ping_status":"open","sticky":false,"template":"","format":"standard","meta":{"footnotes":""},"categories":[829],"tags":[3030],"table_tags":[],"class_list":["post-19770","post","type-post","status-publish","format-standard","has-post-thumbnail","hentry","category-prof-luiz-marins","tag-destaque","entry"],"aioseo_notices":[],"_links":{"self":[{"href":"https:\/\/www.rhevistarh.com.br\/portal\/wp-json\/wp\/v2\/posts\/19770","targetHints":{"allow":["GET"]}}],"collection":[{"href":"https:\/\/www.rhevistarh.com.br\/portal\/wp-json\/wp\/v2\/posts"}],"about":[{"href":"https:\/\/www.rhevistarh.com.br\/portal\/wp-json\/wp\/v2\/types\/post"}],"author":[{"embeddable":true,"href":"https:\/\/www.rhevistarh.com.br\/portal\/wp-json\/wp\/v2\/users\/8"}],"replies":[{"embeddable":true,"href":"https:\/\/www.rhevistarh.com.br\/portal\/wp-json\/wp\/v2\/comments?post=19770"}],"version-history":[{"count":0,"href":"https:\/\/www.rhevistarh.com.br\/portal\/wp-json\/wp\/v2\/posts\/19770\/revisions"}],"wp:featuredmedia":[{"embeddable":true,"href":"https:\/\/www.rhevistarh.com.br\/portal\/wp-json\/wp\/v2\/media\/18834"}],"wp:attachment":[{"href":"https:\/\/www.rhevistarh.com.br\/portal\/wp-json\/wp\/v2\/media?parent=19770"}],"wp:term":[{"taxonomy":"category","embeddable":true,"href":"https:\/\/www.rhevistarh.com.br\/portal\/wp-json\/wp\/v2\/categories?post=19770"},{"taxonomy":"post_tag","embeddable":true,"href":"https:\/\/www.rhevistarh.com.br\/portal\/wp-json\/wp\/v2\/tags?post=19770"},{"taxonomy":"table_tags","embeddable":true,"href":"https:\/\/www.rhevistarh.com.br\/portal\/wp-json\/wp\/v2\/table_tags?post=19770"}],"curies":[{"name":"wp","href":"https:\/\/api.w.org\/{rel}","templated":true}]}}