{"id":19912,"date":"2019-06-03T00:00:35","date_gmt":"2019-06-03T03:00:35","guid":{"rendered":"http:\/\/www.rhevistarh.com.br\/portal\/?p=19912"},"modified":"2019-06-03T16:23:35","modified_gmt":"2019-06-03T19:23:35","slug":"terceira-geracao-de-robos-e-o-despertar-para-novas-funcoes","status":"publish","type":"post","link":"https:\/\/www.rhevistarh.com.br\/portal\/terceira-geracao-de-robos-e-o-despertar-para-novas-funcoes\/","title":{"rendered":"Terceira gera\u00e7\u00e3o de rob\u00f4s e o despertar para novas fun\u00e7\u00f5es"},"content":{"rendered":"<div style=\"text-align: justify;\">\n<figure id=\"attachment_19914\" aria-describedby=\"caption-attachment-19914\" style=\"width: 300px\" class=\"wp-caption alignright\"><img loading=\"lazy\" decoding=\"async\" class=\"size-full wp-image-19914\" src=\"http:\/\/www.rhevistarh.com.br\/portal\/wp-content\/uploads\/2019\/06\/luizalexandrecastanha.png\" alt=\"\" width=\"300\" height=\"200\" \/><figcaption id=\"caption-attachment-19914\" class=\"wp-caption-text\">Luiz Alexandre Castanha<\/figcaption><\/figure>\n<p>A vida humana se define, inclusive para efeito de estudo da Sa\u00fade e da Ci\u00eancia, em quatro momentos: inf\u00e2ncia, adolesc\u00eancia, fase adulta e velhice. Levando essa divis\u00e3o para o campo da Intelig\u00eancia Artificial, temos essas duas \u00faltimas etapas se sobrepondo quase que ininterruptamente \u2013 entre a descoberta de um novo mecanismo e outro se tornando obsoleto \u2013 e, assim, tamb\u00e9m podemos us\u00e1-la, por\u00e9m, em tr\u00eas per\u00edodos, como par\u00e2metro para explicar a evolu\u00e7\u00e3o dos rob\u00f4s.<\/p>\n<\/div>\n<div>\n<div style=\"text-align: justify;\"><\/div>\n<div style=\"text-align: justify;\">Se na primeira gera\u00e7\u00e3o, em meados dos anos 60, as m\u00e1quinas apenas reproduziam movimentos simples, assim como crian\u00e7as com limita\u00e7\u00f5es inerentes \u00e0 idade. Na segunda, os rob\u00f4s foram constru\u00eddos e programados para fazer praticamente tudo que conhecemos hoje. Nesta fase evolu\u00edmos muito, imagine que ela nos trouxe at\u00e9 aqui com v\u00e1rios sistemas complexos e muita tecnologia, desde celulares at\u00e9 naves espaciais foram criadas com essa l\u00f3gica, onde program\u00e1vamos e as m\u00e1quinas executavam.<\/div>\n<div style=\"text-align: justify;\"><\/div>\n<div style=\"text-align: justify;\">Assim como uma pessoa adulta, a terceira gera\u00e7\u00e3o \u00e9 caracterizada pela capacidade de o rob\u00f4 tomar decis\u00f5es aut\u00f4nomas. S\u00e3o m\u00e1quinas mais robustas, para as quais um operador n\u00e3o precisa dar todas as pistas. Rob\u00f4s \u201ccom faro\u201d, usando sensores, algoritmos e qualquer outro elemento de controle dispon\u00edvel para buscar, testar e emitir respostas consideradas inteligentes.<\/div>\n<div style=\"text-align: justify;\"><\/div>\n<div style=\"text-align: justify;\">Stephen Hawking dizia que a terceira gera\u00e7\u00e3o dos rob\u00f4s representava um salto t\u00e3o grande na rob\u00f3tica que era como se, agora, o \u201cg\u00eanio estivesse fora da l\u00e2mpada\u201d. O f\u00edsico defendia que a IA poderia substituir os humanos completamente, e que essa nova rela\u00e7\u00e3o poderia se estabelecer como uma ajuda ou como uma disputa.<\/div>\n<div style=\"text-align: justify;\"><\/div>\n<div style=\"text-align: justify;\">Fato \u00e9 que \u00e9 fascinante demais ver a evolu\u00e7\u00e3o para a qual estamos caminhando. Quem diria que estar\u00edamos assistindo a cirurgias rob\u00f3ticas e por telementoria, uma conquista alcan\u00e7ada recentemente, em fevereiro de 2019? N\u00e3o s\u00f3 a comunidade m\u00e9dico-cient\u00edfica, como entidades e empresas no setor de tecnologia, est\u00e3o dando passos largos no uso da IA a nosso favor.<\/div>\n<div style=\"text-align: justify;\"><\/div>\n<div style=\"text-align: justify;\">Cada vez mais, a Intelig\u00eancia Artificial aplicada \u00e0 Sa\u00fade, ali\u00e1s, indica que teremos a\u00e7\u00f5es preventivas muito mais embasadas e aprofundadas para resolver quest\u00f5es at\u00e9 agora insol\u00faveis, especialmente no campo do bem-estar humano.<\/div>\n<div style=\"text-align: justify;\"><\/div>\n<div style=\"text-align: justify;\">Parte da\u00ed a no\u00e7\u00e3o de que a nova gera\u00e7\u00e3o de tecnologia pode nos ajudar a resolver a lidar com problemas coletivos t\u00e3o complexos, como a fome no mundo ou doen\u00e7as s\u00e9rias e incur\u00e1veis, e de cada indiv\u00edduo, ao tornar capaz a fabrica\u00e7\u00e3o de wearables que me\u00e7am a press\u00e3o sangu\u00ednea, emitam mensagens e alarmes na rotina, enfim, facilitem a vida do sujeito, por exemplo.<\/div>\n<div style=\"text-align: justify;\"><\/div>\n<div style=\"text-align: justify;\">Embora se tenha a ideia de que o avan\u00e7o rob\u00f3tico \u00e9 algo assustadoramente incontrol\u00e1vel, penso que \u00e9 fundamental acompanharmos essas mudan\u00e7as de perto, para entender seus poss\u00edveis impactos dentro de um mundo globalizado, em que as decis\u00f5es tomadas por grandes empresas do setor e por governos geram transforma\u00e7\u00f5es diretas no nosso dia a dia.<\/div>\n<div style=\"text-align: justify;\"><\/div>\n<div style=\"text-align: justify;\">De qualquer forma, voc\u00ea pode estar ainda se perguntando: essa nova leva de rob\u00f4s, como Hawking acreditava, n\u00e3o pode, de fato, provocar uma desleal luta entre homens e m\u00e1quinas em alguns setores, especialmente relacionados ao papel do ser humano no trabalho?<\/div>\n<div style=\"text-align: justify;\"><\/div>\n<div style=\"text-align: justify;\">Pensar assim, considerando a capacidade de processamento dos rob\u00f4s inteligentes, \u00e9 de fato algo desanimador. Uma segunda estrat\u00e9gia se faz necess\u00e1ria: \u00e9 preciso aliar a capacidade atual das m\u00e1quinas, cada vez mais \u201cafiadas\u201d na leitura de dados, informa\u00e7\u00f5es em redes sociais, imagens, resultados de exames, com sua facilidade de cruzar toda a informa\u00e7\u00e3o e tomar esse rico material para se ter a decis\u00e3o (humana) mais acertada.<\/div>\n<div style=\"text-align: justify;\"><\/div>\n<div style=\"text-align: justify;\">Isso vale tanto para informa\u00e7\u00f5es mais ou menos triviais, como a previs\u00e3o do tempo que interferir\u00e1 nos seus planos de viagem, a formula\u00e7\u00e3o de lista de compras que manter\u00e1 a dispensa em dia ou quantidade de nutrientes que voc\u00ea precisa ingerir em uma refei\u00e7\u00e3o para ser mais saud\u00e1vel quanto para grandes decis\u00f5es de mercado e de governos. Ou seja, bater o martelo em algumas situa\u00e7\u00f5es ficar\u00e1 cada vez mais f\u00e1cil com a parceria \u201crob\u00f4-humano\u201d.<\/div>\n<div style=\"text-align: justify;\"><\/div>\n<div style=\"text-align: justify;\">Cabe ainda lembrar que, quando surge um novo panorama, surgem novas demandas. Neste sentido, se abre um mercado de profissionais de capacita\u00e7\u00e3o de rob\u00f4s que, literalmente, casam o conhecimento humano com aquilo que as m\u00e1quinas mostram de mais relevante. Institui\u00e7\u00f5es de v\u00e1rios pa\u00edses, especialistas em rob\u00f3tica j\u00e1 est\u00e3o de olho nessas novas fun\u00e7\u00f5es. Voc\u00ea j\u00e1 pensou nessa possibilidade de ser um professor de rob\u00f4s? Essa ser\u00e1 uma profiss\u00e3o muito interessante, n\u00e3o \u00e9 mesmo? Ent\u00e3o, que tal come\u00e7ar agora mesmo.<\/div>\n<div style=\"text-align: justify;\"><\/div>\n<div style=\"text-align: justify;\"><em><strong>Luiz Alexandre Castanha <\/strong><\/em>\u00e9 diretor geral da Telef\u00f4nica Educa\u00e7\u00e3o Digital \u2013 Brasil e especialista em Gest\u00e3o de Conhecimento e Tecnologias Educacionais. Mais informa\u00e7\u00f5es em\u00a0<a href=\"https:\/\/alexandrecastanha.wordpress.com\/\" target=\"_blank\" rel=\"noopener\" data-saferedirecturl=\"https:\/\/www.google.com\/url?q=https:\/\/alexandrecastanha.wordpress.com&amp;source=gmail&amp;ust=1559674724074000&amp;usg=AFQjCNH25fWQQbvVHHOYWnz-xWGEt1PArw\">https:\/\/alexandrecastanha.<wbr \/>wordpress.com<\/a><\/div>\n<\/div>\n","protected":false},"excerpt":{"rendered":"<p>A vida humana se define, inclusive para efeito de estudo da Sa\u00fade e da Ci\u00eancia, em quatro momentos: inf\u00e2ncia, adolesc\u00eancia, fase adulta e velhice. Levando essa divis\u00e3o para o campo da Intelig\u00eancia Artificial, temos essas duas \u00faltimas etapas se sobrepondo quase que ininterruptamente \u2013 entre a descoberta de um novo mecanismo e outro se tornando obsoleto \u2013 e, assim, tamb\u00e9m podemos us\u00e1-la, por\u00e9m, em tr\u00eas per\u00edodos, como par\u00e2metro para explicar a evolu\u00e7\u00e3o dos rob\u00f4s.<\/p>\n","protected":false},"author":8,"featured_media":19913,"comment_status":"open","ping_status":"open","sticky":false,"template":"","format":"standard","meta":{"footnotes":""},"categories":[1],"tags":[3030],"table_tags":[],"class_list":["post-19912","post","type-post","status-publish","format-standard","has-post-thumbnail","hentry","category-noticias","tag-destaque","entry"],"aioseo_notices":[],"_links":{"self":[{"href":"https:\/\/www.rhevistarh.com.br\/portal\/wp-json\/wp\/v2\/posts\/19912","targetHints":{"allow":["GET"]}}],"collection":[{"href":"https:\/\/www.rhevistarh.com.br\/portal\/wp-json\/wp\/v2\/posts"}],"about":[{"href":"https:\/\/www.rhevistarh.com.br\/portal\/wp-json\/wp\/v2\/types\/post"}],"author":[{"embeddable":true,"href":"https:\/\/www.rhevistarh.com.br\/portal\/wp-json\/wp\/v2\/users\/8"}],"replies":[{"embeddable":true,"href":"https:\/\/www.rhevistarh.com.br\/portal\/wp-json\/wp\/v2\/comments?post=19912"}],"version-history":[{"count":0,"href":"https:\/\/www.rhevistarh.com.br\/portal\/wp-json\/wp\/v2\/posts\/19912\/revisions"}],"wp:featuredmedia":[{"embeddable":true,"href":"https:\/\/www.rhevistarh.com.br\/portal\/wp-json\/wp\/v2\/media\/19913"}],"wp:attachment":[{"href":"https:\/\/www.rhevistarh.com.br\/portal\/wp-json\/wp\/v2\/media?parent=19912"}],"wp:term":[{"taxonomy":"category","embeddable":true,"href":"https:\/\/www.rhevistarh.com.br\/portal\/wp-json\/wp\/v2\/categories?post=19912"},{"taxonomy":"post_tag","embeddable":true,"href":"https:\/\/www.rhevistarh.com.br\/portal\/wp-json\/wp\/v2\/tags?post=19912"},{"taxonomy":"table_tags","embeddable":true,"href":"https:\/\/www.rhevistarh.com.br\/portal\/wp-json\/wp\/v2\/table_tags?post=19912"}],"curies":[{"name":"wp","href":"https:\/\/api.w.org\/{rel}","templated":true}]}}