{"id":20232,"date":"2019-10-11T16:03:36","date_gmt":"2019-10-11T19:03:36","guid":{"rendered":"http:\/\/www.rhevistarh.com.br\/portal\/?p=20232"},"modified":"2019-10-11T16:25:10","modified_gmt":"2019-10-11T19:25:10","slug":"como-conviver-com-chefes-ou-pessoas-destrutivas","status":"publish","type":"post","link":"https:\/\/www.rhevistarh.com.br\/portal\/como-conviver-com-chefes-ou-pessoas-destrutivas\/","title":{"rendered":"Como conviver com chefes ou pessoas destrutivas."},"content":{"rendered":"<figure id=\"attachment_15019\" aria-describedby=\"caption-attachment-15019\" style=\"width: 200px\" class=\"wp-caption alignright\"><img loading=\"lazy\" decoding=\"async\" class=\"size-full wp-image-15019\" src=\"http:\/\/www.rhevistarh.com.br\/portal\/wp-content\/uploads\/2016\/09\/sulamitamiranda.png\" alt=\"\" width=\"200\" height=\"200\" srcset=\"https:\/\/www.rhevistarh.com.br\/portal\/wp-content\/uploads\/2016\/09\/sulamitamiranda.png 200w, https:\/\/www.rhevistarh.com.br\/portal\/wp-content\/uploads\/2016\/09\/sulamitamiranda-150x150.png 150w, https:\/\/www.rhevistarh.com.br\/portal\/wp-content\/uploads\/2016\/09\/sulamitamiranda-100x100.png 100w, https:\/\/www.rhevistarh.com.br\/portal\/wp-content\/uploads\/2016\/09\/sulamitamiranda-42x42.png 42w\" sizes=\"auto, (max-width: 200px) 100vw, 200px\" \/><figcaption id=\"caption-attachment-15019\" class=\"wp-caption-text\">Sulamita Rocha Miranda<\/figcaption><\/figure>\n<p style=\"text-align: justify;\">Mesmo em tempos de tantas divulga\u00e7\u00f5es e conscientiza\u00e7\u00e3o, muitas pessoas, chefes, diretores, gestores cometam o ass\u00e9dio moral!<\/p>\n<p style=\"text-align: justify;\">O simples fato de sentir-se com o poder, a hierarquia, a intelig\u00eancia, o mandato, enfim, d\u00e3o-lhes a for\u00e7a para impor suas opini\u00f5es, decis\u00f5es e seus mandos. At\u00e9 a\u00ed ok! Se n\u00e3o viesse cobertas de arrog\u00e2ncia, prepot\u00eancia, agressividade e intoler\u00e2ncia \u00e0 fraqueza, desconhecimento ou a falta de compet\u00eancia do outro.<\/p>\n<p style=\"text-align: justify;\">A falta de respeito, empatia, humildade est\u00e3o sempre presentes.<\/p>\n<p style=\"text-align: justify;\">Geralmente, eles n\u00e3o t\u00eam paci\u00eancia com pessoas que considerem fracas, imaturas ou emotivas e, n\u00e3o toleram as fortes que saibam mais que eles. Minam a autoconfian\u00e7a e autoestima dos dois perfis.\u00a0 Das primeiras procuram desmoralizar e as fazem crer que n\u00e3o s\u00e3o competentes.\u00a0 As segundas destroem projetos ou ideias negando a qualidade dos mesmos. E ambas nunca ser\u00e3o suficientes para eles.<\/p>\n<p style=\"text-align: justify;\">Ser\u00e1 que est\u00e3o multiplicando suas viv\u00eancias e experi\u00eancias negativas pregressas!<\/p>\n<p style=\"text-align: justify;\">Diante deles s\u00e3o comuns as pessoas se vitimizarem e enfraquecerem, ou se fortalecerem para provar sua autossufici\u00eancia.<\/p>\n<p style=\"text-align: justify;\">E como conviver com chefes ou pessoas destrutivas!<\/p>\n<ul style=\"text-align: justify;\">\n<li>Aproprie-se de suas fortalezas e trabalhe para melhorar suas fraquezas.<\/li>\n<li>Fortale\u00e7a sua intelig\u00eancia emocional &#8211; N\u00e3o se deixe enfraquecer mentalmente, n\u00e3o deixe minar seu valor, blinde seus sentimentos. Deixe o choro, a ang\u00fastia de lado.<\/li>\n<li>N\u00e3o se considere vitima, submissa, indefesa. Estamos onde nos colocamos!<\/li>\n<li>Neutralize-o com sua postura s\u00e9ria, profissional e firme.<\/li>\n<li>Posicione-se, se expresse de forma assertiva; deixe claro que n\u00e3o permite feedbacks destrutivos, que prefere feedbacks que o direcione ao crescimento e desenvolvimento profissional.<\/li>\n<\/ul>\n<p style=\"text-align: justify;\">Ningu\u00e9m pode desrespeit\u00e1-lo, ignor\u00e1-lo, desmotiv\u00e1-lo sem a sua permiss\u00e3o! N\u00e3o aceite!<\/p>\n<p style=\"text-align: justify;\">Voc\u00ea pode ter um grande aprendizado e se tornar forte extraindo o m\u00e1ximo da sua potencialidade, basta escolher! Voc\u00ea tem duas op\u00e7\u00f5es: ser uma vitima passiva, adoecer e sucumbir ou se fortalecer e superar se tornando muito melhor.<\/p>\n<p style=\"text-align: justify;\">Veja como desafio e oportunidade.<\/p>\n<p style=\"text-align: justify;\"><strong>Sobre a Autora:<\/strong><\/p>\n<p style=\"text-align: justify;\"><strong>Sulamita Rocha Miranda<\/strong>, 25 anos de experi\u00eancia em Recursos Humanos em empresas de diversos segmentos, atuando em atra\u00e7\u00e3o, capta\u00e7\u00e3o, reten\u00e7\u00e3o e desenvolvimento de pessoas especialistas em programas de lideran\u00e7a. Graduada em Psicologia, p\u00f3s-graduada em administra\u00e7\u00e3o de RH e Gest\u00e3o Estrat\u00e9gica de Neg\u00f3cios.<\/p>\n<p style=\"text-align: justify;\"><a href=\"mailto:srmiran@terra.com.br\">srmiran@terra.com.br<\/a> \/Linkedin: <a href=\"http:\/\/br.linkedin.com\/pub\/sulamita-rocha-miranda\/38\/549\/aba\/\">br.linkedin.com\/pub\/sulamita-rocha-miranda\/<\/a><\/p>\n","protected":false},"excerpt":{"rendered":"<p>Mesmo em tempos de tantas divulga\u00e7\u00f5es e conscientiza\u00e7\u00e3o, muitas pessoas, chefes, diretores, gestores cometam o ass\u00e9dio moral!<\/p>\n","protected":false},"author":8,"featured_media":15019,"comment_status":"open","ping_status":"open","sticky":false,"template":"","format":"standard","meta":{"footnotes":""},"categories":[2740],"tags":[3030],"table_tags":[],"class_list":["post-20232","post","type-post","status-publish","format-standard","has-post-thumbnail","hentry","category-sulamita-rocha-miranda","tag-destaque","entry"],"aioseo_notices":[],"_links":{"self":[{"href":"https:\/\/www.rhevistarh.com.br\/portal\/wp-json\/wp\/v2\/posts\/20232","targetHints":{"allow":["GET"]}}],"collection":[{"href":"https:\/\/www.rhevistarh.com.br\/portal\/wp-json\/wp\/v2\/posts"}],"about":[{"href":"https:\/\/www.rhevistarh.com.br\/portal\/wp-json\/wp\/v2\/types\/post"}],"author":[{"embeddable":true,"href":"https:\/\/www.rhevistarh.com.br\/portal\/wp-json\/wp\/v2\/users\/8"}],"replies":[{"embeddable":true,"href":"https:\/\/www.rhevistarh.com.br\/portal\/wp-json\/wp\/v2\/comments?post=20232"}],"version-history":[{"count":0,"href":"https:\/\/www.rhevistarh.com.br\/portal\/wp-json\/wp\/v2\/posts\/20232\/revisions"}],"wp:featuredmedia":[{"embeddable":true,"href":"https:\/\/www.rhevistarh.com.br\/portal\/wp-json\/wp\/v2\/media\/15019"}],"wp:attachment":[{"href":"https:\/\/www.rhevistarh.com.br\/portal\/wp-json\/wp\/v2\/media?parent=20232"}],"wp:term":[{"taxonomy":"category","embeddable":true,"href":"https:\/\/www.rhevistarh.com.br\/portal\/wp-json\/wp\/v2\/categories?post=20232"},{"taxonomy":"post_tag","embeddable":true,"href":"https:\/\/www.rhevistarh.com.br\/portal\/wp-json\/wp\/v2\/tags?post=20232"},{"taxonomy":"table_tags","embeddable":true,"href":"https:\/\/www.rhevistarh.com.br\/portal\/wp-json\/wp\/v2\/table_tags?post=20232"}],"curies":[{"name":"wp","href":"https:\/\/api.w.org\/{rel}","templated":true}]}}