{"id":72167,"date":"2021-10-06T12:41:19","date_gmt":"2021-10-06T15:41:19","guid":{"rendered":"https:\/\/www.rhevistarh.com.br\/portal\/?p=72167"},"modified":"2022-01-27T19:01:45","modified_gmt":"2022-01-27T22:01:45","slug":"mds-brasil-anuncia-nova-diretora-de-recursos-humanos","status":"publish","type":"post","link":"https:\/\/www.rhevistarh.com.br\/portal\/mds-brasil-anuncia-nova-diretora-de-recursos-humanos\/","title":{"rendered":"MDS Brasil\u00a0anuncia nova\u00a0Diretora de Recursos Humanos\u00a0"},"content":{"rendered":"<p>[wds id=&#8221;5&#8243;]<\/p>\n<hr \/>\n<figure id=\"attachment_72168\" aria-describedby=\"caption-attachment-72168\" style=\"width: 300px\" class=\"wp-caption alignleft\"><img loading=\"lazy\" decoding=\"async\" class=\"wp-image-72168 size-full\" src=\"https:\/\/www.rhevistarh.com.br\/portal\/wp-content\/uploads\/2021\/10\/luciana_lopardo.png\" alt=\"\" width=\"300\" height=\"482\" srcset=\"https:\/\/www.rhevistarh.com.br\/portal\/wp-content\/uploads\/2021\/10\/luciana_lopardo.png 300w, https:\/\/www.rhevistarh.com.br\/portal\/wp-content\/uploads\/2021\/10\/luciana_lopardo-187x300.png 187w\" sizes=\"auto, (max-width: 300px) 100vw, 300px\" \/><figcaption id=\"caption-attachment-72168\" class=\"wp-caption-text\">Luciana Lopardo <br \/>Diretora de RH da MDS<\/figcaption><\/figure>\n<p align=\"center\"><i><span lang=\"PT-BR\">Luciana<\/span><\/i><i><span lang=\"PT-BR\">\u00a0<\/span><\/i><i><span lang=\"PT-BR\">Lopardo<\/span><\/i><i><span lang=\"PT-BR\">\u00a0<\/span><\/i><i><span lang=\"PT-BR\">assume cargo estrat\u00e9gico<\/span><\/i><i><span lang=\"PT-BR\">\u00a0<\/span><\/i><i><span lang=\"PT-BR\">para<\/span><\/i><i><span lang=\"PT-BR\">\u00a0<\/span><\/i><i><span lang=\"PT-BR\">o<\/span><\/i><i><span lang=\"PT-BR\">\u00a0<\/span><\/i><i><span lang=\"PT-BR\">crescimento da empresa no Brasil<\/span><\/i><\/p>\n<p style=\"text-align: justify;\"><span lang=\"PT-BR\">A<\/span><span lang=\"PT-BR\">\u00a0<\/span><a href=\"https:\/\/www.mdsgroup.com\/\" target=\"_blank\" rel=\"noopener\" data-saferedirecturl=\"https:\/\/www.google.com\/url?q=https:\/\/www.mdsgroup.com\/&amp;source=gmail&amp;ust=1633615979619000&amp;usg=AFQjCNG31kb48D4Q4D7_zVw-a5U-cRPASA\"><b><span lang=\"PT-BR\">MDS Brasil<\/span><\/b><\/a><span lang=\"PT-BR\">, uma das principais corretoras do<\/span><span lang=\"PT-BR\">\u00a0<\/span><span lang=\"PT-BR\">pa\u00eds no segmento de seguros, resseguros, gest\u00e3o de benef\u00edcios e consultoria de riscos,<\/span><span lang=\"PT-BR\">\u00a0<\/span><span lang=\"PT-BR\">anuncia<\/span><span lang=\"PT-BR\">\u00a0<\/span><span lang=\"PT-BR\">a contrata\u00e7\u00e3o de<\/span><span lang=\"PT-BR\">\u00a0<\/span><b><span lang=\"PT-BR\">Luciana<\/span><\/b><b><span lang=\"PT-BR\">\u00a0<\/span><\/b><b><span lang=\"PT-BR\">Lopardo<\/span><\/b><span lang=\"PT-BR\">\u00a0<\/span><span lang=\"PT-BR\">para<\/span><span lang=\"PT-BR\">\u00a0<\/span><span lang=\"PT-BR\">a<\/span><span lang=\"PT-BR\">\u00a0<\/span><span lang=\"PT-BR\">posi<wbr \/>\u00e7\u00e3o de<\/span><span lang=\"PT-BR\">\u00a0<\/span><span lang=\"PT-BR\">Diretora de Recursos Humanos.<\/span><span lang=\"PT-BR\">\u00a0<\/span><span lang=\"PT-BR\">A profissional chega para compor o time de profissionais da corretora, trazendo uma vis\u00e3o anal\u00edtica e apurada para identificar novos talentos e contribuir com as estrat\u00e9gias de crescimento da corretora.<\/span><\/p>\n<p style=\"text-align: justify;\"><span lang=\"PT-BR\">\u201cEstou honrada em integrar<\/span><span lang=\"PT-BR\">\u00a0<\/span><span lang=\"PT-BR\">o time de colaboradores da MDS<\/span><span lang=\"PT-BR\">\u00a0<\/span><span lang=\"PT-BR\">Brasil,<\/span><span lang=\"PT-BR\">\u00a0<\/span><span lang=\"PT-BR\">companhia<\/span><span lang=\"PT-BR\">\u00a0<\/span><span lang=\"PT-BR\">que segue despontando no mercado de seguros.<\/span><span lang=\"PT-BR\">\u00a0<\/span><span lang=\"PT-BR\">Com muito empenho e paix\u00e3o pelo meu trabalho,<\/span><span lang=\"PT-BR\">\u00a0<\/span><span lang=\"PT-BR\">tenho os desafios de desenhar<\/span><span lang=\"PT-BR\">\u00a0<\/span><span lang=\"PT-BR\">programas de treinamento &amp; desenvolvimento que<\/span><span lang=\"PT-BR\">\u00a0<\/span><span lang=\"PT-BR\">possam<\/span><span lang=\"PT-BR\">\u00a0<\/span><span lang=\"PT-BR\">englobar<\/span><span lang=\"PT-BR\">\u00a0<\/span><span lang=\"PT-BR\">todos os processos e ferramentas necess\u00e1rias para<\/span><span lang=\"PT-BR\">\u00a0<\/span><span lang=\"PT-BR\">maximizar o desempenho de todos os<\/span><span lang=\"PT-BR\">\u00a0<\/span><span lang=\"PT-BR\">colaboradores<\/span><span lang=\"PT-BR\">\u00a0<\/span><span lang=\"PT-BR\">e<\/span><span lang=\"PT-BR\">\u00a0<\/span><span lang=\"PT-BR\">da lideran\u00e7a.<\/span><span lang=\"PT-BR\">\u00a0<\/span><span lang=\"PT-BR\">Tenho o<\/span><span lang=\"PT-BR\">\u00a0<\/span><span lang=\"PT-BR\">compromisso<\/span><span lang=\"PT-BR\">\u00a0<\/span><span lang=\"PT-BR\">de<\/span><span lang=\"PT-BR\">\u00a0<\/span><span lang=\"PT-BR\">incentivar<\/span><span lang=\"PT-BR\">\u00a0<\/span><span lang=\"PT-BR\">um ambiente de trabalho produtivo, inclusivo, colaborativo<\/span><span lang=\"PT-BR\">\u00a0<\/span><span lang=\"PT-BR\">e<\/span><span lang=\"PT-BR\">\u00a0<\/span><span lang=\"PT-BR\">equilibrado<\/span><span lang=\"PT-BR\">\u00a0<\/span><span lang=\"PT-BR\">a fim de reter e atrair<\/span><span lang=\"PT-BR\">\u00a0<\/span><span lang=\"PT-BR\">talentos<\/span><span lang=\"PT-BR\">\u00a0<\/span><span lang=\"PT-BR\">que ir\u00e3o nos ajudar a atingir os objetivos de neg\u00f3cios da<\/span><span lang=\"PT-BR\">\u00a0<\/span><span lang=\"PT-BR\">empresa\u201d, afirma Luciana.<\/span><\/p>\n<p style=\"text-align: justify;\"><span lang=\"PT-BR\">Luciana conta com mais de mais de quinze anos de viv\u00eancia no ambiente corporativo, tendo passado por empresas de destaque como<\/span><span lang=\"PT-BR\">\u00a0<\/span><span lang=\"PT-BR\">Minalba<\/span><span lang=\"PT-BR\">\u00a0<\/span><span lang=\"PT-BR\">Alimentos e Bebidas, Saint-Gobain Distribui\u00e7\u00e3o Brasil, RSA e Seguros SURA Brasil \u2014 organiza\u00e7\u00e3o na qual atuou por mais de 5 anos\u00a0e chegou a<\/span><span lang=\"PT-BR\">\u00a0<\/span><span lang=\"PT-BR\">liderar toda a \u00e1rea de Recursos Humanos.<\/span><span lang=\"PT-BR\">\u00a0<\/span><span lang=\"PT-BR\">Na MDS Brasil, em conjunto com o seu time, Luciana ter\u00e1 a responsabilidade de implementar a pr\u00e1tica de \u201cBusiness<\/span><span lang=\"PT-BR\">\u00a0<\/span><span lang=\"PT-BR\">Partner\u201d,\u00a0 apoiando as diferentes \u00e1reas da empresa, al\u00e9m de dar continuidade ao trabalho desenvolvido at\u00e9 aqui nas \u00e1reas de Recrutamento &amp; Sele\u00e7\u00e3o, Treinamento &amp; Desenvolvimento, Comunica\u00e7\u00e3o Interna e Gest\u00e3o de Pessoas \u2013 que engloba o processamento da folha e a gest\u00e3o de desempenho.<\/span><\/p>\n<p style=\"text-align: justify;\"><span lang=\"PT-BR\">\u201cFico muito feliz em poder contar com a<\/span><span lang=\"PT-BR\">\u00a0<\/span><span lang=\"PT-BR\">Luciana<\/span><span lang=\"PT-BR\">\u00a0<\/span><span lang=\"PT-BR\">como<\/span><span lang=\"PT-BR\">\u00a0<\/span><span lang=\"PT-BR\">Diretora de Recursos Humanos<\/span><span lang=\"PT-BR\">\u00a0<\/span><span lang=\"PT-BR\">na<\/span><span lang=\"PT-BR\">\u00a0<\/span><span lang=\"PT-BR\">MDS<\/span><span lang=\"PT-BR\">\u00a0<\/span><span lang=\"PT-BR\">Brasil.<\/span><span lang=\"PT-BR\">\u00a0<\/span><span lang=\"PT-BR\">Tenho convic\u00e7\u00e3o que todo o seu conhecimento, aliado \u00e0 sua atitude e<\/span><span lang=\"PT-BR\">\u00a0<\/span><span lang=\"PT-BR\">capacidade de lideran\u00e7a, ser\u00e3o fundamentais para<\/span><span lang=\"PT-BR\">\u00a0<\/span><span lang=\"PT-BR\">sustentar\u00a0o crescimento futuro<\/span><span lang=\"PT-BR\">\u00a0<\/span><span lang=\"PT-BR\">da empresa, onde a \u00e1rea de Recursos Humanos tem o papel chave n\u00e3o s\u00f3 na atra\u00e7\u00e3o, desenvolvimento e reten\u00e7\u00e3o de talentos, mas<\/span><span lang=\"PT-BR\">\u00a0<\/span><span lang=\"PT-BR\">principalmente na conex\u00e3o de cada colaborador \u00e0 empresa, sobretudo nos dias atuais&#8221;, afirma Ariel Couto, CEO da MDS Brasil e Am\u00e9ricas Regional Manager da<\/span><span lang=\"PT-BR\">\u00a0<\/span><span lang=\"PT-BR\">Brokerslink.\u00a0\u00a0<\/span><span lang=\"PT-BR\">\u00a0<\/span><\/p>\n<p style=\"text-align: justify;\"><span lang=\"PT-BR\">\u00a0<b>Sobre a<\/b><\/span><b><span lang=\"PT-BR\">\u00a0<\/span><\/b><a href=\"https:\/\/www.mdsgroup.com.br\/\" target=\"_blank\" rel=\"noopener\" data-saferedirecturl=\"https:\/\/www.google.com\/url?q=https:\/\/www.mdsgroup.com.br\/&amp;source=gmail&amp;ust=1633615979619000&amp;usg=AFQjCNEkZyF80wGHAc9mikYVlt_xaE0ZnA\"><b><span lang=\"PT-BR\">MDS<\/span><\/b><\/a><span lang=\"PT-BR\">\u00a0<\/span><\/p>\n<p style=\"text-align: justify;\"><span lang=\"PT-BR\">A<\/span><b><span lang=\"PT-BR\">\u00a0<\/span><\/b><a href=\"https:\/\/www.mdsgroup.com.br\/\" target=\"_blank\" rel=\"noopener\" data-saferedirecturl=\"https:\/\/www.google.com\/url?q=https:\/\/www.mdsgroup.com.br\/&amp;source=gmail&amp;ust=1633615979619000&amp;usg=AFQjCNEkZyF80wGHAc9mikYVlt_xaE0ZnA\"><b><span lang=\"PT-BR\">MDS<\/span><\/b><\/a><b><span lang=\"PT-BR\">\u00a0<\/span><\/b><span lang=\"PT-BR\">\u00e9<\/span><span lang=\"PT-BR\">\u00a0<\/span><span lang=\"PT-BR\">um grupo multinacional de corretagem de seguro e resseguro, consultoria de riscos e gest\u00e3o<\/span><span lang=\"PT-BR\">\u00a0<\/span><span lang=\"PT-BR\">de benef\u00edcios. \u00c9 l\u00edder de mercado em Portugal, est\u00e1 entre os maiores no Brasil e presente tamb\u00e9m em Angola, Mo\u00e7ambique e Espanha. Mundialmente, a companhia opera por meio da<\/span><span lang=\"PT-BR\">\u00a0<\/span><span lang=\"PT-BR\">Brokerslink<\/span><span lang=\"PT-BR\">\u00a0<\/span><span lang=\"PT-BR\">\u2013 empresa fundada pelo grupo e que gere uma rede de brokers presente em 122 pa\u00edses, totalizando cerca de 21.000 profissionais de seguros. Em resseguro, a organiza\u00e7\u00e3o atua no Brasil, em Portugal e na \u00c1frica com a marca MDS RE. A RCG &#8211; Risk Consulting<\/span><span lang=\"PT-BR\">\u00a0<\/span><span lang=\"PT-BR\">Group<\/span><span lang=\"PT-BR\">\u00a0<\/span><span lang=\"PT-BR\">\u00e9 a empresa refer\u00eancia em an\u00e1lise de riscos, controle de perdas, plano de continuidade de neg\u00f3cios e Enterprise Risk<\/span><span lang=\"PT-BR\">\u00a0<\/span><span lang=\"PT-BR\">Management. Por meio da<\/span><span lang=\"PT-BR\">\u00a0<\/span><span lang=\"PT-BR\">HighDome, uma<\/span><span lang=\"PT-BR\">\u00a0<\/span><span lang=\"PT-BR\">Protected<\/span><span lang=\"PT-BR\">\u00a0<\/span><span lang=\"PT-BR\">Cell<\/span><span lang=\"PT-BR\">\u00a0<\/span><span lang=\"PT-BR\">Company<\/span><span lang=\"PT-BR\">\u00a0<\/span><span lang=\"PT-BR\">(<wbr \/>PCC), o grupo oferece solu\u00e7\u00f5es alternativas de transfer\u00eancia de riscos ao mercado tradicional de seguros. Por fim, enquanto as recentes aquisi\u00e7\u00f5es da<\/span><span lang=\"PT-BR\">\u00a0<\/span><span lang=\"PT-BR\">Process<\/span><span lang=\"PT-BR\">\u00a0<\/span><span lang=\"PT-BR\">e da<\/span><span lang=\"PT-BR\">\u00a0<\/span><span lang=\"PT-BR\">Tovese<\/span><span lang=\"PT-BR\">\u00a0<\/span><span lang=\"PT-BR\">refor\u00e7am a expertise da empresa no setor de P&amp;C e Garantias, aquisi\u00e7\u00e3o total da 838 Solu\u00e7\u00f5es e a compra da<\/span><span lang=\"PT-BR\">\u00a0<\/span><span lang=\"PT-BR\">Ben\u2019s<\/span><span lang=\"PT-BR\">\u00a0<\/span><span lang=\"PT-BR\">e da QH<\/span><span lang=\"PT-BR\">\u00a0<\/span><span lang=\"PT-BR\">Consult<\/span><span lang=\"PT-BR\">\u00a0<\/span><span lang=\"PT-BR\">reiteram o dom\u00ednio no segmento de Benef\u00edcios Corporativos, Gest\u00e3o Automatizada de Benef\u00edcios, Benef\u00edcios Flex\u00edveis e Educa\u00e7\u00e3o. Para mais informa\u00e7\u00f5es, acesse:<\/span><span lang=\"PT-BR\">\u00a0<\/span><a href=\"https:\/\/www.mdsgroup.com\/\" target=\"_blank\" rel=\"noopener\" data-saferedirecturl=\"https:\/\/www.google.com\/url?q=https:\/\/www.mdsgroup.com\/&amp;source=gmail&amp;ust=1633615979619000&amp;usg=AFQjCNG31kb48D4Q4D7_zVw-a5U-cRPASA\"><span lang=\"PT-BR\">https:\/\/www.mdsgroup.<wbr \/>com<\/span><\/a><span lang=\"PT-BR\">.<\/span><\/p>\n<hr \/>\n<p>&nbsp;<\/p>\n","protected":false},"excerpt":{"rendered":"<p>A\u00a0MDS Brasil, uma das principais corretoras do\u00a0pa\u00eds no segmento de seguros, resseguros, gest\u00e3o de benef\u00edcios e consultoria de riscos,\u00a0anuncia\u00a0a contrata\u00e7\u00e3o de\u00a0Luciana\u00a0Lopardo\u00a0para\u00a0a\u00a0posi\u00e7\u00e3o de\u00a0Diretora de Recursos Humanos.\u00a0<\/p>\n","protected":false},"author":8,"featured_media":72169,"comment_status":"open","ping_status":"open","sticky":false,"template":"","format":"standard","meta":{"footnotes":""},"categories":[1],"tags":[3030,428],"table_tags":[],"class_list":["post-72167","post","type-post","status-publish","format-standard","has-post-thumbnail","hentry","category-noticias","tag-destaque","tag-recursos-humanos","entry"],"aioseo_notices":[],"_links":{"self":[{"href":"https:\/\/www.rhevistarh.com.br\/portal\/wp-json\/wp\/v2\/posts\/72167","targetHints":{"allow":["GET"]}}],"collection":[{"href":"https:\/\/www.rhevistarh.com.br\/portal\/wp-json\/wp\/v2\/posts"}],"about":[{"href":"https:\/\/www.rhevistarh.com.br\/portal\/wp-json\/wp\/v2\/types\/post"}],"author":[{"embeddable":true,"href":"https:\/\/www.rhevistarh.com.br\/portal\/wp-json\/wp\/v2\/users\/8"}],"replies":[{"embeddable":true,"href":"https:\/\/www.rhevistarh.com.br\/portal\/wp-json\/wp\/v2\/comments?post=72167"}],"version-history":[{"count":0,"href":"https:\/\/www.rhevistarh.com.br\/portal\/wp-json\/wp\/v2\/posts\/72167\/revisions"}],"wp:featuredmedia":[{"embeddable":true,"href":"https:\/\/www.rhevistarh.com.br\/portal\/wp-json\/wp\/v2\/media\/72169"}],"wp:attachment":[{"href":"https:\/\/www.rhevistarh.com.br\/portal\/wp-json\/wp\/v2\/media?parent=72167"}],"wp:term":[{"taxonomy":"category","embeddable":true,"href":"https:\/\/www.rhevistarh.com.br\/portal\/wp-json\/wp\/v2\/categories?post=72167"},{"taxonomy":"post_tag","embeddable":true,"href":"https:\/\/www.rhevistarh.com.br\/portal\/wp-json\/wp\/v2\/tags?post=72167"},{"taxonomy":"table_tags","embeddable":true,"href":"https:\/\/www.rhevistarh.com.br\/portal\/wp-json\/wp\/v2\/table_tags?post=72167"}],"curies":[{"name":"wp","href":"https:\/\/api.w.org\/{rel}","templated":true}]}}