{"id":72746,"date":"2022-03-07T17:24:41","date_gmt":"2022-03-07T20:24:41","guid":{"rendered":"https:\/\/www.rhevistarh.com.br\/portal\/?p=72746"},"modified":"2022-03-07T17:24:41","modified_gmt":"2022-03-07T20:24:41","slug":"contratacao-de-mulheres-em-vagas-de-trabalho-temporario-tem-expansao-de-3929-em-2021","status":"publish","type":"post","link":"https:\/\/www.rhevistarh.com.br\/portal\/contratacao-de-mulheres-em-vagas-de-trabalho-temporario-tem-expansao-de-3929-em-2021\/","title":{"rendered":"Contrata\u00e7\u00e3o de mulheres em vagas de trabalho tempor\u00e1rio tem expans\u00e3o de 39,29% em 2021"},"content":{"rendered":"<p><a href=\"https:\/\/www.beneficios.app.br\/ifoodbeneficios\/\" target=\"_blank\" rel=\"noopener\"><img loading=\"lazy\" decoding=\"async\" class=\"aligncenter wp-image-72624 size-full\" src=\"https:\/\/www.rhevistarh.com.br\/portal\/wp-content\/uploads\/2022\/02\/banner1.png\" alt=\"\" width=\"720\" height=\"90\" srcset=\"https:\/\/www.rhevistarh.com.br\/portal\/wp-content\/uploads\/2022\/02\/banner1.png 720w, https:\/\/www.rhevistarh.com.br\/portal\/wp-content\/uploads\/2022\/02\/banner1-300x38.png 300w\" sizes=\"auto, (max-width: 720px) 100vw, 720px\" \/><\/a><\/p>\n<p style=\"text-align: left;\"><i><img loading=\"lazy\" decoding=\"async\" class=\"size-full wp-image-72766 alignleft\" src=\"https:\/\/www.rhevistarh.com.br\/portal\/wp-content\/uploads\/2022\/03\/emprego.png\" alt=\"\" width=\"450\" height=\"300\" srcset=\"https:\/\/www.rhevistarh.com.br\/portal\/wp-content\/uploads\/2022\/03\/emprego.png 450w, https:\/\/www.rhevistarh.com.br\/portal\/wp-content\/uploads\/2022\/03\/emprego-300x200.png 300w\" sizes=\"auto, (max-width: 450px) 100vw, 450px\" \/>Mulheres expandem presen\u00e7a entre os contratados nessa modalidade<\/i><\/p>\n<p style=\"text-align: justify;\">O aumento nas contrata\u00e7\u00f5es das tempor\u00e1rias foi de 39,29% em 2021 na compara\u00e7\u00e3o com o ano anterior, de acordo com a Employer, uma das maiores empresas de RH do pa\u00eds. No total, foram registradas mais de 700 mil admiss\u00f5es tempor\u00e1rias no pa\u00eds no ano de 2021, diante de mais de 500 mil no mesmo per\u00edodo em 2020.<\/p>\n<p style=\"text-align: justify;\">Essa modalidade de contrata\u00e7\u00e3o \u00e9 um caminho natural para que muitas pessoas deixem o desemprego. Segundo dados do IBGE indicam que o n\u00famero de pessoas nessa situa\u00e7\u00e3o encontra-se abaixo de 13 milh\u00f5es. As oportunidades tempor\u00e1rias s\u00e3o o caminho para muitos retornarem ao mercado de trabalho &#8212; apesar do tempo limitado, muitas vagas oferecem potencial oportunidade de efetiva\u00e7\u00e3o.<\/p>\n<p style=\"text-align: justify;\">Os homens representam o maior percentual de contrata\u00e7\u00f5es entre os tempor\u00e1rios, por\u00e9m o n\u00famero de mulheres \u00e9 cada vez mais representativo.<\/p>\n<p style=\"text-align: justify;\">Um dos fatores atrativos desse tipo de contrato para as\u00a0mulheres \u00e9 a op\u00e7\u00e3o de trabalhar um per\u00edodo do ano e poder dedicar outro com exclusividade a fam\u00edlia ou outra atividade. \u201cAs gestantes, principalmente, recebem mais inclus\u00e3o no mercado por essa modalidade, conquistando renda para providenciar itens essenciais de cuidados e tempo para cuidar do beb\u00ea\u201d, ressalta a diretora de\u00a0Servi\u00e7os da Employer, V\u00e2nia Montenegro.<\/p>\n<p style=\"text-align: justify;\">\u201cO crescimento de tempor\u00e1rios \u00e9 uma realidade em todo o pa\u00eds. Surgiu como uma alternativa para aqueles que precisam retornar rapidamente ao mercado devido \u00e0 crise do desemprego e para empresas que precisam ocupar vagas sazonais\u201d, explica Montenegro. \u201cAs vagas ainda s\u00e3o dominadas por homens, por\u00e9m estamos observando um crescimento expressivo de mulheres em busca dessas chances tamb\u00e9m\u201d, ressalta Montenegro.<\/p>\n<p style=\"text-align: justify;\"><strong>Direitos do trabalhador tempor\u00e1rio<\/strong><\/p>\n<p style=\"text-align: justify;\">Na modalidade tempor\u00e1ria, o trabalhador tem anota\u00e7\u00e3o em carteira e os direitos assegurados pela Lei 6.019\/1974. Dentre os direitos, est\u00e3o inclusos pagamento de horas extras, descanso semanal remunerado, 13\u00ba sal\u00e1rio e f\u00e9rias proporcionais ao per\u00edodo trabalhado. Ele recebe 8% dos seus proventos a t\u00edtulo de FGTS e o per\u00edodo como tempor\u00e1rio conta como contribui\u00e7\u00e3o para a aposentadoria.<\/p>\n<p style=\"text-align: justify;\">De acordo com a legisla\u00e7\u00e3o, o trabalhador tempor\u00e1rio pode ser contratado por at\u00e9 180 dias, com possibilidade de prorroga\u00e7\u00e3o por at\u00e9 mais 90 dias. A efetiva\u00e7\u00e3o pode acontecer a qualquer momento desse per\u00edodo. &#8220;Junto \u00e0 Previd\u00eancia, o trabalhador tempor\u00e1rio tamb\u00e9m tem todos os direitos garantidos, como aux\u00edlio-doen\u00e7a, desde que se respeite a car\u00eancia m\u00ednima exigida para o pagamento dos benef\u00edcios&#8221;, diz V\u00e2nia.<\/p>\n<p style=\"text-align: justify;\"><strong>Employer<\/strong><\/p>\n<p style=\"text-align: justify;\">Uma das maiores empresas de RH do pa\u00eds, a Employer que oferece servi\u00e7os e tecnologia para Recursos Humanos possui mais de 35 filiais posicionadas estrategicamente no Brasil. A empresa atende algumas das maiores companhias do Brasil e do mundo, que buscam solu\u00e7\u00f5es eficientes e de alta tecnologia para o setor, com o objetivo de simplificar a rotina do RH.<\/p>\n<hr \/>\n<p>&nbsp;<\/p>\n","protected":false},"excerpt":{"rendered":"<p>O aumento nas contrata\u00e7\u00f5es das tempor\u00e1rias foi de 39,29% em 2021 na compara\u00e7\u00e3o com o ano anterior, de acordo com a Employer, uma das maiores empresas de RH do pa\u00eds. No total, foram registradas mais de 700 mil admiss\u00f5es tempor\u00e1rias no pa\u00eds no ano de 2021, diante de mais de 500 mil no mesmo per\u00edodo em 2020.<\/p>\n","protected":false},"author":8,"featured_media":72767,"comment_status":"open","ping_status":"open","sticky":false,"template":"","format":"standard","meta":{"footnotes":""},"categories":[1],"tags":[3030,5782],"table_tags":[],"class_list":["post-72746","post","type-post","status-publish","format-standard","has-post-thumbnail","hentry","category-noticias","tag-destaque","tag-dia-das-mulheres","entry"],"aioseo_notices":[],"_links":{"self":[{"href":"https:\/\/www.rhevistarh.com.br\/portal\/wp-json\/wp\/v2\/posts\/72746","targetHints":{"allow":["GET"]}}],"collection":[{"href":"https:\/\/www.rhevistarh.com.br\/portal\/wp-json\/wp\/v2\/posts"}],"about":[{"href":"https:\/\/www.rhevistarh.com.br\/portal\/wp-json\/wp\/v2\/types\/post"}],"author":[{"embeddable":true,"href":"https:\/\/www.rhevistarh.com.br\/portal\/wp-json\/wp\/v2\/users\/8"}],"replies":[{"embeddable":true,"href":"https:\/\/www.rhevistarh.com.br\/portal\/wp-json\/wp\/v2\/comments?post=72746"}],"version-history":[{"count":0,"href":"https:\/\/www.rhevistarh.com.br\/portal\/wp-json\/wp\/v2\/posts\/72746\/revisions"}],"wp:featuredmedia":[{"embeddable":true,"href":"https:\/\/www.rhevistarh.com.br\/portal\/wp-json\/wp\/v2\/media\/72767"}],"wp:attachment":[{"href":"https:\/\/www.rhevistarh.com.br\/portal\/wp-json\/wp\/v2\/media?parent=72746"}],"wp:term":[{"taxonomy":"category","embeddable":true,"href":"https:\/\/www.rhevistarh.com.br\/portal\/wp-json\/wp\/v2\/categories?post=72746"},{"taxonomy":"post_tag","embeddable":true,"href":"https:\/\/www.rhevistarh.com.br\/portal\/wp-json\/wp\/v2\/tags?post=72746"},{"taxonomy":"table_tags","embeddable":true,"href":"https:\/\/www.rhevistarh.com.br\/portal\/wp-json\/wp\/v2\/table_tags?post=72746"}],"curies":[{"name":"wp","href":"https:\/\/api.w.org\/{rel}","templated":true}]}}