{"id":72781,"date":"2022-03-08T11:50:02","date_gmt":"2022-03-08T14:50:02","guid":{"rendered":"https:\/\/www.rhevistarh.com.br\/portal\/?p=72781"},"modified":"2022-03-08T11:52:52","modified_gmt":"2022-03-08T14:52:52","slug":"mais-de-8-mil-funcionarios-da-amazon-brasil-participam-do-dia-internacional-da-mulher-para-quebrar-preconceitos","status":"publish","type":"post","link":"https:\/\/www.rhevistarh.com.br\/portal\/mais-de-8-mil-funcionarios-da-amazon-brasil-participam-do-dia-internacional-da-mulher-para-quebrar-preconceitos\/","title":{"rendered":"Mais de 8 mil funcion\u00e1rios da Amazon Brasil participam do Dia Internacional da Mulher para quebrar preconceitos"},"content":{"rendered":"<p><a href=\"https:\/\/www.beneficios.app.br\/ifoodbeneficios\/\" target=\"_blank\" rel=\"noopener\"><img loading=\"lazy\" decoding=\"async\" class=\"aligncenter wp-image-72624 size-full\" src=\"https:\/\/www.rhevistarh.com.br\/portal\/wp-content\/uploads\/2022\/02\/banner1.png\" alt=\"\" width=\"720\" height=\"90\" srcset=\"https:\/\/www.rhevistarh.com.br\/portal\/wp-content\/uploads\/2022\/02\/banner1.png 720w, https:\/\/www.rhevistarh.com.br\/portal\/wp-content\/uploads\/2022\/02\/banner1-300x38.png 300w\" sizes=\"auto, (max-width: 720px) 100vw, 720px\" \/><\/a><\/p>\n<p style=\"text-align: right;\">\u00a0 \u00a0 \u00a0 \u00a0 \u00a0 \u00a0 \u00a0 \u00a0 \u00a0 \u00a0 \u00a0 \u00a0 \u00a0 \u00a0 \u00a0 \u00a0 \u00a0 \u00a0 \u00a0 \u00a0 \u00a0 \u00a0 \u00a0 \u00a0 \u00a0 \u00a0 \u00a0 \u00a0 &#8211; Women@Amazon, maior grupo de colaboradoras da Amazon, participa do tema #QuebrandoPreconceitos no Dia Internacional da Mulher.<\/p>\n<p style=\"text-align: right;\">\u00a0 \u00a0 \u00a0 \u00a0 \u00a0 \u00a0 \u00a0 \u00a0 \u00a0 \u00a0 \u00a0 \u00a0 \u00a0 \u00a0 \u00a0 \u00a0 \u00a0 \u00a0 \u00a0 \u00a0 \u00a0 \u00a0 \u00a0 \u00a0 \u00a0 \u00a0 \u00a0 \u00a0 \u00a0 \u00a0 \u00a0&#8211; Em 2021, a Amazon assinou os Princ\u00edpios de Empoderamento das Mulheres estabelecidos pelo Pacto Global das Na\u00e7\u00f5es Unidas e pelas ONU Mulheres.<\/p>\n<p style=\"text-align: justify;\"><strong>S\u00e3o Paulo, 8 de mar\u00e7o de 2021<\/strong>\u00a0&#8212; De acordo com pesquisa do Instituto Brasileiro de Geografia e Estat\u00edstica (<a href=\"https:\/\/agenciareleases.com\/link.php?code=bDpodHRwcyUzQSUyRiUyRnd3dy5jbm5icmFzaWwuY29tLmJyJTJGYnVzaW5lc3MlMkZtdWxoZXJlcy1nYW5oYW0tMTktbWVub3MtcXVlLWhvbWVucy1uby10b3BvLWRpZmVyZW5jYS1lLWRlLW1haXMtZGUtMzAlMkYlMjMlM0ElN0UlM0F0ZXh0JTNEUiUyNUMzJTI1QkFzc2lhLSUyQ011bGhlcmVzJTI1MjBnYW5oYW0lMjUyMDE5JTI1MjUlMjUyMG1lbm9zJTI1MjBxdWUlMjUyMGhvbWVucyUyNTIwJTI1RTIlMjU4MCUyNTkzbm8lMjUyMHRvcG8lMjUyQyUyNTIwYSUyQyUyNUMzJTI1QTklMjUyMGRlJTI1MjBtYWlzJTI1MjBkZSUyNTIwMzAlMjUyNSUyNnRleHQlM0RFc3NlJTI1MjBlZmVpdG8lMjUyQyUyNTIwcG9yJTI1QzMlMjVBOW0lMjUyQyUyNTIwbiUyNUMzJTI1QTNvJTI1MjBhcGFyZWNlJTJDY29tbyUyNTIwZW5nZW5oYXJpYSUyNTJDJTI1MjBtZWRpY2luYSUyNTIwb3UlMjUyMGFkdm9jYWNpYS46NTQxMDQyMzMyOm9kYWlyLmZhbnRvbmlAZ21haWwuY29tLmJyOjlmZjExZQ==\" target=\"_blank\" rel=\"noopener\" data-saferedirecturl=\"https:\/\/www.google.com\/url?q=https:\/\/agenciareleases.com\/link.php?code%3DbDpodHRwcyUzQSUyRiUyRnd3dy5jbm5icmFzaWwuY29tLmJyJTJGYnVzaW5lc3MlMkZtdWxoZXJlcy1nYW5oYW0tMTktbWVub3MtcXVlLWhvbWVucy1uby10b3BvLWRpZmVyZW5jYS1lLWRlLW1haXMtZGUtMzAlMkYlMjMlM0ElN0UlM0F0ZXh0JTNEUiUyNUMzJTI1QkFzc2lhLSUyQ011bGhlcmVzJTI1MjBnYW5oYW0lMjUyMDE5JTI1MjUlMjUyMG1lbm9zJTI1MjBxdWUlMjUyMGhvbWVucyUyNTIwJTI1RTIlMjU4MCUyNTkzbm8lMjUyMHRvcG8lMjUyQyUyNTIwYSUyQyUyNUMzJTI1QTklMjUyMGRlJTI1MjBtYWlzJTI1MjBkZSUyNTIwMzAlMjUyNSUyNnRleHQlM0RFc3NlJTI1MjBlZmVpdG8lMjUyQyUyNTIwcG9yJTI1QzMlMjVBOW0lMjUyQyUyNTIwbiUyNUMzJTI1QTNvJTI1MjBhcGFyZWNlJTJDY29tbyUyNTIwZW5nZW5oYXJpYSUyNTJDJTI1MjBtZWRpY2luYSUyNTIwb3UlMjUyMGFkdm9jYWNpYS46NTQxMDQyMzMyOm9kYWlyLmZhbnRvbmlAZ21haWwuY29tLmJyOjlmZjExZQ%3D%3D&amp;source=gmail&amp;ust=1646836770940000&amp;usg=AOvVaw1dcv5qneBQKl_-hpbiYMp-\">IBGE<\/a>), ainda h\u00e1 um longo caminho a percorrer para continuar promovendo iniciativas que reduzam a desigualdade de g\u00eanero nas oportunidades profissionais. As mulheres do Brasil ganham 19% menos que os homens. Nas lideran\u00e7as, essa diferen\u00e7a \u00e9 ainda maior, chegando a 30%.<\/p>\n<p style=\"text-align: justify;\">Segundo o Instituto de Pesquisa Econ\u00f4mica Aplicada (<a href=\"https:\/\/agenciareleases.com\/link.php?code=bDpodHRwcyUzQSUyRiUyRnd3dy51b2wuY29tLmJyJTJGdW5pdmVyc2ElMkZub3RpY2lhcyUyRnJlZGFjYW8lMkYyMDIxJTJGMDMlMkYxMSUyRmRlc2VtcHJlZ28tbmEtcGFuZGVtaWEuaHRtOjU0MTA0MjMzMjpvZGFpci5mYW50b25pQGdtYWlsLmNvbS5icjoxMDU0OWM=\" target=\"_blank\" rel=\"noopener\" data-saferedirecturl=\"https:\/\/www.google.com\/url?q=https:\/\/agenciareleases.com\/link.php?code%3DbDpodHRwcyUzQSUyRiUyRnd3dy51b2wuY29tLmJyJTJGdW5pdmVyc2ElMkZub3RpY2lhcyUyRnJlZGFjYW8lMkYyMDIxJTJGMDMlMkYxMSUyRmRlc2VtcHJlZ28tbmEtcGFuZGVtaWEuaHRtOjU0MTA0MjMzMjpvZGFpci5mYW50b25pQGdtYWlsLmNvbS5icjoxMDU0OWM%3D&amp;source=gmail&amp;ust=1646836770940000&amp;usg=AOvVaw3KuOPL9R2TRNmS13F3JE9m\">IPEA<\/a>), a participa\u00e7\u00e3o de mulheres no mercado de trabalho chegou a somente 45,8% no terceiro trimestre de 2020, o n\u00edvel mais baixo desde 1990. Nesse contexto, a Amazon trabalha para oferecer as mesmas oportunidades para todos os seus associados. A empresa que continua trabalhando para promover a Diversidade, Igualdade e Inclus\u00e3o e 46,5% das mulheres est\u00e3o em posi\u00e7\u00f5es de lideran\u00e7a nas Amazon Varejo. No Brasil o n\u00famero de mulheres em posi\u00e7\u00f5es de lideran\u00e7a \u00e9 de\u00a0<a href=\"https:\/\/agenciareleases.com\/link.php?code=bDpodHRwcyUzQSUyRiUyRmVwb2NhbmVnb2Npb3MuZ2xvYm8uY29tJTJGRWNvbm9taWElMkZub3RpY2lhJTJGMjAyMSUyRjAzJTJGZmF0aWEtZGUtbXVsaGVyZXMtZW0tY2FyZ29zLWRlLWxpZGVyYW5jYS1jYWktbm8tYnJhc2lsLWUtZWxhcy1haW5kYS1nYW5oYW0tNzc3LWRvLXNhbGFyaW8tZG9zLWhvbWVucy5odG1sOjU0MTA0MjMzMjpvZGFpci5mYW50b25pQGdtYWlsLmNvbS5icjpmNTU5Y2M=\" target=\"_blank\" rel=\"noopener\" data-saferedirecturl=\"https:\/\/www.google.com\/url?q=https:\/\/agenciareleases.com\/link.php?code%3DbDpodHRwcyUzQSUyRiUyRmVwb2NhbmVnb2Npb3MuZ2xvYm8uY29tJTJGRWNvbm9taWElMkZub3RpY2lhJTJGMjAyMSUyRjAzJTJGZmF0aWEtZGUtbXVsaGVyZXMtZW0tY2FyZ29zLWRlLWxpZGVyYW5jYS1jYWktbm8tYnJhc2lsLWUtZWxhcy1haW5kYS1nYW5oYW0tNzc3LWRvLXNhbGFyaW8tZG9zLWhvbWVucy5odG1sOjU0MTA0MjMzMjpvZGFpci5mYW50b25pQGdtYWlsLmNvbS5icjpmNTU5Y2M%3D&amp;source=gmail&amp;ust=1646836770940000&amp;usg=AOvVaw1-PbRhOdjtgp3YhfwqTbv-\">37,4%<\/a>, de acordo com o IBGE.<\/p>\n<figure id=\"attachment_72782\" aria-describedby=\"caption-attachment-72782\" style=\"width: 620px\" class=\"wp-caption aligncenter\"><img loading=\"lazy\" decoding=\"async\" class=\"wp-image-72782\" src=\"https:\/\/www.rhevistarh.com.br\/portal\/wp-content\/uploads\/2022\/03\/amazon1.jpg\" alt=\"\" width=\"620\" height=\"413\" srcset=\"https:\/\/www.rhevistarh.com.br\/portal\/wp-content\/uploads\/2022\/03\/amazon1.jpg 800w, https:\/\/www.rhevistarh.com.br\/portal\/wp-content\/uploads\/2022\/03\/amazon1-300x200.jpg 300w, https:\/\/www.rhevistarh.com.br\/portal\/wp-content\/uploads\/2022\/03\/amazon1-768x512.jpg 768w\" sizes=\"auto, (max-width: 620px) 100vw, 620px\" \/><figcaption id=\"caption-attachment-72782\" class=\"wp-caption-text\">Reprodu\u00e7\u00e3o: Camila Cunha\/Amazon<\/figcaption><\/figure>\n<p style=\"text-align: justify;\">No Brasil, a empresa trabalha para alcan\u00e7ar equidade na representa\u00e7\u00e3o das mulheres em seus Centros de Distribui\u00e7\u00e3o e Esta\u00e7\u00f5es de Entrega. No Centro do Cabo de Santo Agostinho, Pernambuco, por exemplo, 55% da equipe \u00e9 feminina, enquanto em Nova Santa Rita, no Rio Grande do Sul, 63% do pessoal \u00e9 composto por mulheres.<\/p>\n<p style=\"text-align: justify;\">\u201cN\u00e3o enfrentei barreiras internas porque sou mulher. Sempre me respeitaram e pude mostrar meu bom desempenho para crescer na minha carreira e ser promovida&#8221;, comenta\u00a0<strong>Ana Bueno,<\/strong>\u00a0atualmente\u00a0<strong>l\u00edder do Centro de Distribui\u00e7\u00e3o<\/strong>\u00a0de Nova Santa Rita, a primeira mulher que ocupa esse cargo no pa\u00eds.<br \/>\n<strong>Segundo<\/strong><strong>\u00a0Davinna Ayla, associada na emiss\u00e3o<\/strong>\u00a0<strong>de notas<\/strong>, uma das maiores vantagens que encontrou ao trabalhar na Amazon \u00e9 perceber que a empresa \u00e9 ativamente inclusiva e mostra que se preocupa com a for\u00e7a da diversidade interna. &#8220;\u00c9 incr\u00edvel trabalhar em um ambiente que trabalha por igualdade e respeito o tempo todo. O fato\u00a0de eu ser uma mulher trans n\u00e3o afetou em nenhum momento minha promo\u00e7\u00e3o e capacidade de poder mostrar meu potencial, por exemplo\u201d, ressalta.<\/p>\n<p style=\"text-align: justify;\">Esse sentimento entre os colaboradores \u00e9 poss\u00edvel porque a Amazon oferece seus programas de capacita\u00e7\u00e3o de talentos femininos, redes de apoio e treinamentos para acelerar seu desenvolvimento dentro da empresa, como, por exemplo:<\/p>\n<ul style=\"text-align: justify;\">\n<li><strong>Women@Amazon<\/strong>, maior rede de funcion\u00e1rias do mundo, \u00e9 um grupo que oferece apoio profissional, al\u00e9m de uma comunidade para desenvolver, reter e promover mais mulheres na empresa, com a\u00e7\u00f5es como o<strong>\u00a0&#8220;Talks with Women from A to Z&#8221;,<\/strong>\u00a0em que mulheres gestoras e l\u00edderes, al\u00e9m de especialistas convidados, compartilham conhecimento, melhores pr\u00e1ticas e conselhos para acelerar o desenvolvimento dos participantes.<\/li>\n<li><i><strong>Ascend: Women in Leadership<\/strong><\/i>, uma iniciativa internacional de seis meses para impulsionar a lideran\u00e7a feminina, por meio de mentorias e recursos de aprendizagem em grupo.<\/li>\n<\/ul>\n<p style=\"text-align: justify;\">Al\u00e9m das oportunidades de emprego e do crescimento interno que gera, a Amazon contribui para as comunidades locais e outras entidades que promovem a igualdade de g\u00eanero nos neg\u00f3cios e na sociedade. Em 2021, a empresa concedeu R\uff04 5 milh\u00f5es ao Fundo de Resili\u00eancia para Mulheres na Cadeia global de Valor, que investe na sa\u00fade, bem-estar e resili\u00eancia econ\u00f4mica de longo prazo das mulheres em todo o mundo, que est\u00e3o fundamentadas no mercado de trabalho.<\/p>\n<p style=\"text-align: justify;\">Neste 2022, a Amazon em todo o mundo e no Brasil se une ao Dia Internacional da Mulher<strong>\u00a0#BreakingTheBias<\/strong>\u00a0ou\u00a0<strong>#QuebrandoPreconceitos<\/strong>, que incentiva todos a desenvolver uma maior compreens\u00e3o sobre o vi\u00e9s de g\u00eanero, estar mais conscientes de sua exist\u00eancia e saber como quebr\u00e1-la, pois, s\u00f3 assim podemos pensar em um mundo e na\u00e7\u00e3o mais igualit\u00e1rios.<\/p>\n<p><img loading=\"lazy\" decoding=\"async\" class=\"aligncenter size-full wp-image-72783\" src=\"https:\/\/www.rhevistarh.com.br\/portal\/wp-content\/uploads\/2022\/03\/amazon2.jpg\" alt=\"\" width=\"620\" height=\"1266\" srcset=\"https:\/\/www.rhevistarh.com.br\/portal\/wp-content\/uploads\/2022\/03\/amazon2.jpg 620w, https:\/\/www.rhevistarh.com.br\/portal\/wp-content\/uploads\/2022\/03\/amazon2-147x300.jpg 147w, https:\/\/www.rhevistarh.com.br\/portal\/wp-content\/uploads\/2022\/03\/amazon2-501x1024.jpg 501w\" sizes=\"auto, (max-width: 620px) 100vw, 620px\" \/><\/p>\n<p style=\"text-align: justify;\"><i>Para obter mais informa\u00e7\u00f5es sobre as opera\u00e7\u00f5es da Amazon no Brasil, entre em contato com Thomas Kampel\u00a0<a href=\"mailto:kampelt@amazon.com\" target=\"_blank\" rel=\"noopener\">kampelt@amazon.com<\/a>\u00a0ou e-mail\u00a0<a href=\"mailto:imprensa@amazon.com\" target=\"_blank\" rel=\"noopener\">imprensa@amazon.com<\/a>.<\/i><\/p>\n<p style=\"text-align: justify;\"><i><strong>Sobre a Amazon<\/strong><\/i><\/p>\n<p style=\"text-align: justify;\"><i>A Amazon \u00e9 guiada por quatro princ\u00edpios: obsess\u00e3o do cliente em vez de foco na concorr\u00eancia, paix\u00e3o pela inven\u00e7\u00e3o, compromisso com a excel\u00eancia operacional e vis\u00e3o de longo prazo. A Amazon se esfor\u00e7a para ser a empresa mais centrada no cliente do mundo, o melhor empregador do mundo e o lugar mais seguro para trabalhar no mundo. Avalia\u00e7\u00f5es de consumidores, compra de 1 clique, recomenda\u00e7\u00f5es personalizadas, Prime, Fulfillment by Amazon, Amazon Web Services (AWS), Kindle Direct Publishing, Kindle, Career Choice, Fire tablets, Fire TV, Amazon Echo, Alexa, tecnologia Just Walk Out, Amazon Studios e The Pledge Climate s\u00e3o algumas das a\u00e7\u00f5es pioneiras da Amazon. Para mais informa\u00e7\u00f5es, amazon\ufe52com\ufe52br\/imprensa ou entre em contato conosco\u00a0<\/i><i>em\u00a0<a href=\"mailto:imprensa@amazon.com\" target=\"_blank\" rel=\"noopener\">imprensa@amazon.com<\/a><\/i><i>.<\/i><\/p>\n","protected":false},"excerpt":{"rendered":"<p>De acordo com pesquisa do Instituto Brasileiro de Geografia e Estat\u00edstica (IBGE), ainda h\u00e1 um longo caminho a percorrer para continuar promovendo iniciativas que reduzam a desigualdade de g\u00eanero nas oportunidades profissionais. As mulheres do Brasil ganham 19% menos que os homens. Nas lideran\u00e7as, essa diferen\u00e7a \u00e9 ainda maior, chegando a 30%.<\/p>\n","protected":false},"author":8,"featured_media":72784,"comment_status":"open","ping_status":"open","sticky":false,"template":"","format":"standard","meta":{"footnotes":""},"categories":[1],"tags":[3030,5782],"table_tags":[],"class_list":["post-72781","post","type-post","status-publish","format-standard","has-post-thumbnail","hentry","category-noticias","tag-destaque","tag-dia-das-mulheres","entry"],"aioseo_notices":[],"_links":{"self":[{"href":"https:\/\/www.rhevistarh.com.br\/portal\/wp-json\/wp\/v2\/posts\/72781","targetHints":{"allow":["GET"]}}],"collection":[{"href":"https:\/\/www.rhevistarh.com.br\/portal\/wp-json\/wp\/v2\/posts"}],"about":[{"href":"https:\/\/www.rhevistarh.com.br\/portal\/wp-json\/wp\/v2\/types\/post"}],"author":[{"embeddable":true,"href":"https:\/\/www.rhevistarh.com.br\/portal\/wp-json\/wp\/v2\/users\/8"}],"replies":[{"embeddable":true,"href":"https:\/\/www.rhevistarh.com.br\/portal\/wp-json\/wp\/v2\/comments?post=72781"}],"version-history":[{"count":0,"href":"https:\/\/www.rhevistarh.com.br\/portal\/wp-json\/wp\/v2\/posts\/72781\/revisions"}],"wp:featuredmedia":[{"embeddable":true,"href":"https:\/\/www.rhevistarh.com.br\/portal\/wp-json\/wp\/v2\/media\/72784"}],"wp:attachment":[{"href":"https:\/\/www.rhevistarh.com.br\/portal\/wp-json\/wp\/v2\/media?parent=72781"}],"wp:term":[{"taxonomy":"category","embeddable":true,"href":"https:\/\/www.rhevistarh.com.br\/portal\/wp-json\/wp\/v2\/categories?post=72781"},{"taxonomy":"post_tag","embeddable":true,"href":"https:\/\/www.rhevistarh.com.br\/portal\/wp-json\/wp\/v2\/tags?post=72781"},{"taxonomy":"table_tags","embeddable":true,"href":"https:\/\/www.rhevistarh.com.br\/portal\/wp-json\/wp\/v2\/table_tags?post=72781"}],"curies":[{"name":"wp","href":"https:\/\/api.w.org\/{rel}","templated":true}]}}