{"id":72799,"date":"2022-03-08T15:31:26","date_gmt":"2022-03-08T18:31:26","guid":{"rendered":"https:\/\/www.rhevistarh.com.br\/portal\/?p=72799"},"modified":"2022-03-08T15:32:10","modified_gmt":"2022-03-08T18:32:10","slug":"mulheres-fortes-se-apoiam-e-tema-de-campanha-da-apsen-farmaceutica","status":"publish","type":"post","link":"https:\/\/www.rhevistarh.com.br\/portal\/mulheres-fortes-se-apoiam-e-tema-de-campanha-da-apsen-farmaceutica\/","title":{"rendered":"\u201cMulheres Fortes Se Apoiam\u201d \u00e9 tema de campanha da Apsen Farmac\u00eautica"},"content":{"rendered":"<p><a href=\"https:\/\/www.beneficios.app.br\/ifoodbeneficios\/\" target=\"_blank\" rel=\"noopener\"><img loading=\"lazy\" decoding=\"async\" class=\"aligncenter wp-image-72624 size-full\" src=\"https:\/\/www.rhevistarh.com.br\/portal\/wp-content\/uploads\/2022\/02\/banner1.png\" alt=\"\" width=\"720\" height=\"90\" srcset=\"https:\/\/www.rhevistarh.com.br\/portal\/wp-content\/uploads\/2022\/02\/banner1.png 720w, https:\/\/www.rhevistarh.com.br\/portal\/wp-content\/uploads\/2022\/02\/banner1-300x38.png 300w\" sizes=\"auto, (max-width: 720px) 100vw, 720px\" \/><\/a><\/p>\n<p style=\"text-align: right;\"><i>\u00a0 \u00a0 \u00a0 \u00a0 \u00a0 \u00a0 \u00a0 \u00a0 \u00a0 &#8211; Para comemora\u00e7\u00e3o do Dia Internacional da Mulher, atividades ao longo do m\u00eas de mar\u00e7o ir\u00e3o conscientizar e provocar reflex\u00e3o sobre as principais lutas femininas<\/i><\/p>\n<p style=\"text-align: right;\"><i>\u00a0 \u00a0 \u00a0 \u00a0 \u00a0 \u00a0 \u00a0 \u00a0 \u00a0 &#8211; Inspira\u00e7\u00e3o das a\u00e7\u00f5es vem do exemplo de Dona Irene Spallicci, fundadora da Apsen, que sempre teve como sua maior preocupa\u00e7\u00e3o o cuidado com as pessoas<\/i><\/p>\n<p style=\"text-align: right;\"><i>\u00a0 \u00a0 \u00a0 \u00a0 \u00a0 \u00a0 \u00a0 \u00a0 \u00a0 &#8211; Atualmente, 41% dos cargos da lideran\u00e7a da empresa s\u00e3o ocupados por mulheres, uma evolu\u00e7\u00e3o de 11 pontos percentuais nos \u00faltimos dois anos<\/i><\/p>\n<p style=\"text-align: justify;\"><strong>S\u00e3o Paulo, 8 de mar\u00e7o de 2022 &#8212;<\/strong>\u00a0As mulheres sempre tiveram papel fundamental na trajet\u00f3ria de sucesso da Apsen Farmac\u00eautica e, durante o m\u00eas de mar\u00e7o, ganham protagonismo ainda maior em diversas atividades que far\u00e3o parte das comemora\u00e7\u00f5es do Dia Internacional da Mulher, celebrado hoje. Foi lan\u00e7ada uma campanha que ir\u00e1 guiar todas as a\u00e7\u00f5es desenvolvidas no per\u00edodo, cujo tema \u00e9: \u201cMulheres Fortes Se Apoiam &#8212; Por tr\u00e1s de uma grande mulher h\u00e1 sempre outras grandes mulheres\u201d.<\/p>\n<p style=\"text-align: justify;\">Est\u00e3o programadas lives e rodas de conversa online que ir\u00e3o discutir os desafios femininos no ambiente corporativo, abordar a quest\u00e3o da viol\u00eancia contra a mulher no ambiente dom\u00e9stico, al\u00e9m de trazer o tema paternidade e parentalidade saud\u00e1vel para ser debatido com os homens. Tamb\u00e9m ser\u00e1 realizado um workshop para as mulheres da for\u00e7a de vendas para conectar experi\u00eancias, um concurso interno para incentivar neg\u00f3cios pr\u00f3prios e empreendimentos de algumas das colaboradas da empresa, al\u00e9m de aulas online de defesa pessoal focadas em t\u00e9cnicas e golpes para escapar de situa\u00e7\u00f5es de vulnerabilidade.<\/p>\n<p style=\"text-align: center;\"><a href=\"https:\/\/agenciareleases.com\/link.php?code=bDpfLTE0LV8xMzEwMSUyRjM5ODQwJTJGMGZhJTJGMGZhNTg2NWIwMWJmODZkZDM0NWQ1OTFkZWM1YTc1OTIuanBlZzoxNjkzMzQ3NzE0Om9kYWlyLmZhbnRvbmlAZ21haWwuY29tLmJyOjZmMTAxZQ==\" target=\"_blank\" rel=\"noopener\" data-saferedirecturl=\"https:\/\/www.google.com\/url?q=https:\/\/agenciareleases.com\/link.php?code%3DbDpfLTE0LV8xMzEwMSUyRjM5ODQwJTJGMGZhJTJGMGZhNTg2NWIwMWJmODZkZDM0NWQ1OTFkZWM1YTc1OTIuanBlZzoxNjkzMzQ3NzE0Om9kYWlyLmZhbnRvbmlAZ21haWwuY29tLmJyOjZmMTAxZQ%3D%3D&amp;source=gmail&amp;ust=1646847838163000&amp;usg=AOvVaw18ZAKHJkzOurStTOhXJpj7\">Clique Para Download<\/a><\/p>\n<p><a href=\"https:\/\/agenciareleases.com\/link.php?code=bDpfLTE0LV8xMzEwMSUyRjM5ODQwJTJGMGZhJTJGMGZhNTg2NWIwMWJmODZkZDM0NWQ1OTFkZWM1YTc1OTIuanBlZzoxNjkzMzQ3NzE0Om9kYWlyLmZhbnRvbmlAZ21haWwuY29tLmJyOjZmMTAxZQ==\" target=\"_blank\" rel=\"noopener\"><img loading=\"lazy\" decoding=\"async\" class=\"aligncenter wp-image-72800 size-full\" src=\"https:\/\/www.rhevistarh.com.br\/portal\/wp-content\/uploads\/2022\/03\/apsen.png\" alt=\"\" width=\"620\" height=\"349\" srcset=\"https:\/\/www.rhevistarh.com.br\/portal\/wp-content\/uploads\/2022\/03\/apsen.png 620w, https:\/\/www.rhevistarh.com.br\/portal\/wp-content\/uploads\/2022\/03\/apsen-300x169.png 300w\" sizes=\"auto, (max-width: 620px) 100vw, 620px\" \/><\/a><\/p>\n<p style=\"text-align: justify;\">Al\u00e9m de atividades voltadas para o p\u00fablico interno, a Apsen realizar\u00e1 uma a\u00e7\u00e3o social, em parceria com a Coop, maior cooperativa de consumo da Am\u00e9rica Latina e que promove in\u00fameros trabalhos e projetos sociais. Ser\u00e1 oferecido atendimento ginecol\u00f3gico gratuito em cinco localidades de S\u00e3o Paulo. \u201cQueremos celebrar o Dia Internacional da Mulher e vamos utilizar todo o m\u00eas de mar\u00e7o para conscientizar e provocar reflex\u00e3o sobre as principais lutas femininas, trazendo para debates, atividades sociais e treinamentos para todas as nossas colaboradoras e aos colaboradores homens, pois tudo o que afeta as mulheres impacta toda a sociedade e temos que estar juntos nessas discuss\u00f5es\u201d, afirma Renata Spallicci, Vice-Presidente Executiva da Apsen Farmac\u00eautica.<\/p>\n<p style=\"text-align: justify;\"><strong>Dona Irene<\/strong><\/p>\n<p style=\"text-align: justify;\">A inspira\u00e7\u00e3o para as a\u00e7\u00f5es do M\u00eas da Mulher vem do comecinho da hist\u00f3ria da Apsen, do exemplo da sua fundadora, Dona Irene Spallicci. Em 3 de junho de 1969, ela e seu marido, Doutor Mario Spallicci, criaram um pequeno laborat\u00f3rio no bairro de Santo Amaro, em S\u00e3o Paulo. Passados 52 anos, a mesma convic\u00e7\u00e3o que levou os fundadores a criarem a Apsen permanece forte entre todos os colaboradores e se consolidou como o prop\u00f3sito da empresa, que \u00e9 cuidar das pessoas.<\/p>\n<p style=\"text-align: justify;\">Dona Irene simboliza esse pilar que permeia todos os neg\u00f3cios da farmac\u00eautica. O cuidado com o ser humano impulsiona o desenvolvimento dos melhores medicamentos para os pacientes, prioriza o cuidado com seus colaboradores e suas fam\u00edlias e direciona todas as atividades para que a empresa atue para transformar o mundo em um lugar melhor. O exemplo da Dona Irene tamb\u00e9m determina a postura \u00e9tica e justa da Apsen, conhecida pela qualidade dos seus medicamentos e pela confian\u00e7a dos consumidores e profissionais da sa\u00fade.<\/p>\n<p>\u201cA preocupa\u00e7\u00e3o com as pessoas era tamanha que Dona Irene tinha o cuidado de saber todos os pre\u00e7os da cesta b\u00e1sica para garantir que os sal\u00e1rios pudessem trazer conforto para os nossos colaboradores. Independentemente de qualquer dificuldade enfrentada pela empresa, os sal\u00e1rios jamais sofreram atrasos. Isso sempre foi um valor absoluto para ela, como sempre foi para o meu pai, como ainda \u00e9 para n\u00f3s, hoje\u201d, relata Renata Spallicci, neta de Dona Irene. Ela tamb\u00e9m distribu\u00eda ovos de P\u00e1scoa para os colaboradores, uma a\u00e7\u00e3o que virou tradi\u00e7\u00e3o na empresa. A preocupa\u00e7\u00e3o da fundadora com as pessoas ultrapassava os muros da f\u00e1brica, um exemplo disso \u00e9 que ela sempre comprava leite e comida para distribuir entre os moradores de rua da regi\u00e3o de Santo Amaro<\/p>\n<p style=\"text-align: justify;\">As atitudes de Dona Irene inspiraram as diversas gera\u00e7\u00f5es da grande Na\u00e7\u00e3o Azul da Apsen e s\u00e3o o ponto de partida para as a\u00e7\u00f5es que ir\u00e3o refor\u00e7ar a import\u00e2ncia da presen\u00e7a feminina nos neg\u00f3cios da empresa. Atualmente, 41% dos cargos de lideran\u00e7a s\u00e3o ocupados por mulheres, uma evolu\u00e7\u00e3o de 11 pontos percentuais nos \u00faltimos dois anos. Destacam-se no C-Level Daniely Ferreira e Andr\u00e9ia Yoshida, rec\u00e9m promovidas para Diretoras Financeira e de Suprimentos, respectivamente. Al\u00e9m de serem profissionais excepcionais, entre as mais qualificadas e com maior conhecimento do setor farmac\u00eautico, ambas s\u00e3o \u201cprata da casa\u201d, com carreiras constru\u00eddas dentro da Apsen. Esses talentos femininos, que s\u00e3o protagonistas em todas as \u00e1reas da empresa, s\u00e3o pe\u00e7as fundamentais para o sucesso do plano estrat\u00e9gico quinquenal que tem como objetivo duplicar o faturamento da Apsen at\u00e9 2025.<\/p>\n<p style=\"text-align: justify;\">\u201cAs reflex\u00f5es e aprendizados gerados durante o m\u00eas de mar\u00e7o ser\u00e3o analisados e absorvidos por todas as equipes estrat\u00e9gicas e, com certeza, ir\u00e3o contribuir para uma maior evolu\u00e7\u00e3o dos neg\u00f3cios da Apsen, que sempre valorizou os talentos da Na\u00e7\u00e3o Azul e que incorpora diversidade, inclus\u00e3o e preocupa\u00e7\u00e3o social desde sua funda\u00e7\u00e3o. A ideia \u00e9 que as sementes plantadas em mar\u00e7o gerem frutos por tempo indeterminado, assim como fez Dona Irene h\u00e1 mais de 50 anos e cujo exemplo ainda inspira os nossos neg\u00f3cios\u201d, afirma Renata Spallicci.<\/p>\n<p style=\"text-align: justify;\"><strong>Sobre a APSEN Farmac\u00eautica:<\/strong><\/p>\n<p style=\"text-align: justify;\">Com sede em Santo Amaro, S\u00e3o Paulo &#8211; SP, a APSEN \u00e9 uma ind\u00fastria farmac\u00eautica brasileira que investe em pesquisa e inova\u00e7\u00e3o para comercializar 54 produtos, sendo 14 exclusivos. Fundada h\u00e1 mais de 52 anos por um casal de imigrantes italianos, hoje a empresa emprega 1.800 colaboradores divididos nas \u00e1reas de Vendas, Administrativo, Industrial, T\u00e9cnica e Assuntos Corporativos. Voltada para produtos de marca, a APSEN est\u00e1 presente nas principais \u00e1reas terap\u00eauticas: Neurologia, Psiquiatria, Otorrinolaringologia, Urologia, Ginecologia, Reumatologia, Ortopedia, Gastroenterologia, Geriatria, Endocrinologia, Angiologia e est\u00e1 crescendo a cada dia na \u00e1rea de MIPs (Medicamentos Isentos de Prescri\u00e7\u00e3o) e Alimentos Funcionais.<\/p>\n<p style=\"text-align: justify;\">Mais informa\u00e7\u00f5es no\u00a0<a href=\"https:\/\/agenciareleases.com\/link.php?code=bDpodHRwcyUzQSUyRiUyRnd3dy5hcHNlbi5jb20uYnIlMkY6MTY5MzM0NzcxNDpvZGFpci5mYW50b25pQGdtYWlsLmNvbS5icjo1YWM2OGY=\" target=\"_blank\" rel=\"noopener\" data-saferedirecturl=\"https:\/\/www.google.com\/url?q=https:\/\/agenciareleases.com\/link.php?code%3DbDpodHRwcyUzQSUyRiUyRnd3dy5hcHNlbi5jb20uYnIlMkY6MTY5MzM0NzcxNDpvZGFpci5mYW50b25pQGdtYWlsLmNvbS5icjo1YWM2OGY%3D&amp;source=gmail&amp;ust=1646847838164000&amp;usg=AOvVaw3dRCgDhKw7O-U_5oAibVWw\">site da Apsen<\/a>.<\/p>\n<p style=\"text-align: justify;\">Centro de atendimento ao Consumidor (CAC): 0800-165678<\/p>\n<hr \/>\n<p>&nbsp;<\/p>\n","protected":false},"excerpt":{"rendered":"<p>As mulheres sempre tiveram papel fundamental na trajet\u00f3ria de sucesso da Apsen Farmac\u00eautica e, durante o m\u00eas de mar\u00e7o, ganham protagonismo ainda maior em diversas atividades que far\u00e3o parte das comemora\u00e7\u00f5es do Dia Internacional da Mulher, celebrado hoje. Foi lan\u00e7ada uma campanha que ir\u00e1 guiar todas as a\u00e7\u00f5es desenvolvidas no per\u00edodo, cujo tema \u00e9: \u201cMulheres Fortes Se Apoiam &#8212; Por tr\u00e1s de uma grande mulher h\u00e1 sempre outras grandes mulheres\u201d.<\/p>\n","protected":false},"author":8,"featured_media":72800,"comment_status":"open","ping_status":"open","sticky":false,"template":"","format":"standard","meta":{"footnotes":""},"categories":[1],"tags":[3030,5782],"table_tags":[],"class_list":["post-72799","post","type-post","status-publish","format-standard","has-post-thumbnail","hentry","category-noticias","tag-destaque","tag-dia-das-mulheres","entry"],"aioseo_notices":[],"_links":{"self":[{"href":"https:\/\/www.rhevistarh.com.br\/portal\/wp-json\/wp\/v2\/posts\/72799","targetHints":{"allow":["GET"]}}],"collection":[{"href":"https:\/\/www.rhevistarh.com.br\/portal\/wp-json\/wp\/v2\/posts"}],"about":[{"href":"https:\/\/www.rhevistarh.com.br\/portal\/wp-json\/wp\/v2\/types\/post"}],"author":[{"embeddable":true,"href":"https:\/\/www.rhevistarh.com.br\/portal\/wp-json\/wp\/v2\/users\/8"}],"replies":[{"embeddable":true,"href":"https:\/\/www.rhevistarh.com.br\/portal\/wp-json\/wp\/v2\/comments?post=72799"}],"version-history":[{"count":0,"href":"https:\/\/www.rhevistarh.com.br\/portal\/wp-json\/wp\/v2\/posts\/72799\/revisions"}],"wp:featuredmedia":[{"embeddable":true,"href":"https:\/\/www.rhevistarh.com.br\/portal\/wp-json\/wp\/v2\/media\/72800"}],"wp:attachment":[{"href":"https:\/\/www.rhevistarh.com.br\/portal\/wp-json\/wp\/v2\/media?parent=72799"}],"wp:term":[{"taxonomy":"category","embeddable":true,"href":"https:\/\/www.rhevistarh.com.br\/portal\/wp-json\/wp\/v2\/categories?post=72799"},{"taxonomy":"post_tag","embeddable":true,"href":"https:\/\/www.rhevistarh.com.br\/portal\/wp-json\/wp\/v2\/tags?post=72799"},{"taxonomy":"table_tags","embeddable":true,"href":"https:\/\/www.rhevistarh.com.br\/portal\/wp-json\/wp\/v2\/table_tags?post=72799"}],"curies":[{"name":"wp","href":"https:\/\/api.w.org\/{rel}","templated":true}]}}