{"id":73038,"date":"2022-04-07T15:15:43","date_gmt":"2022-04-07T18:15:43","guid":{"rendered":"https:\/\/www.rhevistarh.com.br\/portal\/?p=73038"},"modified":"2022-04-07T15:51:54","modified_gmt":"2022-04-07T18:51:54","slug":"carmela-borst-assume-como-ceo-da-soulcode-academy-edtech-focada-em-inclusao-digital-impacto-social-e-diversidade","status":"publish","type":"post","link":"https:\/\/www.rhevistarh.com.br\/portal\/carmela-borst-assume-como-ceo-da-soulcode-academy-edtech-focada-em-inclusao-digital-impacto-social-e-diversidade\/","title":{"rendered":"Carmela Borst assume como CEO da SoulCode Academy, edtech focada em inclus\u00e3o digital, impacto social e diversidade"},"content":{"rendered":"<figure id=\"attachment_73039\" aria-describedby=\"caption-attachment-73039\" style=\"width: 300px\" class=\"wp-caption alignleft\"><img loading=\"lazy\" decoding=\"async\" class=\"wp-image-73039 size-full\" src=\"https:\/\/www.rhevistarh.com.br\/portal\/wp-content\/uploads\/2022\/04\/carmaelaborst.jpg\" alt=\"Carmela Borst\" width=\"300\" height=\"445\" srcset=\"https:\/\/www.rhevistarh.com.br\/portal\/wp-content\/uploads\/2022\/04\/carmaelaborst.jpg 300w, https:\/\/www.rhevistarh.com.br\/portal\/wp-content\/uploads\/2022\/04\/carmaelaborst-202x300.jpg 202w\" sizes=\"auto, (max-width: 300px) 100vw, 300px\" \/><figcaption id=\"caption-attachment-73039\" class=\"wp-caption-text\">Carmela Borst <br \/>CEO da SoulCode Academy<\/figcaption><\/figure>\n<p style=\"font-weight: 400; text-align: justify;\">A executiva passa a se dedicar integralmente ao projeto do qual \u00e9 a idealizadora e cofundadora,\u00a0e chega para somar ao lado do Cofundador e diretor geral,\u00a0Fabr\u00edcio Cardoso, que iniciou e segue liderando a opera\u00e7\u00e3o e expans\u00e3o da Edtech.<\/p>\n<p style=\"font-weight: 400; text-align: justify;\">\u201cA dedica\u00e7\u00e3o exclusiva da Carmela \u00e0 SoulCode surge em um momento em que nossa startup cresce aceleradamente e estamos \u00a0com op\u00e7\u00f5es de investidores e parcerias \u00a0estrat\u00e9gicas, que veem na trajet\u00f3ria dela o DNA da inclus\u00e3o e da diversidade, um orgulho ter uma mulher como nossa fundadora e agora CEO, sua chegada e dedica\u00e7\u00e3o \u00e9 essencial para consolidar nossa imagem e acelerar nosso crescimento, gerando renda e empregabilidade para \u00a0nossos alunos, e apoiar o nosso modelo de educa\u00e7\u00e3o\u00a0no B2B e agora B2C, o futuro da nossa edtech\u201d comenta Fabr\u00edcio Cardoso, diretor geral.<\/p>\n<p style=\"font-weight: 400; text-align: justify;\">\u00a0\u201cEm um pa\u00eds com desigualdade de oportunidades, com mais de 12 milh\u00f5es de desempregados, oferecer capacita\u00e7\u00e3o 100% gratuita e a fazer a ponte para empregabilidade dentro de empresas \u2013 que precisam desta m\u00e3o de obra \u2013 era tudo que eu sonhava. Foi da\u00ed que nasceu a SoulCode\u201d, comenta a executiva<\/p>\n<p style=\"font-weight: 400; text-align: justify;\">Carmela Borst, que j\u00e1 foi vice presidente da Oracle, acaba de deixar o cargo de VP de marketing e Comunica\u00e7\u00e3o para a Am\u00e9rica Latina da multinacional AON para se dedicar\u00a0\u00e0 SoulCode.\u00a0Sua trajet\u00f3ria \u00e9 pautada ao conceito de\u00a0Tech for Good, tecnologia para o bem, ativista social, suas causas s\u00e3o a educa\u00e7\u00e3o, diversidade e combate \u00e0 pobreza,\u00a0h\u00e1\u00a0anos rodava o mundo em regi\u00f5es como Vale do Sil\u00edcio, Fran\u00e7a, Inglaterra, Portugal e Singapura entre v\u00e1rios outros estudando formatos inovadores de educa\u00e7\u00e3o tecnol\u00f3gica, para atender o d\u00e9ficit de profissionais da \u00e1rea, que ultrapassa 700 mil vagas no Brasil.<\/p>\n<p style=\"font-weight: 400; text-align: justify;\">\u201cFabr\u00edcio e Juana nos trouxeram at\u00e9 aqui com sucesso, me junto a eles e ao Silvio Genesini nosso Cofundador e conselheiro, pois esse \u00e9 o momento de escalonar, capacitar milhares de pessoas, trazer mais parceiros, investidores e seguirmos com nosso prop\u00f3sito de Transformar vidas atrav\u00e9s da Educa\u00e7\u00e3o e empregabilidade. Vamos juntos!\u201d finaliza Carmela.<\/p>\n<p><a href=\"https:\/\/www.beneficios.app.br\/ifoodbeneficios\/\" target=\"_blank\" rel=\"noopener\"><img loading=\"lazy\" decoding=\"async\" class=\"aligncenter wp-image-73010 size-full\" src=\"https:\/\/www.rhevistarh.com.br\/portal\/wp-content\/uploads\/2022\/04\/ifood_gif_430x280_ok.gif\" alt=\"\" width=\"430\" height=\"280\" \/><\/a><\/p>\n<p style=\"font-weight: 400; text-align: justify;\"><strong>Sobre Carmela<\/strong><\/p>\n<p style=\"font-weight: 400; text-align: justify;\">Fundadora da SoulCode Academy, Carmela Borst, \u00e9 especialista em Marketing, tecnologia e ESG. Ocupou por mais de 25 anos posi\u00e7\u00f5es executivas para Am\u00e9rica Latina em multinacionais, como Oracle, Infor e Aon, \u00e9 formada pela FEI em Administra\u00e7\u00e3o de Empresas e, tamb\u00e9m, estudou em Stanford, IBGC e Harvard. Conselheira das ONGs, Casa do Zezinho, Gerando Falc\u00f5es, Instituto Ser+, e volunt\u00e1ria da CUFA.<\/p>\n<p style=\"font-weight: 400; text-align: justify;\"><strong>Sobre a SoulCode Academy<\/strong><\/p>\n<p style=\"font-weight: 400; text-align: justify;\">A SoulCode Academy \u00e9 uma edtech brasileira que tem como prop\u00f3sito a educa\u00e7\u00e3o tecnol\u00f3gica, inicia\u00e7\u00e3o e inclus\u00e3o digital, impacto social, diversidade e empregabilidade.<\/p>\n<p style=\"font-weight: 400; text-align: justify;\">A startup nasceu em dezembro de 2020, em meio \u00e0 maior pandemia das \u00faltimas d\u00e9cadas, em face \u00e0 alta demanda de profissionais capacitados na \u00e1rea de programa\u00e7\u00e3o.<\/p>\n<p style=\"font-weight: 400; text-align: justify;\">O projeto foi idealizado por profissionais renomados do setor de tecnologia, ap\u00f3s anos de estudos e visitas \u00e0s escolas de programa\u00e7\u00e3o mais conceituadas da Europa e Estados Unidos. Fundada por Carmela Borst, Fabricio Cardoso, Juana Pinkalsky e Silvio Genesini, a edtech representa a vis\u00e3o de sua equipe e o renomado Conselho Consultivo, que entendem que, atrav\u00e9s da forma\u00e7\u00e3o em programa\u00e7\u00e3o e ponte para empregabilidade, podem apoiar o in\u00edcio e a ressignifica\u00e7\u00e3o da carreira de milhares de pessoas.<\/p>\n<p style=\"font-weight: 400; text-align: justify;\">Para mais informa\u00e7\u00f5es sobre a SoulCode Academy acesse o site\u00a0<a href=\"https:\/\/soulcodeacademy.org\/\" target=\"_blank\" rel=\"noopener\" data-saferedirecturl=\"https:\/\/www.google.com\/url?q=https:\/\/soulcodeacademy.org&amp;source=gmail&amp;ust=1649442716559000&amp;usg=AOvVaw1OyFI4uNYhApn5NIP_OdR7\">https:\/\/soulcodeacademy.org<\/a><\/p>\n<hr \/>\n<p>&nbsp;<\/p>\n","protected":false},"excerpt":{"rendered":"<p>A executiva passa a se dedicar integralmente ao projeto do qual \u00e9 a idealizadora e cofundadora,\u00a0e chega para somar ao lado do Cofundador e diretor geral,\u00a0Fabr\u00edcio Cardoso, que iniciou e segue liderando a &#8230;<\/p>\n","protected":false},"author":8,"featured_media":73040,"comment_status":"open","ping_status":"open","sticky":false,"template":"","format":"standard","meta":{"footnotes":""},"categories":[1],"tags":[3030],"table_tags":[],"class_list":["post-73038","post","type-post","status-publish","format-standard","has-post-thumbnail","hentry","category-noticias","tag-destaque","entry"],"aioseo_notices":[],"_links":{"self":[{"href":"https:\/\/www.rhevistarh.com.br\/portal\/wp-json\/wp\/v2\/posts\/73038","targetHints":{"allow":["GET"]}}],"collection":[{"href":"https:\/\/www.rhevistarh.com.br\/portal\/wp-json\/wp\/v2\/posts"}],"about":[{"href":"https:\/\/www.rhevistarh.com.br\/portal\/wp-json\/wp\/v2\/types\/post"}],"author":[{"embeddable":true,"href":"https:\/\/www.rhevistarh.com.br\/portal\/wp-json\/wp\/v2\/users\/8"}],"replies":[{"embeddable":true,"href":"https:\/\/www.rhevistarh.com.br\/portal\/wp-json\/wp\/v2\/comments?post=73038"}],"version-history":[{"count":0,"href":"https:\/\/www.rhevistarh.com.br\/portal\/wp-json\/wp\/v2\/posts\/73038\/revisions"}],"wp:featuredmedia":[{"embeddable":true,"href":"https:\/\/www.rhevistarh.com.br\/portal\/wp-json\/wp\/v2\/media\/73040"}],"wp:attachment":[{"href":"https:\/\/www.rhevistarh.com.br\/portal\/wp-json\/wp\/v2\/media?parent=73038"}],"wp:term":[{"taxonomy":"category","embeddable":true,"href":"https:\/\/www.rhevistarh.com.br\/portal\/wp-json\/wp\/v2\/categories?post=73038"},{"taxonomy":"post_tag","embeddable":true,"href":"https:\/\/www.rhevistarh.com.br\/portal\/wp-json\/wp\/v2\/tags?post=73038"},{"taxonomy":"table_tags","embeddable":true,"href":"https:\/\/www.rhevistarh.com.br\/portal\/wp-json\/wp\/v2\/table_tags?post=73038"}],"curies":[{"name":"wp","href":"https:\/\/api.w.org\/{rel}","templated":true}]}}