{"id":73090,"date":"2022-04-12T18:13:07","date_gmt":"2022-04-12T21:13:07","guid":{"rendered":"https:\/\/www.rhevistarh.com.br\/portal\/?p=73090"},"modified":"2022-04-12T18:18:51","modified_gmt":"2022-04-12T21:18:51","slug":"instituto-ccr-e-empreende-ai-abrem-turmas-de-formacao-em-empreendedorismo-exclusiva-para-caminhoneiros","status":"publish","type":"post","link":"https:\/\/www.rhevistarh.com.br\/portal\/instituto-ccr-e-empreende-ai-abrem-turmas-de-formacao-em-empreendedorismo-exclusiva-para-caminhoneiros\/","title":{"rendered":"Instituto CCR e Empreende A\u00ed abrem turmas de forma\u00e7\u00e3o em empreendedorismo exclusiva para caminhoneiros"},"content":{"rendered":"<p><i>Programa contempla caminhoneiros de todo Brasil que desejam aperfei\u00e7oar seu trabalho<\/i><\/p>\n<p><img loading=\"lazy\" decoding=\"async\" class=\"aligncenter size-full wp-image-73091\" src=\"https:\/\/www.rhevistarh.com.br\/portal\/wp-content\/uploads\/2022\/04\/ccr1.jpg\" alt=\"\" width=\"450\" height=\"481\" srcset=\"https:\/\/www.rhevistarh.com.br\/portal\/wp-content\/uploads\/2022\/04\/ccr1.jpg 450w, https:\/\/www.rhevistarh.com.br\/portal\/wp-content\/uploads\/2022\/04\/ccr1-281x300.jpg 281w\" sizes=\"auto, (max-width: 450px) 100vw, 450px\" \/><\/p>\n<p style=\"text-align: justify;\">Guiar um caminh\u00e3o \u00e9 realmente como dirigir uma empresa. A responsabilidade \u00e9 grande. Envolve planejamento financeiro, vis\u00e3o de futuro, gest\u00e3o do tempo, responsabilidade com o produto final, e outros desafios que s\u00f3 a estrada pode exigir.<\/p>\n<p style=\"text-align: justify;\">O Grupo CCR entende essa vida de caminhoneiro. Por isso, por meio do Instituto CCR, em parceria com a Empreende A\u00ed, abre vagas para mais um programa de capacita\u00e7\u00e3o empreendedora online e gratuito focado em caminhoneiros e caminhoneiras de todo o Brasil que desejam melhorar a gest\u00e3o do tempo, dos recursos, das finan\u00e7as e dos ganhos com a profiss\u00e3o.<\/p>\n<p style=\"text-align: justify;\">Este ano ser\u00e3o contemplados 100 Caminhoneiros (as) divididos em duas turmas. O curso contar\u00e1 com conte\u00fado in\u00e9dito e exclusivo nos formatos de podcasts, aulas gravadas e aulas intermedi\u00e1rias ao vivo. Tudo poder\u00e1 ser acessado via celular, de onde o aluno estiver.<\/p>\n<p style=\"text-align: justify;\"><img loading=\"lazy\" decoding=\"async\" class=\"size-full wp-image-73092 alignright\" src=\"https:\/\/www.rhevistarh.com.br\/portal\/wp-content\/uploads\/2022\/04\/ccr2.jpg\" alt=\"\" width=\"300\" height=\"311\" srcset=\"https:\/\/www.rhevistarh.com.br\/portal\/wp-content\/uploads\/2022\/04\/ccr2.jpg 300w, https:\/\/www.rhevistarh.com.br\/portal\/wp-content\/uploads\/2022\/04\/ccr2-289x300.jpg 289w\" sizes=\"auto, (max-width: 300px) 100vw, 300px\" \/>\u201cSou de S\u00e3o Paulo e atuo como caminhoneira aut\u00f4noma h\u00e1 cinco anos. Soube do Curso Empreendedorismo para Caminhoneiros nas estradas geridas pela CCR e achei que seria interessante aprimorar meus conhecimentos. Aprendi a organizar meus ganhos em planilhas, coloquei em pr\u00e1tica tudo que absorvi e, quando a gente muda os h\u00e1bitos de organiza\u00e7\u00e3o do trabalho, tudo flui melhor no longo prazo\u201d, afirma Vanessa Gomes.<\/p>\n<p style=\"text-align: justify;\">\u201cEstamos extremamente felizes por poder lan\u00e7ar mais uma turma desse programa que valoriza os caminhoneiros e caminhoneiras. Acreditamos que melhorar a vida deles, por meio da gera\u00e7\u00e3o de renda e melhoria no trabalho, \u00e9 o caminho\u201d, afirma J\u00e9ssica Trevisam, Gerente de Responsabilidade Social do Instituto CCR.<\/p>\n<p style=\"text-align: justify;\">\u201cO curso foi pensado para garantir mobilidade aos inscritos. Afinal, para quem est\u00e1 na estrada, \u00e9 fundamental esse tipo de amparo. O conte\u00fado trar\u00e1 linguagem simples e agrad\u00e1vel, para evoluir durante as viagens e horas de espera que marcam a rotina desta profiss\u00e3o\u201d, explica Luis Coelho, administrador e s\u00f3cio-fundador da Empreende A\u00ed, escola especializada na forma\u00e7\u00e3o de empreendedores populares.<\/p>\n<p style=\"text-align: justify;\"><strong>INSCRI\u00c7\u00d5ES E DETALHES<\/strong><\/p>\n<p style=\"text-align: justify;\">O\u00a0<i><strong>Curso Empreendedorismo Para Caminhoneiros<\/strong><\/i>\u00a0est\u00e1 aberto para homens e mulheres de todo Brasil. As inscri\u00e7\u00f5es s\u00e3o gratuitas e devem ser realizadas at\u00e9 04\/05\/22 atrav\u00e9s da\u00a0<a href=\"https:\/\/empreendeai.com.br\/institutoccr-caminhoneiros-ii\/\" target=\"_blank\" rel=\"noopener\" data-saferedirecturl=\"https:\/\/www.google.com\/url?q=https:\/\/empreendeai.com.br\/institutoccr-caminhoneiros-ii\/&amp;source=gmail&amp;ust=1649883039840000&amp;usg=AOvVaw1TJ04U-qBffW-1PWzXZ0Az\"><strong><u>p\u00e1gina oficial do projeto<\/u><\/strong><strong><u>.<\/u><\/strong><strong><u>\u00a0<\/u><\/strong><\/a><\/p>\n<p style=\"text-align: justify;\"><strong>Instituto CCR<\/strong><br \/>\nEntidade privada sem fins lucrativos, gerencia o investimento social do Grupo CCR, para proporcionar transforma\u00e7\u00e3o social. Com apoio a projetos via leis de incentivo, campanhas institucionais e por meio dos programas propriet\u00e1rios, como o Caminhos para a Cidadania, que atende mais de 1,3 mil escolas, e o Caminhos para a Sa\u00fade que oferece atendimento a caminhoneiros, motociclistas e ciclistas. O foco do Instituto CCR \u00e9 transforma\u00e7\u00e3o social por meio de iniciativas de gera\u00e7\u00e3o de renda, sa\u00fade, educa\u00e7\u00e3o, cultura e esporte. Somente em 2021 foram aplicados mais de R\uff04 40 milh\u00f5es em projetos sociais gerenciados pelo Instituto.<br \/>\n<strong>Saiba mais:\u00a0<a href=\"https:\/\/www.institutoccr.com.br\/\" target=\"_blank\" rel=\"noopener\" data-saferedirecturl=\"https:\/\/www.google.com\/url?q=https:\/\/www.institutoccr.com.br&amp;source=gmail&amp;ust=1649883039840000&amp;usg=AOvVaw0_ANYeEYW5aVBhwXGiIlpj\">ICCR.<\/a><\/strong><\/p>\n<p style=\"text-align: justify;\"><strong>A Empreende A\u00ed<br \/>\n<\/strong>A Escola de Neg\u00f3cios da Periferia para Periferia: Empreende A\u00ed \u00e9 um Neg\u00f3cio de Impacto Social fundado em 2015, pela Psic\u00f3loga Jennifer Rodrigues e o Administrador de Empresas Luis Coelho, ambos de periferia, com o objetivo de formar e capacitar novos Empreendedores de territ\u00f3rios populares, comunidades e favelas atrav\u00e9s de sua Metodologia Despertando o Empreendedor presencial e online (que aborda aspectos de autoconhecimento, idea\u00e7\u00e3o, modelagem, testagem e gest\u00e3o dos neg\u00f3cios) e de Metodologias cocriadas com parceiros. Site oficial:\u00a0<strong><a href=\"https:\/\/www.empreendeai.com.br\/\" target=\"_blank\" rel=\"noopener\" data-saferedirecturl=\"https:\/\/www.google.com\/url?q=https:\/\/www.empreendeai.com.br&amp;source=gmail&amp;ust=1649883039840000&amp;usg=AOvVaw1kGDu_onB4PBkPr5UTX-PS\">Empreende A\u00ed.<\/a><\/strong><\/p>\n<p><img loading=\"lazy\" decoding=\"async\" class=\"aligncenter size-full wp-image-73093\" src=\"https:\/\/www.rhevistarh.com.br\/portal\/wp-content\/uploads\/2022\/04\/ccr3.jpg\" alt=\"\" width=\"720\" height=\"86\" srcset=\"https:\/\/www.rhevistarh.com.br\/portal\/wp-content\/uploads\/2022\/04\/ccr3.jpg 720w, https:\/\/www.rhevistarh.com.br\/portal\/wp-content\/uploads\/2022\/04\/ccr3-300x36.jpg 300w\" sizes=\"auto, (max-width: 720px) 100vw, 720px\" \/><br \/>\n<a href=\"https:\/\/www.beneficios.app.br\/ifoodbeneficios\/\" target=\"_blank\" rel=\"noopener\"><img loading=\"lazy\" decoding=\"async\" class=\"aligncenter wp-image-73010 size-full\" src=\"https:\/\/www.rhevistarh.com.br\/portal\/wp-content\/uploads\/2022\/04\/ifood_gif_430x280_ok.gif\" alt=\"\" width=\"430\" height=\"280\" \/><\/a><\/p>\n<hr \/>\n<p>&nbsp;<\/p>\n","protected":false},"excerpt":{"rendered":"<p>Guiar um caminh\u00e3o \u00e9 realmente como dirigir uma empresa. A responsabilidade \u00e9 grande. Envolve planejamento financeiro, vis\u00e3o de futuro, gest\u00e3o do tempo, responsabilidade com o produto final, e outros desafios que s\u00f3 a estrada pode exigir.<\/p>\n","protected":false},"author":8,"featured_media":73094,"comment_status":"open","ping_status":"open","sticky":false,"template":"","format":"standard","meta":{"footnotes":""},"categories":[1],"tags":[5792,3030],"table_tags":[],"class_list":["post-73090","post","type-post","status-publish","format-standard","has-post-thumbnail","hentry","category-noticias","tag-ccr","tag-destaque","entry"],"aioseo_notices":[],"_links":{"self":[{"href":"https:\/\/www.rhevistarh.com.br\/portal\/wp-json\/wp\/v2\/posts\/73090","targetHints":{"allow":["GET"]}}],"collection":[{"href":"https:\/\/www.rhevistarh.com.br\/portal\/wp-json\/wp\/v2\/posts"}],"about":[{"href":"https:\/\/www.rhevistarh.com.br\/portal\/wp-json\/wp\/v2\/types\/post"}],"author":[{"embeddable":true,"href":"https:\/\/www.rhevistarh.com.br\/portal\/wp-json\/wp\/v2\/users\/8"}],"replies":[{"embeddable":true,"href":"https:\/\/www.rhevistarh.com.br\/portal\/wp-json\/wp\/v2\/comments?post=73090"}],"version-history":[{"count":0,"href":"https:\/\/www.rhevistarh.com.br\/portal\/wp-json\/wp\/v2\/posts\/73090\/revisions"}],"wp:featuredmedia":[{"embeddable":true,"href":"https:\/\/www.rhevistarh.com.br\/portal\/wp-json\/wp\/v2\/media\/73094"}],"wp:attachment":[{"href":"https:\/\/www.rhevistarh.com.br\/portal\/wp-json\/wp\/v2\/media?parent=73090"}],"wp:term":[{"taxonomy":"category","embeddable":true,"href":"https:\/\/www.rhevistarh.com.br\/portal\/wp-json\/wp\/v2\/categories?post=73090"},{"taxonomy":"post_tag","embeddable":true,"href":"https:\/\/www.rhevistarh.com.br\/portal\/wp-json\/wp\/v2\/tags?post=73090"},{"taxonomy":"table_tags","embeddable":true,"href":"https:\/\/www.rhevistarh.com.br\/portal\/wp-json\/wp\/v2\/table_tags?post=73090"}],"curies":[{"name":"wp","href":"https:\/\/api.w.org\/{rel}","templated":true}]}}