{"id":73098,"date":"2022-04-13T17:44:33","date_gmt":"2022-04-13T20:44:33","guid":{"rendered":"https:\/\/www.rhevistarh.com.br\/portal\/?p=73098"},"modified":"2022-04-13T17:45:48","modified_gmt":"2022-04-13T20:45:48","slug":"conarh-benner-inova-e-anuncia-novo-software-de-gestao-de-desempenho","status":"publish","type":"post","link":"https:\/\/www.rhevistarh.com.br\/portal\/conarh-benner-inova-e-anuncia-novo-software-de-gestao-de-desempenho\/","title":{"rendered":"CONARH: Benner inova e anuncia novo software de gest\u00e3o de desempenho"},"content":{"rendered":"<p style=\"font-weight: 400; text-align: justify;\"><em>&#8211; Solu\u00e7\u00e3o YEVO foi desenvolvida para tornar a gest\u00e3o de RH mais eficiente, oferecendo indicadores capazes de realizar avalia\u00e7\u00f5es de desempenho 360\u00ba, feedbacks di\u00e1rios aos colaboradores e PDI. Al\u00e9m da novidade, a companhia tamb\u00e9m apresentar\u00e1 durante o evento todo o seu portf\u00f3lio de RH, incluindo BPO RH e Myplace<\/em><\/p>\n<p style=\"font-weight: 400; text-align: justify;\"><em>&#8211; A divis\u00e3o de servi\u00e7os de RH da Benner projeta, para este ano, crescer cerca de 160%, com rela\u00e7\u00e3o a 2021<\/em><\/p>\n<p style=\"font-weight: 400; text-align: justify;\"><img loading=\"lazy\" decoding=\"async\" class=\"aligncenter size-full wp-image-73099\" src=\"https:\/\/www.rhevistarh.com.br\/portal\/wp-content\/uploads\/2022\/04\/benner_1.jpg\" alt=\"\" width=\"450\" height=\"300\" srcset=\"https:\/\/www.rhevistarh.com.br\/portal\/wp-content\/uploads\/2022\/04\/benner_1.jpg 450w, https:\/\/www.rhevistarh.com.br\/portal\/wp-content\/uploads\/2022\/04\/benner_1-300x200.jpg 300w\" sizes=\"auto, (max-width: 450px) 100vw, 450px\" \/>A\u00a0<a href=\"https:\/\/bit.ly\/363ZmgW\" target=\"_blank\" rel=\"noopener\" data-saferedirecturl=\"https:\/\/www.google.com\/url?q=https:\/\/bit.ly\/363ZmgW&amp;source=gmail&amp;ust=1649968026138000&amp;usg=AOvVaw3jL7iIcmB5GDBkwjqepfDP\">Benner Sistemas<\/a>, companhia brasileira fornecedora de solu\u00e7\u00f5es em software e servi\u00e7os que transformam os processos das empresas, acaba de anunciar que ir\u00e1 lan\u00e7ar uma nova solu\u00e7\u00e3o focada exclusivamente em gest\u00e3o de desempenho. Denominada YEVO e hospedada em nuvem, a mesma faz parte da estrat\u00e9gia da empresa de constru\u00e7\u00e3o de uma plataforma em nuvem composta de v\u00e1rios servi\u00e7os que podem ser utilizados por empresas que possuem o Benner RH ou qualquer outra solu\u00e7\u00e3o. \u201cGradativamente v\u00e1rios processos que comp\u00f5em nosso RH Corporativo, a come\u00e7ar pela gest\u00e3o de desempenho, ir\u00e3o migrar para a nuvem como servi\u00e7os que podem ser contratados isoladamente e conectados a qualquer outro produto de RH ou funcionar de maneira integrada dentro da plataforma Benner. Isto trar\u00e1 mais possibilidades para os clientes que j\u00e1 usam nossa solu\u00e7\u00e3o e tamb\u00e9m para o restante do mercado.\u201d Informou o VP de Inova\u00e7\u00e3o, Tecnologia e Expans\u00e3o do Grupo Benner, Marcelo Murilo.<\/p>\n<p style=\"font-weight: 400; text-align: justify;\">O lan\u00e7amento ocorrer\u00e1 na 48\u00aa edi\u00e7\u00e3o do\u00a0<a href=\"https:\/\/www.conarh.org.br\/\" target=\"_blank\" rel=\"noopener\" data-saferedirecturl=\"https:\/\/www.google.com\/url?q=https:\/\/www.conarh.org.br\/&amp;source=gmail&amp;ust=1649968026138000&amp;usg=AOvVaw37ro8KwnVq7gnArBbPs4fc\">CONARH<\/a>, evento promovido pela ABRH Brasil, entre os dias 18 e 20 de abril, no S\u00e3o Paulo Expo.<\/p>\n<p style=\"font-weight: 400; text-align: justify;\">A<a href=\"https:\/\/bit.ly\/3EkqncZ\" target=\"_blank\" rel=\"noopener\" data-saferedirecturl=\"https:\/\/www.google.com\/url?q=https:\/\/bit.ly\/3EkqncZ&amp;source=gmail&amp;ust=1649968026138000&amp;usg=AOvVaw1SIqijQU4lloRQ8brspAvp\">\u00a0YEVO<\/a>, foi desenvolvida para tornar a gest\u00e3o de RH mais eficiente, oferecendo indicadores capazes de realizar avalia\u00e7\u00f5es de desempenho 360\u00ba, feedbacks di\u00e1rios aos colaboradores e PDI (Plano de Desenvolvimento Individual).<\/p>\n<p><a href=\"https:\/\/www.beneficios.app.br\/ifoodbeneficios\/\" target=\"_blank\" rel=\"noopener\"><img loading=\"lazy\" decoding=\"async\" class=\"aligncenter wp-image-73010 size-full\" src=\"https:\/\/www.rhevistarh.com.br\/portal\/wp-content\/uploads\/2022\/04\/ifood_gif_430x280_ok.gif\" alt=\"\" width=\"430\" height=\"280\" \/><\/a><\/p>\n<p style=\"font-weight: 400; text-align: justify;\">De acordo com o Head de Produtos ERP\/RH do Grupo Benner, Francis Izzo, a ideia de lan\u00e7ar a YEVO no CONARH est\u00e1 alinhada ao prop\u00f3sito da companhia em manter em evid\u00eancia o seu completo portf\u00f3lio de solu\u00e7\u00f5es para a \u00e1rea de Recursos Humanos. \u201cO CONARH \u00e9 a maior feira de RH da Am\u00e9rica Latina. Por meio deste evento, ser\u00e1 poss\u00edvel realizar n\u00e3o apenas networking, mas tamb\u00e9m apresentar as solu\u00e7\u00f5es da companhia ao mercado e nos aproximar ainda mais de nossos clientes\u201d, explica.<\/p>\n<p style=\"font-weight: 400; text-align: justify;\">Izzo ressalta que a YEVO se evid\u00eancia por ser uma ferramenta f\u00e1cil e intuitiva. Al\u00e9m disso, sua implanta\u00e7\u00e3o dura, em m\u00e9dia, apenas 40 horas e, um dos seus principais diferenciais est\u00e1 no fato de poder ser integrada a qualquer outra solu\u00e7\u00e3o do mercado. \u201cDesenvolvemos esta tecnologia, pois entendemos que a maior dor do setor de RH est\u00e1 relacionada \u00e0 falta de processos, e, consequentemente a impossibilidade de realizar uma avalia\u00e7\u00e3o por completo, n\u00e3o obter m\u00e9tricas de meta e n\u00e3o conseguir medir equipes, por exemplo. A YEVO chega ao mercado para suprir estas demandas\u201d, ressalta.<\/p>\n<p style=\"font-weight: 400; text-align: justify;\">Com um planejamento consistente e seu robusto portf\u00f3lio de gest\u00e3o, aliada a estrat\u00e9gia de lan\u00e7amento de produtos nuvem que compor\u00e3o sua plataforma de RH, a come\u00e7ar pela YEVO, a Benner estima, para este ano, crescer seu faturamento nesta divis\u00e3o em cerca de 160%, com rela\u00e7\u00e3o a 2021.<\/p>\n<p style=\"font-weight: 400; text-align: justify;\"><strong>Portf\u00f3lio Benner para o mercado de RH<\/strong><\/p>\n<p style=\"font-weight: 400; text-align: justify;\">Ao longo dos anos, a Benner consolidou-se no mercado RH por meio de solu\u00e7\u00f5es inovadoras que tornam a gest\u00e3o da \u00e1rea mais assertiva, segura e inteligente. A companhia contempla em seu portf\u00f3lio clientes de peso como Havan, Unimed, Sesc, Volkswagen, entre outros.<\/p>\n<p style=\"font-weight: 400; text-align: justify;\">Dentre as tecnologias, destacam-se o\u00a0<a href=\"https:\/\/bit.ly\/3jC2LXn\" target=\"_blank\" rel=\"noopener\" data-saferedirecturl=\"https:\/\/www.google.com\/url?q=https:\/\/bit.ly\/3jC2LXn&amp;source=gmail&amp;ust=1649968026138000&amp;usg=AOvVaw14a-1mgJONGmmJYF6AbLX6\">Sistema de RH da Benner<\/a>, completo software de gest\u00e3o que integra em um s\u00f3 lugar todos os m\u00f3dulos para a gest\u00e3o de folha de pagamento, gest\u00e3o de pessoas, gest\u00e3o de riscos e gest\u00e3o estrat\u00e9gica das empresas.<\/p>\n<p style=\"font-weight: 400; text-align: justify;\">O BPO RH \u00e9 tamb\u00e9m outra novidade que a companhia vem investindo para disponibilizar servi\u00e7os ao departamento pessoal juntamente com o time jur\u00eddico, oferecendo toda assessoria e apoio para no gerenciamento de casos que envolvem processos jur\u00eddicos.<\/p>\n<p style=\"font-weight: 400; text-align: justify;\">Outra solu\u00e7\u00e3o importante que ser\u00e1 destaque da Benner no CONARH \u00e9 o Myplace, portal web colaborativo criado com o objetivo de digitalizar o RH das empresas, descartando o uso do papel e oferecendo ainda mais agilidade nos processos. A ferramenta, al\u00e9m de automatizar o processo de administra\u00e7\u00e3o e controle da \u00e1rea de RH, tamb\u00e9m aumenta a efici\u00eancia das equipes de trabalho, promove a colabora\u00e7\u00e3o e auxilia no desenvolvimento do pr\u00f3prio profissional dentro da organiza\u00e7\u00e3o.<\/p>\n<p style=\"font-weight: 400; text-align: justify;\">Via Myplace, os gestores podem utilizar o m\u00f3dulo de Educa\u00e7\u00e3o Corporativa para acompanhar a evolu\u00e7\u00e3o e o desenvolvimento dos integrantes da sua equipe. J\u00e1 o colaborador, consegue interagir com a companhia para fazer solicita\u00e7\u00f5es, consultar folhas de pagamento e informes de rendimento. \u201cQueremos fazer com que a tecnologia seja aliada na gest\u00e3o de soft skills, por isso, disponibilizamos ao mercado de RH solu\u00e7\u00f5es que permitem analisar, mapear e avaliar desempenho e educa\u00e7\u00e3o corporativa\u201d, finaliza o executivo.<\/p>\n<p style=\"font-weight: 400; text-align: justify;\"><strong>Sobre a Benner<\/strong><\/p>\n<p style=\"font-weight: 400; text-align: justify;\">Fornecedora brasileira de solu\u00e7\u00f5es em software de gest\u00e3o, servi\u00e7os e transforma\u00e7\u00e3o de processos, com foco nos mercados verticais de sa\u00fade (operadoras e hospitais); jur\u00eddico; RH; log\u00edstica e supply chain; ERP; e turismo corporativo. S\u00e3o mais de 1.500 colaboradores, que atuam nos tr\u00eas centros de desenvolvimento de tecnologia e em escrit\u00f3rios localizados em S\u00e3o Paulo, Barueri (SP); Bras\u00edlia (DF); Blumenau (SC); Curitiba, Maring\u00e1 (PR); Jo\u00e3o Pessoa (PB); e Rio de Janeiro (RJ), al\u00e9m de canais de venda nos principais polos econ\u00f4micos nacionais.<\/p>\n<hr \/>\n<p>&nbsp;<\/p>\n","protected":false},"excerpt":{"rendered":"<p>Solu\u00e7\u00e3o YEVO foi desenvolvida para tornar a gest\u00e3o de RH mais eficiente, oferecendo indicadores capazes de realizar avalia\u00e7\u00f5es de desempenho 360\u00ba, feedbacks di\u00e1rios aos colaboradores e PDI. Al\u00e9m da novidade, a companhia tamb\u00e9m apresentar\u00e1 durante o evento todo o seu portf\u00f3lio de RH, incluindo BPO RH e Myplace<\/p>\n","protected":false},"author":8,"featured_media":73100,"comment_status":"open","ping_status":"open","sticky":false,"template":"","format":"standard","meta":{"footnotes":""},"categories":[1],"tags":[3030],"table_tags":[],"class_list":["post-73098","post","type-post","status-publish","format-standard","has-post-thumbnail","hentry","category-noticias","tag-destaque","entry"],"aioseo_notices":[],"_links":{"self":[{"href":"https:\/\/www.rhevistarh.com.br\/portal\/wp-json\/wp\/v2\/posts\/73098","targetHints":{"allow":["GET"]}}],"collection":[{"href":"https:\/\/www.rhevistarh.com.br\/portal\/wp-json\/wp\/v2\/posts"}],"about":[{"href":"https:\/\/www.rhevistarh.com.br\/portal\/wp-json\/wp\/v2\/types\/post"}],"author":[{"embeddable":true,"href":"https:\/\/www.rhevistarh.com.br\/portal\/wp-json\/wp\/v2\/users\/8"}],"replies":[{"embeddable":true,"href":"https:\/\/www.rhevistarh.com.br\/portal\/wp-json\/wp\/v2\/comments?post=73098"}],"version-history":[{"count":0,"href":"https:\/\/www.rhevistarh.com.br\/portal\/wp-json\/wp\/v2\/posts\/73098\/revisions"}],"wp:featuredmedia":[{"embeddable":true,"href":"https:\/\/www.rhevistarh.com.br\/portal\/wp-json\/wp\/v2\/media\/73100"}],"wp:attachment":[{"href":"https:\/\/www.rhevistarh.com.br\/portal\/wp-json\/wp\/v2\/media?parent=73098"}],"wp:term":[{"taxonomy":"category","embeddable":true,"href":"https:\/\/www.rhevistarh.com.br\/portal\/wp-json\/wp\/v2\/categories?post=73098"},{"taxonomy":"post_tag","embeddable":true,"href":"https:\/\/www.rhevistarh.com.br\/portal\/wp-json\/wp\/v2\/tags?post=73098"},{"taxonomy":"table_tags","embeddable":true,"href":"https:\/\/www.rhevistarh.com.br\/portal\/wp-json\/wp\/v2\/table_tags?post=73098"}],"curies":[{"name":"wp","href":"https:\/\/api.w.org\/{rel}","templated":true}]}}