{"id":73198,"date":"2022-04-22T15:54:26","date_gmt":"2022-04-22T18:54:26","guid":{"rendered":"https:\/\/www.rhevistarh.com.br\/portal\/?p=73198"},"modified":"2022-04-25T11:25:41","modified_gmt":"2022-04-25T14:25:41","slug":"andre-baron-e-nomeado-novo-presidente-da-henkel-na-america-latina","status":"publish","type":"post","link":"https:\/\/www.rhevistarh.com.br\/portal\/andre-baron-e-nomeado-novo-presidente-da-henkel-na-america-latina\/","title":{"rendered":"ANDR\u00c9\u00a0BAR\u00d3N \u00c9 NOMEADO NOVO PRESIDENTE DA HENKEL NA AM\u00c9RICA LATINA"},"content":{"rendered":"<p style=\"text-align: center;\"><i>Sediado no Brasil, executivo assumiu a fun\u00e7\u00e3o no come\u00e7o de abril no lugar de Hannes Schollenberger, que retornou para Alemanha<\/i><\/p>\n<figure id=\"attachment_73199\" aria-describedby=\"caption-attachment-73199\" style=\"width: 450px\" class=\"wp-caption alignleft\"><img loading=\"lazy\" decoding=\"async\" class=\"wp-image-73199 size-full\" src=\"https:\/\/www.rhevistarh.com.br\/portal\/wp-content\/uploads\/2022\/04\/andrebaron.png\" alt=\"\" width=\"450\" height=\"300\" srcset=\"https:\/\/www.rhevistarh.com.br\/portal\/wp-content\/uploads\/2022\/04\/andrebaron.png 450w, https:\/\/www.rhevistarh.com.br\/portal\/wp-content\/uploads\/2022\/04\/andrebaron-300x200.png 300w\" sizes=\"auto, (max-width: 450px) 100vw, 450px\" \/><figcaption id=\"caption-attachment-73199\" class=\"wp-caption-text\">Andr\u00e9\u00a0Bar\u00f3n <br \/>Presidente da Henkel na Am\u00e9rica Latina<\/figcaption><\/figure>\n<p style=\"text-align: justify;\"><strong>S\u00e3o Paulo, abril de 2022<\/strong>\u00a0&#8211;\u00a0Andr\u00e9\u00a0Bar\u00f3n substitui Hannes Schollenberger como presidente da Henkel na Am\u00e9rica Latina. Ele passou a se reportar a Sylvie Nicol, vice-presidente executiva de Recursos Humanos e Infraestrutura em n\u00edvel global, e membro do\u00a0<i>Conselho de Administra\u00e7\u00e3o<\/i>\u00a0da empresa em sua sede em D\u00fcsseldorf, Alemanha. O executivo assumiu a fun\u00e7\u00e3o em 1\u00ba de abril de 2022.<\/p>\n<p style=\"text-align: justify;\">Bar\u00f3n iniciou sua carreira na Henkel em 2008, na Alemanha, dentro da fun\u00e7\u00e3o de Planejamento Estrat\u00e9gico, posteriormente seguindo posi\u00e7\u00f5es comerciais no neg\u00f3cio de Tecnologias Adesivas em v\u00e1rias de suas subdivis\u00f5es, em pa\u00edses como Alemanha, Col\u00f4mbia e Brasil. Desde 2019,\u00a0Andr\u00e9\u00a0\u00e9 vice-presidente do Neg\u00f3cio de Adesivos Industriais para a Am\u00e9rica Latina, excluindo o M\u00e9xico e, a partir deste m\u00eas, tamb\u00e9m det\u00e9m a responsabilidade de Presidente Regional da Henkel Am\u00e9rica Latina.<\/p>\n<p style=\"text-align: justify;\">&#8220;\u00c9 uma honra para mim poder representar a Henkel Am\u00e9rica Latina perante meus colegas globais, e ter a oportunidade de levar a regi\u00e3o para o pr\u00f3ximo n\u00edvel de crescimento e desenvolvimento, n\u00e3o apenas em termos de neg\u00f3cios, mas tamb\u00e9m em como potencializar talentos para a Am\u00e9rica Latina e o mundo&#8221;, disse Bar\u00f3n.<\/p>\n<p style=\"text-align: justify;\">Por sua vez, Hannes Schollenberger, encerrou sua miss\u00e3o na Am\u00e9rica Latina e voltou para a Alemanha para trabalhar em um novo papel dentro da fus\u00e3o dos neg\u00f3cios de Laundry and Home Care, juntamente com a Beauty Care, anunciada h\u00e1 algumas semanas pela empresa alem\u00e3.<\/p>\n<p><a href=\"https:\/\/www.beneficios.app.br\/ifoodbeneficios\/\" target=\"_blank\" rel=\"noopener\"><img loading=\"lazy\" decoding=\"async\" class=\"aligncenter wp-image-73201 size-full\" src=\"https:\/\/www.rhevistarh.com.br\/portal\/wp-content\/uploads\/2022\/04\/ifood_720.png\" alt=\"\" width=\"720\" height=\"90\" srcset=\"https:\/\/www.rhevistarh.com.br\/portal\/wp-content\/uploads\/2022\/04\/ifood_720.png 720w, https:\/\/www.rhevistarh.com.br\/portal\/wp-content\/uploads\/2022\/04\/ifood_720-300x38.png 300w\" sizes=\"auto, (max-width: 720px) 100vw, 720px\" \/><\/a><\/p>\n<p style=\"text-align: justify;\">&#8220;Deixo a Am\u00e9rica Latina em boas m\u00e3os. Tenho certeza de que vou ver como o trabalho que fizemos nestes anos juntos na regi\u00e3o come\u00e7a a dar cada vez mais frutos para meus colegas da Henkel Am\u00e9rica Latina.\u00a0Andr\u00e9, juntamente com o Comit\u00ea Executivo Regional, ter\u00e1 uma tarefa muito importante para continuar esse caminho e poder elevar a Am\u00e9rica Latina para o pr\u00f3ximo n\u00edvel&#8221;, disse Schollenberger.<\/p>\n<p style=\"text-align: justify;\">Andr\u00e9\u00a0Bar\u00f3n \u00e9 bacharel em Finan\u00e7as Corporativas pela Westphalian Wilhelms University, localizada em M\u00fcnster, Alemanha.<\/p>\n<p style=\"text-align: justify;\"><strong>Sobre Henkel<\/strong><\/p>\n<p style=\"text-align: justify;\">A Henkel opera globalmente com um portf\u00f3lio diversificado e bem balanceado. A companhia mant\u00e9m posi\u00e7\u00f5es de lideran\u00e7a com suas tr\u00eas unidades de neg\u00f3cio, tanto em mercados industriais como de consumo, gra\u00e7as a marcas fortes, inova\u00e7\u00f5es e tecnologias. Henkel Adhesive Technologies \u00e9 l\u00edder global no mercado de adesivos &#8212; em todos os segmentos industriais no mundo todo. Em seus neg\u00f3cios de Laundry &amp; Home Care e Beauty Care, a Henkel mant\u00e9m posi\u00e7\u00f5es de lideran\u00e7a em muitos mercados e categorias ao redor do mundo. Fundada em 1876, a Henkel conta com mais de 140 anos de sucesso. A Henkel emprega mais de 53.000 pessoas globalmente &#8212; uma equipe apaixonada e altamente diversificada, unida por uma forte cultura organizacional, um prop\u00f3sito comum de criar valor sustent\u00e1vel e valores compartilhados. Como l\u00edder reconhecido em sustentabilidade, a Henkel mant\u00e9m posi\u00e7\u00f5es de lideran\u00e7a em muitos \u00edndices e rankings internacionais. As a\u00e7\u00f5es preferenciais da Henkel est\u00e3o listadas no \u00edndice DAX da bolsa de valores alem\u00e3. Para mais informa\u00e7\u00e3o, por favor visite\u00a0<a href=\"https:\/\/www.henkel.com.br\/\" target=\"_blank\" rel=\"noopener\" data-saferedirecturl=\"https:\/\/www.google.com\/url?q=https:\/\/www.henkel.com.br\/&amp;source=gmail&amp;ust=1650732995389000&amp;usg=AOvVaw2Sxds2l1_mJIXClD5dMEVH\">Henkel<\/a>.<\/p>\n<p style=\"text-align: justify;\"><strong>Sobre a Henkel Brasil<\/strong><\/p>\n<p style=\"text-align: justify;\">A Henkel est\u00e1 no Brasil h\u00e1 67 anos e atua nas \u00e1reas de Adesivos, Selantes e Tratamento de Superf\u00edcies e Beauty Care, com principais marcas como Cascola, Loctite, Pritt e Schwarzkopf Professional. A Henkel Brasil conta com mais de 970 profissionais distribu\u00eddos nas plantas de Itapevi e Jundia\u00ed, al\u00e9m de um Centro de Distribui\u00e7\u00e3o em Jundia\u00ed, um escrit\u00f3rio central na Lapa e uma ASK Academy localizada na Avenida Paulista, em S\u00e3o Paulo. No ano de 2021, a Henkel alcan\u00e7ou vendas totais de aproximadamente R\uff04 1,271 milh\u00e3o no Brasil, com um crescimento org\u00e2nico das vendas de 17,7%.<\/p>\n<hr \/>\n<p>&nbsp;<\/p>\n<div><\/div>\n","protected":false},"excerpt":{"rendered":"<p>Andr\u00e9\u00a0Bar\u00f3n substitui Hannes Schollenberger como presidente da Henkel na Am\u00e9rica Latina. Ele passou a se reportar a Sylvie Nicol, vice-presidente executiva de Recursos Humanos<\/p>\n","protected":false},"author":8,"featured_media":73200,"comment_status":"open","ping_status":"open","sticky":false,"template":"","format":"standard","meta":{"footnotes":""},"categories":[1],"tags":[5824,5825,5826,5827],"table_tags":[],"class_list":["post-73198","post","type-post","status-publish","format-standard","has-post-thumbnail","hentry","category-noticias","tag-andre-baron","tag-hannes-schollenberger","tag-henkel","tag-sylvie-nicol","entry"],"aioseo_notices":[],"_links":{"self":[{"href":"https:\/\/www.rhevistarh.com.br\/portal\/wp-json\/wp\/v2\/posts\/73198","targetHints":{"allow":["GET"]}}],"collection":[{"href":"https:\/\/www.rhevistarh.com.br\/portal\/wp-json\/wp\/v2\/posts"}],"about":[{"href":"https:\/\/www.rhevistarh.com.br\/portal\/wp-json\/wp\/v2\/types\/post"}],"author":[{"embeddable":true,"href":"https:\/\/www.rhevistarh.com.br\/portal\/wp-json\/wp\/v2\/users\/8"}],"replies":[{"embeddable":true,"href":"https:\/\/www.rhevistarh.com.br\/portal\/wp-json\/wp\/v2\/comments?post=73198"}],"version-history":[{"count":0,"href":"https:\/\/www.rhevistarh.com.br\/portal\/wp-json\/wp\/v2\/posts\/73198\/revisions"}],"wp:featuredmedia":[{"embeddable":true,"href":"https:\/\/www.rhevistarh.com.br\/portal\/wp-json\/wp\/v2\/media\/73200"}],"wp:attachment":[{"href":"https:\/\/www.rhevistarh.com.br\/portal\/wp-json\/wp\/v2\/media?parent=73198"}],"wp:term":[{"taxonomy":"category","embeddable":true,"href":"https:\/\/www.rhevistarh.com.br\/portal\/wp-json\/wp\/v2\/categories?post=73198"},{"taxonomy":"post_tag","embeddable":true,"href":"https:\/\/www.rhevistarh.com.br\/portal\/wp-json\/wp\/v2\/tags?post=73198"},{"taxonomy":"table_tags","embeddable":true,"href":"https:\/\/www.rhevistarh.com.br\/portal\/wp-json\/wp\/v2\/table_tags?post=73198"}],"curies":[{"name":"wp","href":"https:\/\/api.w.org\/{rel}","templated":true}]}}