{"id":73243,"date":"2022-04-25T12:15:42","date_gmt":"2022-04-25T15:15:42","guid":{"rendered":"https:\/\/www.rhevistarh.com.br\/portal\/?p=73243"},"modified":"2022-04-25T12:15:42","modified_gmt":"2022-04-25T15:15:42","slug":"fgv-eaesp-um-cafe-com-rh-sobre-self-learning-como-estrategia-de-aprendizagem","status":"publish","type":"post","link":"https:\/\/www.rhevistarh.com.br\/portal\/fgv-eaesp-um-cafe-com-rh-sobre-self-learning-como-estrategia-de-aprendizagem\/","title":{"rendered":"\u00a0FGV EAESP um Caf\u00e9 com RH sobre self-learning como estrat\u00e9gia de aprendizagem"},"content":{"rendered":"<p><img loading=\"lazy\" decoding=\"async\" class=\"aligncenter wp-image-73244 size-medium\" src=\"https:\/\/www.rhevistarh.com.br\/portal\/wp-content\/uploads\/2022\/04\/fgveaesp-300x44.png\" alt=\"\" width=\"300\" height=\"44\" srcset=\"https:\/\/www.rhevistarh.com.br\/portal\/wp-content\/uploads\/2022\/04\/fgveaesp-300x44.png 300w, https:\/\/www.rhevistarh.com.br\/portal\/wp-content\/uploads\/2022\/04\/fgveaesp.png 500w\" sizes=\"auto, (max-width: 300px) 100vw, 300px\" \/><\/p>\n<p style=\"text-align: center;\"><i>O evento ser\u00e1 online e gratuito, no dia 28 de abril, \u00e0s 18h. Participar\u00e3o: Leonardo Carvalho, head de Educa\u00e7\u00e3o Digital na multinacional francesa LEROY MERLIN; e fundador da ONION LEARNING; H\u00e9lio Batista, associate director of admissions da FGV; e Maur\u00edcio Morgado, coordenador do FGVcev<\/i><\/p>\n<p style=\"text-align: justify;\"><strong>S\u00e3o Paulo, abril de 2022\u00a0<\/strong>&#8212; O Admission Office, em parecia com o Centro de Excel\u00eancia em Varejo e o Centro de Carreiras da Escola de Administra\u00e7\u00e3o de Empresas de S\u00e3o Paulo da Funda\u00e7\u00e3o Getulio Vargas (FGV EAESP), realizar\u00e3o no dia 28 de abril, \u00e0s 18h, um caf\u00e9 com RH sobre self-learning como estrat\u00e9gia de aprendizagem. Os interessados em participar devem se cadastrar\u00a0<a href=\"https:\/\/evento.fgv.br\/cafecomrh_28\" target=\"_blank\" rel=\"noopener\" data-saferedirecturl=\"https:\/\/www.google.com\/url?q=https:\/\/evento.fgv.br\/cafecomrh_28&amp;source=gmail&amp;ust=1650978740727000&amp;usg=AOvVaw0XTHztFx-jW9JpTpd3GaNe\">neste link<\/a>. Ap\u00f3s o cadastro, receber\u00e3o o link do evento por e-mail.<\/p>\n<p><a href=\"https:\/\/www.beneficios.app.br\/ifoodbeneficios\/\" target=\"_blank\" rel=\"noopener\"><img loading=\"lazy\" decoding=\"async\" class=\"aligncenter wp-image-73201 size-full\" src=\"https:\/\/www.rhevistarh.com.br\/portal\/wp-content\/uploads\/2022\/04\/ifood_720.png\" alt=\"\" width=\"720\" height=\"90\" srcset=\"https:\/\/www.rhevistarh.com.br\/portal\/wp-content\/uploads\/2022\/04\/ifood_720.png 720w, https:\/\/www.rhevistarh.com.br\/portal\/wp-content\/uploads\/2022\/04\/ifood_720-300x38.png 300w\" sizes=\"auto, (max-width: 720px) 100vw, 720px\" \/><\/a><\/p>\n<p style=\"text-align: justify;\">O evento ser\u00e1 online e gratuito e conta com a participa\u00e7\u00e3o de Leonardo Carvalho, head de Educa\u00e7\u00e3o Digital na multinacional francesa Leroy Merlin; e fundador da Onion Learning. O bate-papo tamb\u00e9m conta com a presen\u00e7a de H\u00e9lio Batista, associate director of admissions da FGV; e Maur\u00edcio Morgado, coordenador do FGVcev.<\/p>\n<p style=\"text-align: justify;\">Durante o debate, a partir da experi\u00eancia profissional de ambos os convidados, pretende-se abordar o case desenvolvido pela francesa Leroy Merlin com a cria\u00e7\u00e3o de sua universidade corporativa e do ambiente de self-learning digital (autoaprendizagem), que tem como objetivo fomentar o protagonismo e lifelong learning no colaborador.<\/p>\n<hr \/>\n<p>&nbsp;<\/p>\n","protected":false},"excerpt":{"rendered":"<p>O Admission Office, em parecia com o Centro de Excel\u00eancia em Varejo e o Centro de Carreiras da Escola de Administra\u00e7\u00e3o de Empresas de S\u00e3o Paulo da Funda\u00e7\u00e3o Getulio Vargas (FGV EAESP), realizar\u00e3o no dia 28<\/p>\n","protected":false},"author":8,"featured_media":73245,"comment_status":"open","ping_status":"open","sticky":false,"template":"","format":"standard","meta":{"footnotes":""},"categories":[1],"tags":[5850,5849,5847,5846,5844,5848,5845,5851],"table_tags":[],"class_list":["post-73243","post","type-post","status-publish","format-standard","has-post-thumbnail","hentry","category-noticias","tag-eaesp","tag-fgv","tag-helio-batista","tag-leonardo-carvalho","tag-leroy-merlin","tag-mauricio-morgado","tag-onion-learning","tag-self-learning","entry"],"aioseo_notices":[],"_links":{"self":[{"href":"https:\/\/www.rhevistarh.com.br\/portal\/wp-json\/wp\/v2\/posts\/73243","targetHints":{"allow":["GET"]}}],"collection":[{"href":"https:\/\/www.rhevistarh.com.br\/portal\/wp-json\/wp\/v2\/posts"}],"about":[{"href":"https:\/\/www.rhevistarh.com.br\/portal\/wp-json\/wp\/v2\/types\/post"}],"author":[{"embeddable":true,"href":"https:\/\/www.rhevistarh.com.br\/portal\/wp-json\/wp\/v2\/users\/8"}],"replies":[{"embeddable":true,"href":"https:\/\/www.rhevistarh.com.br\/portal\/wp-json\/wp\/v2\/comments?post=73243"}],"version-history":[{"count":0,"href":"https:\/\/www.rhevistarh.com.br\/portal\/wp-json\/wp\/v2\/posts\/73243\/revisions"}],"wp:featuredmedia":[{"embeddable":true,"href":"https:\/\/www.rhevistarh.com.br\/portal\/wp-json\/wp\/v2\/media\/73245"}],"wp:attachment":[{"href":"https:\/\/www.rhevistarh.com.br\/portal\/wp-json\/wp\/v2\/media?parent=73243"}],"wp:term":[{"taxonomy":"category","embeddable":true,"href":"https:\/\/www.rhevistarh.com.br\/portal\/wp-json\/wp\/v2\/categories?post=73243"},{"taxonomy":"post_tag","embeddable":true,"href":"https:\/\/www.rhevistarh.com.br\/portal\/wp-json\/wp\/v2\/tags?post=73243"},{"taxonomy":"table_tags","embeddable":true,"href":"https:\/\/www.rhevistarh.com.br\/portal\/wp-json\/wp\/v2\/table_tags?post=73243"}],"curies":[{"name":"wp","href":"https:\/\/api.w.org\/{rel}","templated":true}]}}