{"id":73260,"date":"2022-04-28T21:26:00","date_gmt":"2022-04-29T00:26:00","guid":{"rendered":"https:\/\/www.rhevistarh.com.br\/portal\/?p=73260"},"modified":"2022-06-10T13:53:57","modified_gmt":"2022-06-10T16:53:57","slug":"deputados-aprovam-projeto-que-regulamenta-telessaude-telemedicina","status":"publish","type":"post","link":"https:\/\/www.rhevistarh.com.br\/portal\/deputados-aprovam-projeto-que-regulamenta-telessaude-telemedicina\/","title":{"rendered":"Deputados aprovam projeto que regulamenta telessa\u00fade (telemedicina)"},"content":{"rendered":"<p style=\"text-align: justify;\"><span style=\"text-align: justify;\">A C\u00e2mara dos Deputados aprovou nesta quarta-feira (27) o projeto de lei que autoriza e conceitua a pr\u00e1tica da telessa\u00fade em todo o territ\u00f3rio nacional, abrangendo todas as profiss\u00f5es da \u00e1rea da sa\u00fade regulamentadas. A proposta (PL 1998\/20) ser\u00e1 enviada ao Senado.<\/span><\/p>\n<p style=\"text-align: justify;\"><span style=\"text-align: justify;\">De autoria da deputada <\/span><a style=\"text-align: justify; background-color: #ffffff;\" href=\"https:\/\/www.camara.leg.br\/deputados\/204528\" target=\"_blank\" rel=\"noopener\">Adriana Ventura (Novo-SP)<\/a><span style=\"text-align: justify;\"> e <\/span><a style=\"text-align: justify; background-color: #ffffff;\" href=\"https:\/\/www.camara.leg.br\/proposicoesWeb\/prop_autores;jsessionid=node01fy2071b3gampteaznxg5r1ag13608506.node0?idProposicao=2249925\" target=\"_blank\" rel=\"noopener\">outros 14 deputados<\/a><span style=\"text-align: justify;\">, o projeto foi aprovado na forma de um <\/span><span id=\"4098\" class=\"termoGlossario\" style=\"text-align: justify;\" title=\"\" contenteditable=\"false\" data-toggle=\"tooltip\" data-placement=\"top\" data-original-title=\"Nome que se d\u00e1 ao texto que altera substancialmente o conte\u00fado original da proposta. O substitutivo \u00e9 apresentado pelo relator e tem prefer\u00eancia na vota\u00e7\u00e3o sobre o projeto original.\">substitutivo<\/span><span style=\"text-align: justify;\"> do relator, deputado <\/span><a style=\"text-align: justify; background-color: #ffffff;\" href=\"https:\/\/www.camara.leg.br\/deputados\/178844\" target=\"_blank\" rel=\"noopener\">Pedro Vilela (PSDB-AL)<\/a><span style=\"text-align: justify;\">, que ampliou o texto original, antes restrito aos m\u00e9dicos.<\/span><\/p>\n<div class=\"g-artigo__texto-principal\">\n<aside class=\"l-acoes-apoio\">\n<div><strong style=\"text-align: justify;\">Tecnologias<\/strong><\/div>\n<\/aside>\n<div class=\"js-article-read-more\" style=\"text-align: justify;\">\n<p>Segundo o texto, ser\u00e1 considerada telessa\u00fade a modalidade de presta\u00e7\u00e3o de servi\u00e7os de sa\u00fade a dist\u00e2ncia por meio da utiliza\u00e7\u00e3o das tecnologias da informa\u00e7\u00e3o e da comunica\u00e7\u00e3o.<\/p>\n<p>Essas tecnologias envolvem, entre outros aspectos, a transmiss\u00e3o segura de dados e informa\u00e7\u00f5es de sa\u00fade por meio de textos, sons, imagens e outras formas consideradas adequadas.<\/p>\n<p>Os atos do profissional de sa\u00fade praticados dessa forma ter\u00e3o validade em todo o territ\u00f3rio nacional e aquele que exercer a profiss\u00e3o em outra jurisdi\u00e7\u00e3o exclusivamente por meio dessa modalidade n\u00e3o precisar\u00e1 de outra inscri\u00e7\u00e3o secund\u00e1ria ou complementar \u00e0quela do conselho de seu estado.<\/p>\n<p>Entretanto, ser\u00e1 obrigat\u00f3rio o registro, nos conselhos regionais de medicina (CRMs) dos estados em que est\u00e3o sediadas, das empresas intermediadoras de servi\u00e7os m\u00e9dicos. Essas empresas s\u00e3o consideradas como aquelas que contratam, de forma direta ou indireta, profissionais da \u00e1rea m\u00e9dica para o exerc\u00edcio da telemedicina.<\/p>\n<p>Um diretor t\u00e9cnico m\u00e9dico dessas empresas tamb\u00e9m dever\u00e1 estar inscrito no CRM da localidade da empresa, sob pena de cometer infra\u00e7\u00e3o sanit\u00e1ria.<\/p>\n<p>Para Adriana Ventura, \u201ca pandemia ensinou muito a todos, mostrando que o Brasil precisava regulamentar a pr\u00e1tica da telessa\u00fade\u201d.<\/p>\n<\/div>\n<figure id=\"attachment_73261\" aria-describedby=\"caption-attachment-73261\" style=\"width: 450px\" class=\"wp-caption aligncenter\"><img loading=\"lazy\" decoding=\"async\" class=\"wp-image-73261\" src=\"https:\/\/www.rhevistarh.com.br\/portal\/wp-content\/uploads\/2022\/04\/camara.png\" alt=\"\" width=\"450\" height=\"296\" srcset=\"https:\/\/www.rhevistarh.com.br\/portal\/wp-content\/uploads\/2022\/04\/camara.png 863w, https:\/\/www.rhevistarh.com.br\/portal\/wp-content\/uploads\/2022\/04\/camara-300x197.png 300w, https:\/\/www.rhevistarh.com.br\/portal\/wp-content\/uploads\/2022\/04\/camara-768x505.png 768w\" sizes=\"auto, (max-width: 450px) 100vw, 450px\" \/><figcaption id=\"caption-attachment-73261\" class=\"wp-caption-text\">Adriana Ventura, autora do projeto de lei<br \/>Foto: Paulo Sergio\/C\u00e2mara dos Deputados<\/figcaption><\/figure>\n<p style=\"text-align: justify;\"><span style=\"color: #555555; font-size: 13px; font-style: normal;\">O relator do projeto tamb\u00e9m defendeu a aprova\u00e7\u00e3o. \u201cNosso principal objetivo foi garantir a universaliza\u00e7\u00e3o do atendimento \u00e0 sa\u00fade em todo o Brasil, e a tecnologia \u00e9 uma aliada para isso\u201d, afirmou Pedro Vilela.<\/span><\/p>\n<div class=\"js-article-read-more\">\n<p style=\"text-align: justify;\">O texto revoga a <a class=\"linkLegislacao\" href=\"https:\/\/www.planalto.gov.br\/ccivil_03\/_Ato2019-2022\/2020\/Lei\/L13989.htm\" target=\"_blank\" rel=\"noopener\">Lei 13.989\/20<\/a>, que permitiu a telemedicina durante a pandemia de Covid-19.<\/p>\n<div class=\"g g-1\"><div class=\"g-single a-34\"><a class=\"gofollow\" data-track=\"MzQsMSwxLDEw\" href=\"https:\/\/www.contatoanonimo.com.br\" target=\"_blank\" rel=\"noopener\"><img loading=\"lazy\" decoding=\"async\" class=\"aligncenter wp-image-79937 size-full\" src=\"https:\/\/www.rhevistarh.com.br\/portal\/wp-content\/uploads\/2026\/04\/novo_reportit_720_90_2.png\" alt=\"\" width=\"720\" height=\"90\" srcset=\"https:\/\/www.rhevistarh.com.br\/portal\/wp-content\/uploads\/2026\/04\/novo_reportit_720_90_2.png 720w, https:\/\/www.rhevistarh.com.br\/portal\/wp-content\/uploads\/2026\/04\/novo_reportit_720_90_2-300x38.png 300w\" sizes=\"auto, (max-width: 720px) 100vw, 720px\" \/><\/a><\/div><\/div>\n<p>&nbsp;<\/p>\n<p style=\"text-align: justify;\"><strong>Liberdade de decis\u00e3o<\/strong><br \/>\nO substitutivo garante ao profissional \u201cliberdade e completa independ\u00eancia\u201d de decidir sobre a utiliza\u00e7\u00e3o ou n\u00e3o da telessa\u00fade, inclusive com rela\u00e7\u00e3o \u00e0 primeira consulta, ao atendimento ou ao procedimento, podendo optar pela utiliza\u00e7\u00e3o de atendimento presencial sempre que entender necess\u00e1rio.<\/p>\n<p style=\"text-align: justify;\">Quanto ao paciente, a pr\u00e1tica da telessa\u00fade tamb\u00e9m deve ser realizada com seu consentimento livre e esclarecido ou de seu representante legal.<\/p>\n<p style=\"text-align: justify;\">Em busca de um acordo na vota\u00e7\u00e3o em Plen\u00e1rio, Vilela incorporou trecho de emenda do deputado <a href=\"https:\/\/www.camara.leg.br\/deputados\/74161\" target=\"_blank\" rel=\"noopener\">Reginaldo Lopes (PT-MG)<\/a> para especificar que o paciente ter\u00e1 a garantia do atendimento presencial sempre que solicitar.<\/p>\n<figure id=\"attachment_73262\" aria-describedby=\"caption-attachment-73262\" style=\"width: 450px\" class=\"wp-caption aligncenter\"><img loading=\"lazy\" decoding=\"async\" class=\"wp-image-73262 size-full\" src=\"https:\/\/www.rhevistarh.com.br\/portal\/wp-content\/uploads\/2022\/04\/camara2.png\" alt=\"\" width=\"450\" height=\"265\" srcset=\"https:\/\/www.rhevistarh.com.br\/portal\/wp-content\/uploads\/2022\/04\/camara2.png 450w, https:\/\/www.rhevistarh.com.br\/portal\/wp-content\/uploads\/2022\/04\/camara2-300x177.png 300w\" sizes=\"auto, (max-width: 450px) 100vw, 450px\" \/><figcaption id=\"caption-attachment-73262\" class=\"wp-caption-text\">Pedro Vilela, relator da proposta<br \/>Reprodu\u00e7\u00e3o\/TV C\u00e2mara<\/figcaption><\/figure>\n<div id=\"image-container-869764\" class=\"image-container\" style=\"text-align: justify;\" data-midia=\"869764\"><\/div>\n<p style=\"text-align: justify;\">A todo caso, a pr\u00e1tica da telessa\u00fade estar\u00e1 sob responsabilidade do profissional de sa\u00fade, que dever\u00e1 seguir os ditames do marco civil da internet, da Lei do Ato M\u00e9dico, da Lei Geral de Prote\u00e7\u00e3o de Dados, do C\u00f3digo de Defesa do Consumidor e, quando for o caso, da Lei do Prontu\u00e1rio Eletr\u00f4nico.<\/p>\n<p style=\"text-align: justify;\"><strong>Normas e fiscaliza\u00e7\u00e3o<\/strong><br \/>\nSobre as regras da pr\u00e1tica, o texto determina que o ato normativo no qual haja alguma restri\u00e7\u00e3o \u00e0 telessa\u00fade deve contar com demonstra\u00e7\u00e3o da necessidade da medida para evitar danos \u00e0 sa\u00fade dos pacientes. No caso do Sistema \u00danico de Sa\u00fade (SUS), dever\u00e3o ser observadas as normas para seu funcionamento expedidas pelo \u00f3rg\u00e3o de dire\u00e7\u00e3o.<\/p>\n<p style=\"text-align: justify;\">A fiscaliza\u00e7\u00e3o das normas \u00e9ticas no exerc\u00edcio profissional da telessa\u00fade ser\u00e1 de compet\u00eancia dos conselhos federais das profiss\u00f5es envolvidas, aplicando-se os padr\u00f5es adotados para as modalidades de atendimento presencial naquilo que n\u00e3o contrariarem as regras do projeto.<\/p>\n<p style=\"text-align: justify;\"><strong>Princ\u00edpios<\/strong><br \/>\nPara o uso da telessa\u00fade, o projeto estipula princ\u00edpios a serem seguidos na presta\u00e7\u00e3o remota de servi\u00e7os:<\/p>\n<ul style=\"text-align: justify;\">\n<li>autonomia do profissional de sa\u00fade;<\/li>\n<li>consentimento livre e informado do paciente;<\/li>\n<li>direito de recusa ao atendimento na modalidade telessa\u00fade;<\/li>\n<li>dignidade e valoriza\u00e7\u00e3o do profissional de sa\u00fade;<\/li>\n<li>assist\u00eancia segura e com qualidade ao paciente;<\/li>\n<li>confidencialidade dos dados;<\/li>\n<li>promo\u00e7\u00e3o da universaliza\u00e7\u00e3o do acesso dos brasileiros \u00e0s a\u00e7\u00f5es e aos servi\u00e7os de sa\u00fade;<\/li>\n<li>observ\u00e2ncia estrita das atribui\u00e7\u00f5es legais de cada profiss\u00e3o; e<\/li>\n<li>responsabilidade digital.<\/li>\n<\/ul>\n<p style=\"text-align: justify;\"><b>Ponto rejeitado<\/b><br \/>\nNa vota\u00e7\u00e3o em Plen\u00e1rio, foi rejeitado <span id=\"4027\" class=\"termoGlossario\" title=\"\" contenteditable=\"false\" data-toggle=\"tooltip\" data-placement=\"top\" data-original-title=\"Pedido feito por deputado ou l\u00edder de partido para votar, de forma separada, emenda ou parte do texto. A vota\u00e7\u00e3o ocorre ap\u00f3s a aprova\u00e7\u00e3o do texto principal.\">destaque<\/span> do PT que pretendia incluir dispositivo para resguardar a aplica\u00e7\u00e3o das normas que regem as contrata\u00e7\u00f5es dos profissionais no regime de teletrabalho ou trabalho remoto.<\/p>\n<p>Fonte: \u00a0&#8216;Ag\u00eancia C\u00e2mara Not\u00edcias&#8217;.<br \/>\nReportagem \u2013 Eduardo Piovesan<br \/>\nEdi\u00e7\u00e3o \u2013 Pierre Triboli<\/p>\n<p>Veja a integra do substitutivo,\u00a0 <a href=\"https:\/\/www.camara.leg.br\/proposicoesWeb\/prop_mostrarintegra?codteor=2161569&amp;filename=SBT+1+CSSF+%3D%3E+PL+1998\/2020\" target=\"_blank\" rel=\"noopener\">CLIQUE AQUI<\/a><\/p>\n<p>Veja mat\u00e9ria no Youtube<\/p>\n<p><iframe loading=\"lazy\" title=\"Aprovado projeto que regulamenta a telessa\u00fade no Brasil - 27\/04\/22\" width=\"676\" height=\"380\" src=\"https:\/\/www.youtube.com\/embed\/uO8D0SJZyFY?feature=oembed\" frameborder=\"0\" allow=\"accelerometer; autoplay; clipboard-write; encrypted-media; gyroscope; picture-in-picture\" allowfullscreen><\/iframe><\/p>\n<hr \/>\n<p>&nbsp;<\/p>\n<\/div>\n<\/div>\n","protected":false},"excerpt":{"rendered":"<p>A C\u00e2mara dos Deputados aprovou nesta quarta-feira (27) o projeto de lei que autoriza e conceitua a pr\u00e1tica da telessa\u00fade em todo o territ\u00f3rio nacional, abrangendo<\/p>\n","protected":false},"author":8,"featured_media":73264,"comment_status":"open","ping_status":"open","sticky":false,"template":"","format":"standard","meta":{"footnotes":""},"categories":[1],"tags":[5858,3030,5859,5856,5857],"table_tags":[],"class_list":["post-73260","post","type-post","status-publish","format-standard","has-post-thumbnail","hentry","category-noticias","tag-adriana-ventura","tag-destaque","tag-pedro-vilela","tag-telemedicina","tag-telessaude","entry"],"aioseo_notices":[],"_links":{"self":[{"href":"https:\/\/www.rhevistarh.com.br\/portal\/wp-json\/wp\/v2\/posts\/73260","targetHints":{"allow":["GET"]}}],"collection":[{"href":"https:\/\/www.rhevistarh.com.br\/portal\/wp-json\/wp\/v2\/posts"}],"about":[{"href":"https:\/\/www.rhevistarh.com.br\/portal\/wp-json\/wp\/v2\/types\/post"}],"author":[{"embeddable":true,"href":"https:\/\/www.rhevistarh.com.br\/portal\/wp-json\/wp\/v2\/users\/8"}],"replies":[{"embeddable":true,"href":"https:\/\/www.rhevistarh.com.br\/portal\/wp-json\/wp\/v2\/comments?post=73260"}],"version-history":[{"count":0,"href":"https:\/\/www.rhevistarh.com.br\/portal\/wp-json\/wp\/v2\/posts\/73260\/revisions"}],"wp:featuredmedia":[{"embeddable":true,"href":"https:\/\/www.rhevistarh.com.br\/portal\/wp-json\/wp\/v2\/media\/73264"}],"wp:attachment":[{"href":"https:\/\/www.rhevistarh.com.br\/portal\/wp-json\/wp\/v2\/media?parent=73260"}],"wp:term":[{"taxonomy":"category","embeddable":true,"href":"https:\/\/www.rhevistarh.com.br\/portal\/wp-json\/wp\/v2\/categories?post=73260"},{"taxonomy":"post_tag","embeddable":true,"href":"https:\/\/www.rhevistarh.com.br\/portal\/wp-json\/wp\/v2\/tags?post=73260"},{"taxonomy":"table_tags","embeddable":true,"href":"https:\/\/www.rhevistarh.com.br\/portal\/wp-json\/wp\/v2\/table_tags?post=73260"}],"curies":[{"name":"wp","href":"https:\/\/api.w.org\/{rel}","templated":true}]}}