{"id":73430,"date":"2022-05-02T10:31:29","date_gmt":"2022-05-02T13:31:29","guid":{"rendered":"https:\/\/www.rhevistarh.com.br\/portal\/?p=73430"},"modified":"2022-05-02T16:50:52","modified_gmt":"2022-05-02T19:50:52","slug":"lancamento-do-programa-trabalho-sustentavel","status":"publish","type":"post","link":"https:\/\/www.rhevistarh.com.br\/portal\/lancamento-do-programa-trabalho-sustentavel\/","title":{"rendered":"Lan\u00e7amento do Programa Trabalho Sustent\u00e1vel"},"content":{"rendered":"<p><div class=\"g g-1\"><div class=\"g-single a-34\"><a class=\"gofollow\" data-track=\"MzQsMSwxLDEw\" href=\"https:\/\/www.contatoanonimo.com.br\" target=\"_blank\" rel=\"noopener\"><img loading=\"lazy\" decoding=\"async\" class=\"aligncenter wp-image-79937 size-full\" src=\"https:\/\/www.rhevistarh.com.br\/portal\/wp-content\/uploads\/2026\/04\/novo_reportit_720_90_2.png\" alt=\"\" width=\"720\" height=\"90\" srcset=\"https:\/\/www.rhevistarh.com.br\/portal\/wp-content\/uploads\/2026\/04\/novo_reportit_720_90_2.png 720w, https:\/\/www.rhevistarh.com.br\/portal\/wp-content\/uploads\/2026\/04\/novo_reportit_720_90_2-300x38.png 300w\" sizes=\"auto, (max-width: 720px) 100vw, 720px\" \/><\/a><\/div><\/div>Dia 05\/05, \u00e0s 10h, no canal da ENIT no YouTube, a Subsecretaria de Inspe\u00e7\u00e3o do Trabalho (SIT) do Minist\u00e9rio do Trabalho e Previd\u00eancia ir\u00e1 lan\u00e7ar o <strong>programa Trabalho Sustent\u00e1vel: Promovendo a Conduta Empresarial Respons\u00e1vel (CER)<\/strong>, um conjunto de iniciativas inovadoras para orientar trabalhadores e empregadores, bem como suas organiza\u00e7\u00f5es e demais atores do mundo do trabalho, acerca do cumprimento das normas de prote\u00e7\u00e3o ao trabalho, inclusive as de seguran\u00e7a e sa\u00fade.<\/p>\n<p style=\"text-align: justify;\"><strong>Programa\u00e7\u00e3o:<br \/>\n<\/strong>10h00 Abertura<br \/>\n10h30 Apresenta\u00e7\u00e3o do Programa Trabalho Sustent\u00e1vel<br \/>\n<strong>Lan\u00e7amento das seguintes ferramentas:<\/strong><br \/>\n10h50 Autodiagn\u00f3stico de Conduta Empresarial Respons\u00e1vel (CER)<br \/>\n11h00 Sistema para Elabora\u00e7\u00e3o do do Programa de Gest\u00e3o de Riscos do Trabalho Rural (PGRTR)<br \/>\n11h15 Atualiza\u00e7\u00e3o do Sistema Ip\u00ea do Trabalho Escravo<br \/>\n11h25 Sistema Ip\u00ea do Trabalho Infantil<br \/>\n11h35 Radar do Trabalho Infantil<br \/>\n11h45 Informes SIT<br \/>\n12h00 Encerramento<\/p>\n<p style=\"text-align: justify;\"><strong>Participa\u00e7\u00e3o especial:<br \/>\n<\/strong>\u2712\ufe0f Secretaria do Trabalho<br \/>\n\u2712\ufe0f Minist\u00e9rio da Mulher, Fam\u00edlia e Direitos Humanos<br \/>\n\u2712\ufe0f Minist\u00e9rio da Cidadania<br \/>\n\u2712\ufe0f Minist\u00e9rio da Economia<br \/>\n\u2712\ufe0f Organiza\u00e7\u00e3o Internacional do Trabalho<\/p>\n<p style=\"text-align: justify;\">\ud83d\udcdd N\u00e3o fique de fora! Agende e venha conhecer um novo modo de pensar as rela\u00e7\u00f5es de trabalho no Brasil.<\/p>\n<p style=\"text-align: justify;\"><a href=\"https:\/\/youtu.be\/mnqEGxNIa3g\" target=\"_blank\" rel=\"noopener\">Assista Aqui!<\/a><\/p>\n<p style=\"text-align: justify;\"><iframe loading=\"lazy\" title=\"Lan\u00e7amento do Programa \u201cTrabalho Sustent\u00e1vel\u201d\" width=\"676\" height=\"380\" src=\"https:\/\/www.youtube.com\/embed\/mnqEGxNIa3g?feature=oembed\" frameborder=\"0\" allow=\"accelerometer; autoplay; clipboard-write; encrypted-media; gyroscope; picture-in-picture\" allowfullscreen><\/iframe><\/p>\n<hr \/>\n<p>&nbsp;<\/p>\n<p>&nbsp;<\/p>\n","protected":false},"excerpt":{"rendered":"<p>Dia 05\/05, \u00e0s 10h, no canal da ENIT no YouTube, a Subsecretaria de Inspe\u00e7\u00e3o do Trabalho (SIT) do Minist\u00e9rio do Trabalho e Previd\u00eancia ir\u00e1 lan\u00e7ar o programa Trabalho Sustent\u00e1vel: Promovendo a Conduta Empresarial Respons\u00e1vel (CER)<\/p>\n","protected":false},"author":8,"featured_media":73431,"comment_status":"open","ping_status":"open","sticky":false,"template":"","format":"standard","meta":{"footnotes":""},"categories":[1],"tags":[5875,5874,3030,5877,5876,5873],"table_tags":[],"class_list":["post-73430","post","type-post","status-publish","format-standard","has-post-thumbnail","hentry","category-noticias","tag-cer","tag-conduta-empresarial-responsavel-cer","tag-destaque","tag-sit","tag-sit-secretaria-de-inspecao-do-trabalho","tag-trabalho-sustentavel","entry"],"aioseo_notices":[],"_links":{"self":[{"href":"https:\/\/www.rhevistarh.com.br\/portal\/wp-json\/wp\/v2\/posts\/73430","targetHints":{"allow":["GET"]}}],"collection":[{"href":"https:\/\/www.rhevistarh.com.br\/portal\/wp-json\/wp\/v2\/posts"}],"about":[{"href":"https:\/\/www.rhevistarh.com.br\/portal\/wp-json\/wp\/v2\/types\/post"}],"author":[{"embeddable":true,"href":"https:\/\/www.rhevistarh.com.br\/portal\/wp-json\/wp\/v2\/users\/8"}],"replies":[{"embeddable":true,"href":"https:\/\/www.rhevistarh.com.br\/portal\/wp-json\/wp\/v2\/comments?post=73430"}],"version-history":[{"count":0,"href":"https:\/\/www.rhevistarh.com.br\/portal\/wp-json\/wp\/v2\/posts\/73430\/revisions"}],"wp:featuredmedia":[{"embeddable":true,"href":"https:\/\/www.rhevistarh.com.br\/portal\/wp-json\/wp\/v2\/media\/73431"}],"wp:attachment":[{"href":"https:\/\/www.rhevistarh.com.br\/portal\/wp-json\/wp\/v2\/media?parent=73430"}],"wp:term":[{"taxonomy":"category","embeddable":true,"href":"https:\/\/www.rhevistarh.com.br\/portal\/wp-json\/wp\/v2\/categories?post=73430"},{"taxonomy":"post_tag","embeddable":true,"href":"https:\/\/www.rhevistarh.com.br\/portal\/wp-json\/wp\/v2\/tags?post=73430"},{"taxonomy":"table_tags","embeddable":true,"href":"https:\/\/www.rhevistarh.com.br\/portal\/wp-json\/wp\/v2\/table_tags?post=73430"}],"curies":[{"name":"wp","href":"https:\/\/api.w.org\/{rel}","templated":true}]}}