{"id":73477,"date":"2022-05-10T09:33:41","date_gmt":"2022-05-10T12:33:41","guid":{"rendered":"https:\/\/www.rhevistarh.com.br\/portal\/?p=73477"},"modified":"2022-05-11T20:21:19","modified_gmt":"2022-05-11T23:21:19","slug":"loreal-brasil-prorroga-prazo-para-inscricoes-para-a-17a-edicao-do-programa-para-mulheres-na-ciencia","status":"publish","type":"post","link":"https:\/\/www.rhevistarh.com.br\/portal\/loreal-brasil-prorroga-prazo-para-inscricoes-para-a-17a-edicao-do-programa-para-mulheres-na-ciencia\/","title":{"rendered":"L\u2019Or\u00e9al Brasil prorroga prazo para inscri\u00e7\u00f5es para a 17\u00aa edi\u00e7\u00e3o do programa Para Mulheres na Ci\u00eancia"},"content":{"rendered":"<p><img decoding=\"async\" class=\"CToWUd aligncenter\" src=\"https:\/\/ci3.googleusercontent.com\/proxy\/f_T9D7TjLCFWqHUwXuZ6zMqVpTc9TNKwy7RGWjP5kKTWixfgbK_Lc65sWy3nAnEm2EToNFJNjmLse5Yq5irGvSvVgi-ctuf9xyRC_8XukAnuhYhtdWIWCf9pd5yxNwsjZP7a4YWfJOQ-vXhuHXeN-5axI8C84di3WzDkkV4r58DqazalvRmti-DhltZC2NnU0DViEHHSb_htxN740E2mPbVmvZFDwMJONupyHK1otk4-RotHUHloVN_7fN_X203MDpWW=s0-d-e1-ft#https:\/\/s2205.agenciareleases.com\/3ygjZwY2Y6InYu02bj5CbpFWbnBUau9GduFmZuIXahR2b6UDOycDOwYTN0ozZuBnLwUDZlJWYlBTY5gTOzQmY4EjYwATZ2kzNiFmNkRmM1cjRyUiM1cjRyUCMGJTJ2IDMx8VL0ETLfpTO\" width=\"222\" \/><\/p>\n<p style=\"text-align: center;\">Premia\u00e7\u00e3o, realizada pela multinacional de beleza em parceria com a UNESCO no Brasil e a Academia Brasileira de Ci\u00eancias, contempla pesquisadoras com bolsas de at\u00e9 50 mil reais<\/p>\n<p style=\"text-align: justify;\"><i><strong><img loading=\"lazy\" decoding=\"async\" class=\"alignright wp-image-73497 size-thumbnail\" src=\"https:\/\/www.rhevistarh.com.br\/portal\/wp-content\/uploads\/2022\/05\/loreal_4-150x150.png\" alt=\"\" width=\"150\" height=\"150\" srcset=\"https:\/\/www.rhevistarh.com.br\/portal\/wp-content\/uploads\/2022\/05\/loreal_4-150x150.png 150w, https:\/\/www.rhevistarh.com.br\/portal\/wp-content\/uploads\/2022\/05\/loreal_4-100x100.png 100w, https:\/\/www.rhevistarh.com.br\/portal\/wp-content\/uploads\/2022\/05\/loreal_4-60x60.png 60w, https:\/\/www.rhevistarh.com.br\/portal\/wp-content\/uploads\/2022\/05\/loreal_4.png 274w\" sizes=\"auto, (max-width: 150px) 100vw, 150px\" \/>Rio de Janeiro, 9 de maio de 2022<\/strong>\u00a0<\/i>&#8212; O prazo para as inscri\u00e7\u00f5es para a 17\u00aa edi\u00e7\u00e3o no Brasil do programa Para Mulheres na Ci\u00eancia foi prorrogado e encerra no dia 30 de junho. Realizado pela L\u00b4Or\u00e9al, em parceria com a UNESCO no Brasil e a Academia Brasileira de Ci\u00eancias, o pr\u00eamio seleciona todo ano, na edi\u00e7\u00e3o local, sete jovens pesquisadoras das \u00e1reas de Ci\u00eancias da Vida, Ci\u00eancias F\u00edsicas, Ci\u00eancias Qu\u00edmicas e Matem\u00e1tica que s\u00e3o contempladas com uma bolsa-aux\u00edlio de R\uff04 50 mil cada, para dar prosseguimento aos seus estudos. O objetivo promover e reconhecer a participa\u00e7\u00e3o da mulher na ci\u00eancia, favorecendo o equil\u00edbrio dos g\u00eaneros no cen\u00e1rio brasileiro.<\/p>\n<p style=\"text-align: justify;\">Nesta edi\u00e7\u00e3o, de modo a aumentar a penetra\u00e7\u00e3o do programa em todas as regi\u00f5es do pa\u00eds, a L\u2019Or\u00e9al, em conjunto com a Academia Brasileira de Ci\u00eancias e Unesco, aposta no modelo de\u00a0<i>roadshow<\/i>\u00a0virtual de apresenta\u00e7\u00e3o do programa pelas principais universidades p\u00fablicas e estaduais do pa\u00eds. Al\u00e9m disso, com o mesmo intuito, tamb\u00e9m iniciou a segunda temporada do\u00a0<i>videocast<\/i>\u00a0Para Elas na Ci\u00eancia, em parceria com o projeto Pretas na Ci\u00eancia. J\u00e1 est\u00e1 dispon\u00edvel o epis\u00f3dio com a Dra. Jaqueline Goes e, em breve, com as convidadas confirmadas Dra. Mellanie Dutra e Nina Da Hora.<\/p>\n<p style=\"text-align: justify;\">As vencedoras ser\u00e3o conhecidas no segundo semestre deste ano. Para participar, \u00e9 necess\u00e1rio que a candidata tenha conclu\u00eddo o doutorado a partir de 01\/01\/2014. Assim como na edi\u00e7\u00e3o anterior, refor\u00e7ando a import\u00e2ncia da inclus\u00e3o, o programa ampliou o prazo de conclus\u00e3o do doutorado para cientistas que s\u00e3o m\u00e3es: para mulheres com um filho, o prazo se estende por mais um ano e, para quem tem dois ou mais filhos, o prazo adicional ser\u00e1 de dois anos. Al\u00e9m disso, a cientista deve ter resid\u00eancia est\u00e1vel no Brasil, desenvolver projetos de pesquisa em institui\u00e7\u00f5es nacionais, entre outros requisitos. O regulamento completo e mais informa\u00e7\u00f5es sobre o programa est\u00e3o dispon\u00edveis no site do\u00a0<a href=\"https:\/\/s2205.agenciareleases.com\/link.php?code=bDpodHRwcyUzQSUyRiUyRnd3dy5mb3J3b21lbmluc2NpZW5jZS5jb20lMkZjaGFsbGVuZ2UlMkZzaG93JTJGNDU6NDU2MDg3Mjg1Om9kYWlyLmZhbnRvbmlAZ21haWwuY29tLmJyOjdmMzA2Ng==\" target=\"_blank\" rel=\"noopener\" data-saferedirecturl=\"https:\/\/www.google.com\/url?q=https:\/\/s2205.agenciareleases.com\/link.php?code%3DbDpodHRwcyUzQSUyRiUyRnd3dy5mb3J3b21lbmluc2NpZW5jZS5jb20lMkZjaGFsbGVuZ2UlMkZzaG93JTJGNDU6NDU2MDg3Mjg1Om9kYWlyLmZhbnRvbmlAZ21haWwuY29tLmJyOjdmMzA2Ng%3D%3D&amp;source=gmail&amp;ust=1652270487497000&amp;usg=AOvVaw3wtypseZ3AL23_9BDhUrUM\">For Women in Science<\/a>.<\/p>\n<div class=\"g g-1\"><div class=\"g-single a-33\"><a class=\"gofollow\" data-track=\"MzMsMSwxLDEw\" href=\"https:\/\/dataanalyzer.com.br\/\" target=\"_blank\" rel=\"noopener\"><img loading=\"lazy\" decoding=\"async\" class=\"aligncenter wp-image-79918 size-full\" src=\"https:\/\/www.rhevistarh.com.br\/portal\/wp-content\/uploads\/2026\/03\/novo_topo_720_90_DA.png\" alt=\"\" width=\"720\" height=\"90\" srcset=\"https:\/\/www.rhevistarh.com.br\/portal\/wp-content\/uploads\/2026\/03\/novo_topo_720_90_DA.png 720w, https:\/\/www.rhevistarh.com.br\/portal\/wp-content\/uploads\/2026\/03\/novo_topo_720_90_DA-300x38.png 300w\" sizes=\"auto, (max-width: 720px) 100vw, 720px\" \/><\/a><\/div><\/div>\n<p style=\"text-align: justify;\">\u201cMais que nunca, a ci\u00eancia teve um papel-chave na solu\u00e7\u00e3o dos grandes desafios do mundo. E as mulheres est\u00e3o em evid\u00eancia nesse momento. Elas t\u00eam se destacado cada vez mais nas diferentes \u00e1reas da ci\u00eancia, mas ainda h\u00e1 um longo caminho a percorrer. O programa Para Mulheres na Ci\u00eancia h\u00e1 17 anos incentiva e empodera jovens e talentosas pesquisadoras brasileiras, refor\u00e7ando nossa cren\u00e7a de que o mundo precisa de ci\u00eancia, e a ci\u00eancia precisa de mulheres!\u201d, diz Patrick Sabatier, Diretor de Rela\u00e7\u00f5es Institucionais, Engajamento &amp; Sustentabilidade na L&#8217;Or\u00e9al Brasil.<\/p>\n<p style=\"text-align: justify;\"><strong>Pesquisas revelam dificuldade de mulheres cientistas durante a pandemia<\/strong><\/p>\n<p style=\"text-align: justify;\">De acordo com o \u00faltimo Relat\u00f3rio da Ci\u00eancia da Unesco, as mulheres representam cerca de 33% entre os pesquisadores globais. Cerca de 50% delas disseram ter sofrido ass\u00e9dio sexual no trabalho, e menos de 4% por cento dos Pr\u00eamios Nobel s\u00e3o mulheres. Por isso, \u00e9 fundamental agirmos em favor de mais inclus\u00e3o em pesquisas e encorajar mulheres a seguirem em frente no sonho da carreira cient\u00edfica.<\/p>\n<p style=\"text-align: justify;\">Al\u00e9m disso, a pandemia teve um impacto significativo nesse recorte. Diversos estudos mostram como cientistas mulheres, especialmente aquelas com filhos e as nos primeiros est\u00e1gios de suas carreiras, foram as mais afetadas pela pandemia. Em m\u00e9dia, cientistas do sexo feminino reportaram um decl\u00ednio de 5% no tempo dispon\u00edvel para pesquisas quando comparadas a seus colegas do sexo masculino durante esse per\u00edodo pand\u00eamico. Para as que t\u00eam pelo menos um filho com idade de 5 anos ou menos, o decl\u00ednio chegou a alcan\u00e7ar 17%.<\/p>\n<p style=\"text-align: justify;\">Para ajudar a vencer esses grandes desafios, a L\u2019Or\u00e9al, bem como os parceiros Academia Brasileira de Ci\u00eancias e Unesco, tomaram a decis\u00e3o de ajustar o regulamento do programa no Brasil, ampliando a oportunidade para as m\u00e3es cientistas.<\/p>\n<p style=\"text-align: justify;\">Ao longo destes 17 anos, o programa Para Mulheres na Ci\u00eancia j\u00e1 reconheceu e incentivou 110 cientistas brasileiras, premiando a relev\u00e2ncia dos seus trabalhos, com a distribui\u00e7\u00e3o mais de R\uff04 4,7 milh\u00f5es em bolsas-aux\u00edlio.<\/p>\n","protected":false},"excerpt":{"rendered":"<p>Premia\u00e7\u00e3o, realizada pela multinacional de beleza em parceria com a UNESCO no Brasil e a Academia Brasileira de Ci\u00eancias, contempla pesquisadoras com bolsas de at\u00e9 50 mil reais<\/p>\n","protected":false},"author":8,"featured_media":73478,"comment_status":"open","ping_status":"open","sticky":false,"template":"","format":"standard","meta":{"footnotes":""},"categories":[1],"tags":[3030,5888,5890,5886,5887,5889,5891],"table_tags":[],"class_list":["post-73477","post","type-post","status-publish","format-standard","has-post-thumbnail","hentry","category-noticias","tag-destaque","tag-dra-mellanie-dutra","tag-for-women-in-science","tag-loreal","tag-loreal-brasil","tag-nina-da-hora","tag-patrick-sabatier","entry"],"aioseo_notices":[],"_links":{"self":[{"href":"https:\/\/www.rhevistarh.com.br\/portal\/wp-json\/wp\/v2\/posts\/73477","targetHints":{"allow":["GET"]}}],"collection":[{"href":"https:\/\/www.rhevistarh.com.br\/portal\/wp-json\/wp\/v2\/posts"}],"about":[{"href":"https:\/\/www.rhevistarh.com.br\/portal\/wp-json\/wp\/v2\/types\/post"}],"author":[{"embeddable":true,"href":"https:\/\/www.rhevistarh.com.br\/portal\/wp-json\/wp\/v2\/users\/8"}],"replies":[{"embeddable":true,"href":"https:\/\/www.rhevistarh.com.br\/portal\/wp-json\/wp\/v2\/comments?post=73477"}],"version-history":[{"count":0,"href":"https:\/\/www.rhevistarh.com.br\/portal\/wp-json\/wp\/v2\/posts\/73477\/revisions"}],"wp:featuredmedia":[{"embeddable":true,"href":"https:\/\/www.rhevistarh.com.br\/portal\/wp-json\/wp\/v2\/media\/73478"}],"wp:attachment":[{"href":"https:\/\/www.rhevistarh.com.br\/portal\/wp-json\/wp\/v2\/media?parent=73477"}],"wp:term":[{"taxonomy":"category","embeddable":true,"href":"https:\/\/www.rhevistarh.com.br\/portal\/wp-json\/wp\/v2\/categories?post=73477"},{"taxonomy":"post_tag","embeddable":true,"href":"https:\/\/www.rhevistarh.com.br\/portal\/wp-json\/wp\/v2\/tags?post=73477"},{"taxonomy":"table_tags","embeddable":true,"href":"https:\/\/www.rhevistarh.com.br\/portal\/wp-json\/wp\/v2\/table_tags?post=73477"}],"curies":[{"name":"wp","href":"https:\/\/api.w.org\/{rel}","templated":true}]}}