{"id":73982,"date":"2022-06-24T20:39:21","date_gmt":"2022-06-24T23:39:21","guid":{"rendered":"https:\/\/www.rhevistarh.com.br\/portal\/?p=73982"},"modified":"2022-06-24T20:41:06","modified_gmt":"2022-06-24T23:41:06","slug":"didactica-uma-das-principais-empresas-de-solucoes-em-educacao-corporativa-do-mercado-participa-de-evento-de-rh-com-palestra-de-daniela-luiz","status":"publish","type":"post","link":"https:\/\/www.rhevistarh.com.br\/portal\/didactica-uma-das-principais-empresas-de-solucoes-em-educacao-corporativa-do-mercado-participa-de-evento-de-rh-com-palestra-de-daniela-luiz\/","title":{"rendered":"Did\u00e1ctica, uma das principais empresas de solu\u00e7\u00f5es em educa\u00e7\u00e3o corporativa do mercado, participa de evento de RH com palestra de Daniela Luiz"},"content":{"rendered":"<figure id=\"attachment_73983\" aria-describedby=\"caption-attachment-73983\" style=\"width: 400px\" class=\"wp-caption alignleft\"><img loading=\"lazy\" decoding=\"async\" class=\"wp-image-73983 size-full\" src=\"https:\/\/www.rhevistarh.com.br\/portal\/wp-content\/uploads\/2022\/06\/danielaluiz.jpg\" alt=\"\" width=\"400\" height=\"300\" srcset=\"https:\/\/www.rhevistarh.com.br\/portal\/wp-content\/uploads\/2022\/06\/danielaluiz.jpg 400w, https:\/\/www.rhevistarh.com.br\/portal\/wp-content\/uploads\/2022\/06\/danielaluiz-300x225.jpg 300w\" sizes=\"auto, (max-width: 400px) 100vw, 400px\" \/><figcaption id=\"caption-attachment-73983\" class=\"wp-caption-text\">Daniela Luiz<br \/>S\u00f3cia Diretora da Did\u00e1ctica<\/figcaption><\/figure>\n<p style=\"text-align: justify;\"><u><\/u>No pr\u00f3ximo dia 29 de junho, acontece em S\u00e3o Paulo (no buffet Casa Traff\u00f4), a 14\u00aa edi\u00e7\u00e3o de um dos maiores eventos de RH do Brasil, o HR First Class (<a href=\"http:\/\/www.hrfirstclass.com.br\/\" target=\"_blank\" rel=\"noopener\" data-saferedirecturl=\"https:\/\/www.google.com\/url?q=http:\/\/www.hrfirstclass.com.br\/&amp;source=gmail&amp;ust=1656199870815000&amp;usg=AOvVaw12fd_MxAMcNBsU9op9obJI\">www.hrfirstclass.com.br<\/a>). Desta vez, o tema ser\u00e1 Educa\u00e7\u00e3o Corporativa: os desafios das empresas em educar seus colaboradores, fornecedores, clientes e sociedade. E no centro da discuss\u00e3o estar\u00e1 Daniela Luiz, s\u00f3cia diretora da Did\u00e1ctica e uma das maiores especialistas do tema no mercado. A executiva tamb\u00e9m \u00e9 pedagoga, administradora de empresa (com especializa\u00e7\u00e3o em gest\u00e3o do conhecimento e de equipe e-learning), al\u00e9m de autora de diversos livros did\u00e1ticos profissionalizantes.<u><\/u><u><\/u><\/p>\n<p style=\"text-align: justify;\">Em sua trajet\u00f3ria, Daniela desenvolveu diversos projetos de muito sucesso em educa\u00e7\u00e3o corporativa para empresas como Ita\u00fa\/Unibanco, O Botic\u00e1rio, Grendene, Honda, Hyundai, Instituto Embelleze entre v\u00e1rias outras companhias.\u00a0<u><\/u><u><\/u><\/p>\n<p style=\"text-align: justify;\">Durante sua participa\u00e7\u00e3o no evento, a Daniela ir\u00e1 enfatizar a necessidade de uma mudan\u00e7a dentro das empresas para que haja o melhor entendimento e a valoriza\u00e7\u00e3o da import\u00e2ncia em promover a educa\u00e7\u00e3o e dissemin\u00e1-la em todos os n\u00edveis das companhias.\u00a0<u><\/u><u><\/u><\/p>\n<p style=\"text-align: justify;\">\u201cHoje no Brasil existem mais de 20 milh\u00f5es de empresas ativas e cerca de aproximadamente 8.500 institui\u00e7\u00f5es de ensino em n\u00edvel t\u00e9cnico e de gradua\u00e7\u00e3o, ou seja, o ambiente corporativo tem alta capacidade de promover educa\u00e7\u00e3o e fazer isso de forma alinhada \u00e0s estrat\u00e9gias das companhias, at\u00e9 mais que as Universidades que trazem em sua ess\u00eancia um ensino mais acad\u00eamico e institucionalizado. \u00c9 importante despertar esta for\u00e7a nas empresas\u201d, detalha a executiva.<u><\/u><u><\/u><\/p>\n<div class=\"g g-1\"><div class=\"g-single a-34\"><a class=\"gofollow\" data-track=\"MzQsMSwxLDEw\" href=\"https:\/\/www.contatoanonimo.com.br\" target=\"_blank\" rel=\"noopener\"><img loading=\"lazy\" decoding=\"async\" class=\"aligncenter wp-image-79937 size-full\" src=\"https:\/\/www.rhevistarh.com.br\/portal\/wp-content\/uploads\/2026\/04\/novo_reportit_720_90_2.png\" alt=\"\" width=\"720\" height=\"90\" srcset=\"https:\/\/www.rhevistarh.com.br\/portal\/wp-content\/uploads\/2026\/04\/novo_reportit_720_90_2.png 720w, https:\/\/www.rhevistarh.com.br\/portal\/wp-content\/uploads\/2026\/04\/novo_reportit_720_90_2-300x38.png 300w\" sizes=\"auto, (max-width: 720px) 100vw, 720px\" \/><\/a><\/div><\/div>\n<p style=\"text-align: justify;\">Hoje, por meio de sua atua\u00e7\u00e3o na Did\u00e1ctica, Daniela revela que \u00e9 poss\u00edvel identificar uma grande defici\u00eancia de compet\u00eancias cr\u00edticas, t\u00e9cnicas e comportamentais nas empresas, al\u00e9m de apontar que a educa\u00e7\u00e3o pode ser um caminho para solucionar estas quest\u00f5es, levando conhecimento de diversos formatos, prontos ou customizados, com o desenvolvimento e aprimoramento das hard e soft skills dos colaboradores.<u><\/u><u><\/u><\/p>\n<p style=\"text-align: justify;\">\u00c9 importante frisar tamb\u00e9m que a Educa\u00e7\u00e3o Corporativa impacta toda a cadeia, al\u00e9m dos funcion\u00e1rios, chegando ao cliente que ser\u00e1 melhor instru\u00eddo a consumir o produto ou servi\u00e7o, o fornecedor para entregar insumos mais adequados com \u00e0s necessidades das empresas, os parceiros de neg\u00f3cios que poder\u00e3o ampliar participa\u00e7\u00f5es e, claro, mobilizar a sociedade de modo geral, com educa\u00e7\u00e3o e conhecimento.<u><\/u><u><\/u><\/p>\n<p style=\"text-align: justify;\">\u201cPodemos usar a educa\u00e7\u00e3o para impactar o ecossistema do neg\u00f3cio, promover uma conex\u00e3o com as pessoas, a sociedade ao entorno e at\u00e9 ir muito al\u00e9m de limita\u00e7\u00f5es geogr\u00e1ficas. Este \u00e9 o poder da educa\u00e7\u00e3o; o de transformar e de ser um bra\u00e7o estrat\u00e9gico de neg\u00f3cios extremamente importante. \u00c9 uma ferramenta que nos permite uma vis\u00e3o de futuro, desenvolver e adquirir compet\u00eancias necess\u00e1rias para aprimorar o neg\u00f3cio, resultando em performance, sucesso e longevidade\u201d, finaliza Daniela.<u><\/u><u><\/u><\/p>\n<p style=\"text-align: justify;\"><strong>Sobre Did\u00e1ctica<\/strong><u><\/u><u><\/u><\/p>\n<p style=\"text-align: justify;\">Empresa que atua h\u00e1 12 anos no mercado de solu\u00e7\u00f5es educacionais criativas, oferecendo experi\u00eancias de aprendizado f\u00edsicas e digitais. A empresa j\u00e1 impactou mais de 3 milh\u00f5es de profissionais com suas solu\u00e7\u00f5es. Oferece uma gama ampla de produtos como: cursos customizados e prontos, e- learning, gamifica\u00e7\u00e3o, Tutorial de Sistemas, videotreinamentos, apresenta\u00e7\u00f5es e palestras, guias e livros, entre outros. A Did\u00e1ctica atua com uma metodologia que prioriza o conhecimento, identifica o melhor produto educacional para cada cliente, realiza sua distribui\u00e7\u00e3o, promove o aprendizado e traz resultados corporativos concretos.\u00a0<a href=\"http:\/\/www.didactica.com.br\/\" target=\"_blank\" rel=\"noopener\" data-saferedirecturl=\"https:\/\/www.google.com\/url?q=http:\/\/www.didactica.com.br\/&amp;source=gmail&amp;ust=1656199870815000&amp;usg=AOvVaw2eZVR9YRfwC8eLnXgPGgrZ\">www.didactica.com.<wbr \/>br<\/a><u><\/u><u><\/u><\/p>\n<hr \/>\n<p>&nbsp;<\/p>\n","protected":false},"excerpt":{"rendered":"<p>No pr\u00f3ximo dia 29 de junho, acontece em S\u00e3o Paulo (no buffet Casa Traff\u00f4), a 14\u00aa edi\u00e7\u00e3o de um dos maiores eventos de RH do Brasil, o HR<\/p>\n","protected":false},"author":8,"featured_media":73983,"comment_status":"open","ping_status":"open","sticky":false,"template":"","format":"standard","meta":{"footnotes":""},"categories":[1],"tags":[5994,5995,5993],"table_tags":[],"class_list":["post-73982","post","type-post","status-publish","format-standard","has-post-thumbnail","hentry","category-noticias","tag-daniela-luiz","tag-didactica","tag-hr-first-class","entry"],"aioseo_notices":[],"_links":{"self":[{"href":"https:\/\/www.rhevistarh.com.br\/portal\/wp-json\/wp\/v2\/posts\/73982","targetHints":{"allow":["GET"]}}],"collection":[{"href":"https:\/\/www.rhevistarh.com.br\/portal\/wp-json\/wp\/v2\/posts"}],"about":[{"href":"https:\/\/www.rhevistarh.com.br\/portal\/wp-json\/wp\/v2\/types\/post"}],"author":[{"embeddable":true,"href":"https:\/\/www.rhevistarh.com.br\/portal\/wp-json\/wp\/v2\/users\/8"}],"replies":[{"embeddable":true,"href":"https:\/\/www.rhevistarh.com.br\/portal\/wp-json\/wp\/v2\/comments?post=73982"}],"version-history":[{"count":0,"href":"https:\/\/www.rhevistarh.com.br\/portal\/wp-json\/wp\/v2\/posts\/73982\/revisions"}],"wp:featuredmedia":[{"embeddable":true,"href":"https:\/\/www.rhevistarh.com.br\/portal\/wp-json\/wp\/v2\/media\/73983"}],"wp:attachment":[{"href":"https:\/\/www.rhevistarh.com.br\/portal\/wp-json\/wp\/v2\/media?parent=73982"}],"wp:term":[{"taxonomy":"category","embeddable":true,"href":"https:\/\/www.rhevistarh.com.br\/portal\/wp-json\/wp\/v2\/categories?post=73982"},{"taxonomy":"post_tag","embeddable":true,"href":"https:\/\/www.rhevistarh.com.br\/portal\/wp-json\/wp\/v2\/tags?post=73982"},{"taxonomy":"table_tags","embeddable":true,"href":"https:\/\/www.rhevistarh.com.br\/portal\/wp-json\/wp\/v2\/table_tags?post=73982"}],"curies":[{"name":"wp","href":"https:\/\/api.w.org\/{rel}","templated":true}]}}