{"id":74234,"date":"2022-07-09T14:47:58","date_gmt":"2022-07-09T17:47:58","guid":{"rendered":"https:\/\/www.rhevistarh.com.br\/portal\/?p=74234"},"modified":"2022-07-11T19:34:53","modified_gmt":"2022-07-11T22:34:53","slug":"porto-passa-a-integrar-a-maior-iniciativa-voluntaria-de-sustentabilidade-corporativa-do-mundo","status":"publish","type":"post","link":"https:\/\/www.rhevistarh.com.br\/portal\/porto-passa-a-integrar-a-maior-iniciativa-voluntaria-de-sustentabilidade-corporativa-do-mundo\/","title":{"rendered":"Porto passa a integrar a maior iniciativa volunt\u00e1ria de sustentabilidade corporativa do mundo"},"content":{"rendered":"<p>&nbsp;<\/p>\n<p><img loading=\"lazy\" decoding=\"async\" class=\"aligncenter wp-image-74238\" src=\"https:\/\/www.rhevistarh.com.br\/portal\/wp-content\/uploads\/2022\/07\/porto_logo.png\" alt=\"\" width=\"128\" height=\"30\" \/><\/p>\n<p>&nbsp;<\/p>\n<p style=\"text-align: center;\"><i>Al\u00e9m da ades\u00e3o ao Pacto Global, a companhia lan\u00e7a a Temporada de Sustentabilidade com o objetivo de conscientizar o p\u00fablico interno sobre boas pr\u00e1ticas sustent\u00e1veis<\/i><\/p>\n<p style=\"text-align: justify;\">A Porto acaba de ingressar no Pacto Global da ONU Brasil, iniciativa da Na\u00e7\u00f5es Unidas (ONU) para mobilizar a comunidade empresarial na ado\u00e7\u00e3o e promo\u00e7\u00e3o, em suas pr\u00e1ticas de neg\u00f3cios, de Dez Princ\u00edpios universalmente aceitos nas \u00e1reas de direitos humanos, trabalho, meio ambiente e combate \u00e0 corrup\u00e7\u00e3o. Com a cria\u00e7\u00e3o dos Objetivos de Desenvolvimento Sustent\u00e1vel (ODS), o Pacto Global tamb\u00e9m assumiu a miss\u00e3o de engajar o setor privado nesta nova agenda.<\/p>\n<p style=\"text-align: justify;\">Al\u00e9m da ades\u00e3o ao Pacto Global, seguindo sua agenda de crescimento sustent\u00e1vel, a Porto lan\u00e7a a Temporada de Sustentabilidade, que manter\u00e1 o assunto ainda mais vivo na Companhia atrav\u00e9s de diversas iniciativas de educa\u00e7\u00e3o socioambiental, sendo uma delas a Jornada da Sustentabilidade para o p\u00fablico interno. A iniciativa entrega aos colaboradores uma s\u00e9rie de conte\u00fados sobre boas pr\u00e1ticas em sustentabilidade que tamb\u00e9m proporcione entendimento dos princ\u00edpios ASG (Ambiental, Social e Governan\u00e7a) e poss\u00edveis aplica\u00e7\u00f5es aos neg\u00f3cios. A iniciativa inclui um ambiente virtual com uma trilha de aprendizagem sobre os conceitos de sustentabilidade e ASG,\u00a0<i>Lives<\/i>, v\u00eddeos em formato de p\u00edlulas, al\u00e9m do Podcast Porto de Partida.<\/p>\n<p style=\"text-align: justify;\">\u201cEm 2022 n\u00e3o teremos semana e nem m\u00eas de sustentabilidade, mas sim abriremos a Temporada de Sustentabilidade que tem por objetivo o refor\u00e7o do posicionamento da Porto em rela\u00e7\u00e3o \u00e0 nossa Plataforma de Sustentabilidade e ASG para o mercado por meio de um compromisso p\u00fablico, al\u00e9m do in\u00edcio do primeiro ano da Jornada de Aprendizagem em Sustentabilidade para p\u00fablico interno\u201d, explica Carolina Zwarg, diretora de Pessoas e Sustentabilidade da Porto.<\/p>\n<div class=\"g g-1\"><div class=\"g-single a-37\"><a class=\"gofollow\" data-track=\"MzcsMSwxLDEw\" href=\"https:\/\/tuapps.com.br\/ apontatu-gestao-de-ponto\/?utm_ source=topo&amp;utm_medium= rhevista-rh&amp;utm_campaign=gest% C3%A3o+de+ponto+tem+que+ser+ simples&amp;utm_id=banner\" target=\"_blank\" rel=\"noopener\"><img loading=\"lazy\" decoding=\"async\" class=\"aligncenter wp-image-79942\" src=\"https:\/\/www.rhevistarh.com.br\/portal\/wp-content\/uploads\/2026\/04\/apontatu_720_90-scaled.jpg\" alt=\"\" width=\"720\" height=\"90\" srcset=\"https:\/\/www.rhevistarh.com.br\/portal\/wp-content\/uploads\/2026\/04\/apontatu_720_90-scaled.jpg 2560w, https:\/\/www.rhevistarh.com.br\/portal\/wp-content\/uploads\/2026\/04\/apontatu_720_90-300x38.jpg 300w, https:\/\/www.rhevistarh.com.br\/portal\/wp-content\/uploads\/2026\/04\/apontatu_720_90-1024x128.jpg 1024w, https:\/\/www.rhevistarh.com.br\/portal\/wp-content\/uploads\/2026\/04\/apontatu_720_90-768x96.jpg 768w, https:\/\/www.rhevistarh.com.br\/portal\/wp-content\/uploads\/2026\/04\/apontatu_720_90-1536x192.jpg 1536w, https:\/\/www.rhevistarh.com.br\/portal\/wp-content\/uploads\/2026\/04\/apontatu_720_90-2048x256.jpg 2048w\" sizes=\"auto, (max-width: 720px) 100vw, 720px\" \/><\/a><\/div><\/div>\n<p style=\"text-align: justify;\">Presentes nas atividades das \u00e1reas de neg\u00f3cios da Porto, os assuntos ambientais, sociais e de governan\u00e7a s\u00e3o orientados pela Pol\u00edtica de Responsabilidade Social e Ambiental, que \u00e9 periodicamente revisada pelas diretorias de Sustentabilidade e de Riscos e Compliance, a fim de acompanhar as mudan\u00e7as da empresa e da sociedade em geral. Al\u00e9m disso, \u201cos Objetivos de Desenvolvimento Sustent\u00e1vel (ODS) est\u00e3o presentes e alinhados nas atividades, projetos e estrat\u00e9gias da \u00e1rea de Sustentabilidade, desde 2015, e diante desse hist\u00f3rico entendemos que a empresa est\u00e1 preparada para essa nova etapa de formaliza\u00e7\u00e3o deste compromisso p\u00fablico. Com essa movimenta\u00e7\u00e3o, nosso objetivo \u00e9 impulsionar a credibilidade e posicionamento da Porto junto ao tema\u201d, avalia Roberto Santos, CEO da Porto.<\/p>\n<p style=\"text-align: justify;\">Criado em 2000, o Pacto Global foi idealizado pelo ex-secret\u00e1rio-geral da ONU Kofi Annan e d\u00e1 aos membros acesso a ferramentas que contribuir\u00e3o para ampliar o envolvimento da Porto com os temas de sustentabilidade e com as discuss\u00f5es na \u00e1rea. Tamb\u00e9m possibilita a participa\u00e7\u00e3o em programas locais e internacionais, dentre os quais os grupos tem\u00e1ticos que conduzem projetos nas \u00e1reas de \u00c1gua, Alimentos e Agricultura, Anticorrup\u00e7\u00e3o, Direitos Humanos e Trabalho, Energia e Clima e ODS. Com mais de 17 mil participantes em quase 170 pa\u00edses, a iniciativa conta com mais de 1500 membros no Brasil, pa\u00eds que possui a terceira maior rede no mundo.<\/p>\n<p style=\"text-align: justify;\">Ao integrar o Pacto Global nos comprometemos a reportar anualmente o nosso progresso em rela\u00e7\u00e3o aos 10 princ\u00edpios. Assim, a iniciativa estimula a evolu\u00e7\u00e3o constante das pr\u00e1ticas internas de sustentabilidade. As empresas que quiserem fazer parte, podem encontrar mais informa\u00e7\u00f5es no\u00a0<a href=\"https:\/\/s2207.imxsnd10.com\/link.php?code=bDpodHRwcyUzQSUyRiUyRnd3dy5wYWN0b2dsb2JhbC5vcmcuYnI6Mzc5MTcxNTExMjpvZGFpci5mYW50b25pQGdtYWlsLmNvbS5icjo4ZDdjZGE6MWE=\" target=\"_blank\" rel=\"noopener\" data-saferedirecturl=\"https:\/\/www.google.com\/url?q=https:\/\/s2207.imxsnd10.com\/link.php?code%3DbDpodHRwcyUzQSUyRiUyRnd3dy5wYWN0b2dsb2JhbC5vcmcuYnI6Mzc5MTcxNTExMjpvZGFpci5mYW50b25pQGdtYWlsLmNvbS5icjo4ZDdjZGE6MWE%3D&amp;source=gmail&amp;ust=1657473892262000&amp;usg=AOvVaw2dzjguquZ1PgnMhRWHL5le\" data-saferedirectreason=\"2\">link<\/a>.<\/p>\n<p style=\"text-align: justify;\"><strong>Sobre a Porto<\/strong><\/p>\n<p style=\"text-align: justify;\">A Porto \u00e9 mais que uma seguradora, \u00e9 um ecossistema de solu\u00e7\u00f5es de servi\u00e7os de prote\u00e7\u00e3o com tecnologia embarcada, para melhorar e facilitar a experi\u00eancia do cliente. Com mais de 75 anos de mercado, a companhia possui tr\u00eas verticais de neg\u00f3cios: Porto Seguros, Porto Sa\u00fade e Porto Seguro Bank. Al\u00e9m de 11,7 milh\u00f5es de clientes \u00fanicos, 13 mil funcion\u00e1rios, 12 mil prestadores e 36 mil corretores parceiros, a empresa conta ainda com 55 sucursais e escrit\u00f3rios regionais em todo o Brasil. Ao todo 27 empresas fazem parte do universo Porto Seguro &#8212; entre elas: Azul Seguros, Ita\u00fa Seguros de Auto e Resid\u00eancia e Porto Seguro Uruguay. Em 2021, a Companhia apresentou R\uff04 21,5 bilh\u00f5es de receita e lucro l\u00edquido de R\uff04 1,54 bilh\u00e3o. O momento \u00e9 de acelera\u00e7\u00e3o do crescimento e expans\u00e3o de novas frentes de neg\u00f3cio para lan\u00e7ar cada vez mais produtos inovadores e ser cada vez mais um porto seguro para as pessoas e seus sonhos.<\/p>\n<hr \/>\n<p>&nbsp;<\/p>\n","protected":false},"excerpt":{"rendered":"<p>Al\u00e9m da ades\u00e3o ao Pacto Global, a companhia lan\u00e7a a Temporada de Sustentabilidade com o objetivo de conscientizar o p\u00fablico interno sobre boas pr\u00e1ticas sustent\u00e1veis<\/p>\n","protected":false},"author":8,"featured_media":74239,"comment_status":"open","ping_status":"open","sticky":false,"template":"","format":"standard","meta":{"footnotes":""},"categories":[1],"tags":[6017,6018,6015,6016],"table_tags":[],"class_list":["post-74234","post","type-post","status-publish","format-standard","has-post-thumbnail","hentry","category-noticias","tag-pacto-global","tag-pacto-global-da-onu-brasil","tag-porto","tag-porto-seguro-seguros","entry"],"aioseo_notices":[],"_links":{"self":[{"href":"https:\/\/www.rhevistarh.com.br\/portal\/wp-json\/wp\/v2\/posts\/74234","targetHints":{"allow":["GET"]}}],"collection":[{"href":"https:\/\/www.rhevistarh.com.br\/portal\/wp-json\/wp\/v2\/posts"}],"about":[{"href":"https:\/\/www.rhevistarh.com.br\/portal\/wp-json\/wp\/v2\/types\/post"}],"author":[{"embeddable":true,"href":"https:\/\/www.rhevistarh.com.br\/portal\/wp-json\/wp\/v2\/users\/8"}],"replies":[{"embeddable":true,"href":"https:\/\/www.rhevistarh.com.br\/portal\/wp-json\/wp\/v2\/comments?post=74234"}],"version-history":[{"count":0,"href":"https:\/\/www.rhevistarh.com.br\/portal\/wp-json\/wp\/v2\/posts\/74234\/revisions"}],"wp:featuredmedia":[{"embeddable":true,"href":"https:\/\/www.rhevistarh.com.br\/portal\/wp-json\/wp\/v2\/media\/74239"}],"wp:attachment":[{"href":"https:\/\/www.rhevistarh.com.br\/portal\/wp-json\/wp\/v2\/media?parent=74234"}],"wp:term":[{"taxonomy":"category","embeddable":true,"href":"https:\/\/www.rhevistarh.com.br\/portal\/wp-json\/wp\/v2\/categories?post=74234"},{"taxonomy":"post_tag","embeddable":true,"href":"https:\/\/www.rhevistarh.com.br\/portal\/wp-json\/wp\/v2\/tags?post=74234"},{"taxonomy":"table_tags","embeddable":true,"href":"https:\/\/www.rhevistarh.com.br\/portal\/wp-json\/wp\/v2\/table_tags?post=74234"}],"curies":[{"name":"wp","href":"https:\/\/api.w.org\/{rel}","templated":true}]}}