{"id":74397,"date":"2022-07-21T10:27:56","date_gmt":"2022-07-21T13:27:56","guid":{"rendered":"https:\/\/www.rhevistarh.com.br\/portal\/?p=74397"},"modified":"2022-07-21T10:43:40","modified_gmt":"2022-07-21T13:43:40","slug":"movimento-tech-vai-investir-r-100-mi-em-educacao-tecnologica","status":"publish","type":"post","link":"https:\/\/www.rhevistarh.com.br\/portal\/movimento-tech-vai-investir-r-100-mi-em-educacao-tecnologica\/","title":{"rendered":"Movimento Tech vai investir R$ 100 mi em educa\u00e7\u00e3o tecnol\u00f3gica"},"content":{"rendered":"<h1><img loading=\"lazy\" decoding=\"async\" class=\"aligncenter size-full wp-image-74398\" src=\"https:\/\/www.rhevistarh.com.br\/portal\/wp-content\/uploads\/2022\/07\/ifood.png\" alt=\"\" width=\"68\" height=\"44\" \/><\/h1>\n<p style=\"text-align: center;\"><span style=\"color: #808080;\">Conhe\u00e7a o Movimento Tech, parceria entre iFood, XP e 18 empresas que vai investir<\/span><br \/>\n<span style=\"color: #808080; font-family: Arial, serif; font-size: 13px; font-weight: 400;\">R$ 100 milh\u00f5es na capacita\u00e7\u00e3o de jovens na \u00e1rea de tecnologia at\u00e9 2025.<\/span><\/p>\n<div class=\"styles__Excerpt-sc-1dz1b1-12 kYuKjf\">\n<p style=\"text-align: center;\"><span style=\"color: #808080;\">Parceria entre iFood, XP e mais 18 empresas busca acelerar a forma\u00e7\u00e3o de jovens para combater o apag\u00e3o tecnol\u00f3gico<\/span><\/p>\n<\/div>\n<div class=\"styles__Excerpt-sc-1dz1b1-12 kYuKjf\">\n<p style=\"text-align: justify;\">O Brasil vive, hoje, uma situa\u00e7\u00e3o curiosa na \u00e1rea de tecnologia. Ao mesmo tempo em que existem\u00a0<a href=\"https:\/\/www.ibge.gov.br\/explica\/desemprego.php\" target=\"_blank\" rel=\"noopener\">12 milh\u00f5es de pessoas desempregadas<\/a>\u00a0no pa\u00eds, o setor deve ter 133 mil vagas abertas e n\u00e3o preenchidas em 2022, segundo\u00a0<a href=\"https:\/\/brasscom.org.br\/estudo-da-brasscom-aponta-demanda-de-797-mil-profissionais-de-tecnologia-ate-2025\/\" target=\"_blank\" rel=\"noopener\">estimativa da Brasscom<\/a>\u00a0(Associa\u00e7\u00e3o das Empresas de Tecnologia da Informa\u00e7\u00e3o e Comunica\u00e7\u00e3o (TIC) e de Tecnologias Digitais).<\/p>\n<p style=\"text-align: justify;\">Isso porque faltam pessoas capacitadas para trabalhar com tecnologia; apenas 53 mil profissionais se formam nessa \u00e1rea todos os anos, de acordo com a associa\u00e7\u00e3o. Nesse caminho, o pa\u00eds corre o risco de ter um\u00a0<a href=\"https:\/\/news.ifood.com.br\/o-que-e-o-apagao-tecnologico-e-como-reverter-esse-cenario\/\" target=\"_blank\" rel=\"noopener\">apag\u00e3o tecnol\u00f3gico<\/a>\u00a0e chegar a 797 mil vagas n\u00e3o preenchidas em 2025.<\/p>\n<p style=\"text-align: justify;\">Para mudar esse cen\u00e1rio, o iFood une for\u00e7as com a XP Inc. e outras 18 empresas no\u00a0<a href=\"https:\/\/www.movtech.org\/\" target=\"_blank\" rel=\"noopener\">Movimento Tech<\/a>, uma plataforma de\u00a0<a href=\"https:\/\/news.ifood.com.br\/investimento-social-privado-ganha-mais-relevancia-na-pandemia\/\" target=\"_blank\" rel=\"noopener\">investimento social privado<\/a>\u00a0em educa\u00e7\u00e3o que vai investir R$ 100 milh\u00f5es, at\u00e9 2025, em projetos que acelerem a capacita\u00e7\u00e3o e a empregabilidade de jovens em tecnologia\u00a0 \u2014e quer chegar a R$ 2,1 bilh\u00f5es em 2030.<\/p>\n<p style=\"text-align: justify;\">O movimento se baseia em tr\u00eas pilares de atua\u00e7\u00e3o: despertar o interesse pela \u00e1rea de tecnologia j\u00e1 na escola; capacitar os futuros talentos para as profiss\u00f5es de amanh\u00e3; e fomentar iniciativas que ajudem as empresas a empregar profissionais de perfis sub-representados.<\/p>\n<p style=\"text-align: justify;\">\u201cNo \u00faltimo ano, vimos muitas empresas investindo em educa\u00e7\u00e3o, por\u00e9m com a\u00e7\u00f5es ainda muito pulverizadas. Percebemos a import\u00e2ncia de unir for\u00e7as para ajudar a resolver esse d\u00e9ficit de qualifica\u00e7\u00e3o profissional que atrapalha o desenvolvimento do Brasil\u201d, afirma Fabricio Bloisi, presidente do iFood. \u201cCom essa uni\u00e3o, esperamos promover o encontro entre talentos que est\u00e3o apenas aguardando uma oportunidade, ao mesmo tempo em que contribu\u00edmos para uma transforma\u00e7\u00e3o social e o desenvolvimento do pa\u00eds.\u201d<\/p>\n<p style=\"text-align: justify;\">Al\u00e9m dos mantenedores iFood e XP Inc., a a\u00e7\u00e3o tem como patrocinadores Accenture, Arco Instituto, Buser, Ci&amp;T, Cubos Academy, Grupo Botic\u00e1rio, Digital House, Funda\u00e7\u00e3o Behring, Gama Academy, Instituto Localiza, Kenzie Academy Brasil, Let\u2019s Code, ONE (Oracle Next Education), RD \u2013 RaiaDrogasil, Rocketseat, Semantix, Telles Foundation e VTEX.<\/p>\n<p style=\"text-align: justify;\"><strong>Primeiros projetos em a\u00e7\u00e3o<\/strong><\/p>\n<p style=\"text-align: justify;\">Os primeiros esfor\u00e7os para a cria\u00e7\u00e3o do Movimento Tech se deram em 2021, fruto de\u00a0 conversas sobre como as empresas poderiam desenvolver e preparar jovens para o\u00a0<a href=\"https:\/\/news.ifood.com.br\/voce-tem-as-competencias-valorizadas-para-o-trabalho-do-futuro\/\" target=\"_blank\" rel=\"noopener\">futuro do trabalho<\/a>.<\/p>\n<p style=\"text-align: justify;\">Nessa primeira fase, destacam-se quatro projetos, dois dos quais j\u00e1 foram iniciados. Um deles \u00e9 a\u00a0<a href=\"https:\/\/maratona.tech\/\" target=\"_blank\" rel=\"noopener\">Maratona Tech<\/a>, uma Olimp\u00edada de Tecnologia\u00a0<a href=\"https:\/\/news.ifood.com.br\/maratona-tech-ifood-apoia-nova-gincana-escolar-de-tecnologia%ef%bf%bc\/\" target=\"_blank\" rel=\"noopener\">lan\u00e7ada em maio de 2022<\/a>. Na primeira edi\u00e7\u00e3o, 80 mil estudantes da rede p\u00fablica, do 9\u00ba ano e do Ensino M\u00e9dio, aprenderam sobre pensamento l\u00f3gico e encararam o desafio de desenvolver e programar uma solu\u00e7\u00e3o tecnol\u00f3gica para o futuro.<\/p>\n<p style=\"text-align: justify;\">Outro, lan\u00e7ado pelo iFood, \u00e9 a plataforma\u00a0<a href=\"https:\/\/potenciatech.com.br\/\" target=\"_blank\" rel=\"noopener\">Pot\u00eancia Tech<\/a>, que apoia a forma\u00e7\u00e3o de profissionais de tecnologia com cursos gratuitos, programas de bolsas de estudo e suporte \u00e0 entrada no mercado de trabalho. Em nove meses, mais de 27 mil pessoas j\u00e1 se inscreveram na plataforma, mais de 6.000 bolsas foram disponibilizadas em parceria com escolas de tecnologia e 450 pessoas foram empregadas.<\/p>\n<p style=\"text-align: justify;\">Agora, os pr\u00f3ximos passos do Movimento Tech s\u00e3o ampliar a Rede Empodera Tech \u2014uni\u00e3o de organiza\u00e7\u00f5es focadas em formar jovens de 15 a 25 anos em situa\u00e7\u00e3o de vulnerabilidade social\u2014 e desenvolver o Jovem Aprendiz Tech, uma iniciativa focada na empregabilidade.<\/p>\n<p style=\"text-align: justify;\">\u201cNosso objetivo \u00e9 contribuir para que o Brasil seja um pa\u00eds pr\u00f3spero e protagonista em termos de tecnologia, com oportunidades de emprego e carreira para todos os brasileiros e brasileiras\u201d, afirma Thiago Maffra, CEO da XP Inc. \u201cTemos o grande sonho de fazer a diferen\u00e7a na forma\u00e7\u00e3o de profissionais preparados para os desafios da nova economia digital. Acreditamos que, por meio do investimento social, podemos gerar um impacto estrutural no Brasil.\u201d<\/p>\n<h6 class=\"style-scope ytd-watch-metadata\" style=\"text-align: center;\">Manifesto Movimento Tech<\/h6>\n<p><iframe loading=\"lazy\" title=\"YouTube video player\" src=\"https:\/\/www.youtube.com\/embed\/3KOTyj7Wgew\" width=\"560\" height=\"315\" frameborder=\"0\" allowfullscreen=\"allowfullscreen\"><\/iframe><\/p>\n<p>Fonte:<a href=\"https:\/\/news.ifood.com.br\/\" target=\"_blank\" rel=\"noopener\"><strong> <span style=\"color: #ff0000;\">iFood News<\/span><\/strong><\/a><\/p>\n<hr \/>\n<p>&nbsp;<\/p>\n<\/div>\n","protected":false},"excerpt":{"rendered":"<p>Conhe\u00e7a o Movimento Tech, parceria entre iFood, XP e 18 empresas que vai investir R$ 100 milh\u00f5es na capacita\u00e7\u00e3o de jovens na \u00e1rea de tecnologia at\u00e9 2025.<\/p>\n","protected":false},"author":8,"featured_media":74400,"comment_status":"open","ping_status":"open","sticky":false,"template":"","format":"standard","meta":{"footnotes":""},"categories":[1],"tags":[6041,3030],"table_tags":[],"class_list":["post-74397","post","type-post","status-publish","format-standard","has-post-thumbnail","hentry","category-noticias","tag-ifood-tecnologia-educacao","tag-destaque","entry"],"aioseo_notices":[],"_links":{"self":[{"href":"https:\/\/www.rhevistarh.com.br\/portal\/wp-json\/wp\/v2\/posts\/74397","targetHints":{"allow":["GET"]}}],"collection":[{"href":"https:\/\/www.rhevistarh.com.br\/portal\/wp-json\/wp\/v2\/posts"}],"about":[{"href":"https:\/\/www.rhevistarh.com.br\/portal\/wp-json\/wp\/v2\/types\/post"}],"author":[{"embeddable":true,"href":"https:\/\/www.rhevistarh.com.br\/portal\/wp-json\/wp\/v2\/users\/8"}],"replies":[{"embeddable":true,"href":"https:\/\/www.rhevistarh.com.br\/portal\/wp-json\/wp\/v2\/comments?post=74397"}],"version-history":[{"count":0,"href":"https:\/\/www.rhevistarh.com.br\/portal\/wp-json\/wp\/v2\/posts\/74397\/revisions"}],"wp:featuredmedia":[{"embeddable":true,"href":"https:\/\/www.rhevistarh.com.br\/portal\/wp-json\/wp\/v2\/media\/74400"}],"wp:attachment":[{"href":"https:\/\/www.rhevistarh.com.br\/portal\/wp-json\/wp\/v2\/media?parent=74397"}],"wp:term":[{"taxonomy":"category","embeddable":true,"href":"https:\/\/www.rhevistarh.com.br\/portal\/wp-json\/wp\/v2\/categories?post=74397"},{"taxonomy":"post_tag","embeddable":true,"href":"https:\/\/www.rhevistarh.com.br\/portal\/wp-json\/wp\/v2\/tags?post=74397"},{"taxonomy":"table_tags","embeddable":true,"href":"https:\/\/www.rhevistarh.com.br\/portal\/wp-json\/wp\/v2\/table_tags?post=74397"}],"curies":[{"name":"wp","href":"https:\/\/api.w.org\/{rel}","templated":true}]}}