{"id":74417,"date":"2022-07-27T22:21:16","date_gmt":"2022-07-28T01:21:16","guid":{"rendered":"https:\/\/www.rhevistarh.com.br\/portal\/?p=74417"},"modified":"2022-07-27T22:23:41","modified_gmt":"2022-07-28T01:23:41","slug":"dia-nacional-da-prevencao-de-acidentes-do-trabalho","status":"publish","type":"post","link":"https:\/\/www.rhevistarh.com.br\/portal\/dia-nacional-da-prevencao-de-acidentes-do-trabalho\/","title":{"rendered":"Dia Nacional da Preven\u00e7\u00e3o de Acidentes do Trabalho"},"content":{"rendered":"<p><img loading=\"lazy\" decoding=\"async\" class=\"aligncenter wp-image-74418 size-full\" src=\"https:\/\/www.rhevistarh.com.br\/portal\/wp-content\/uploads\/2022\/07\/sbcp.png\" alt=\"\" width=\"187\" height=\"50\" \/><\/p>\n<p style=\"text-align: center;\"><strong>Orienta\u00e7\u00e3o para socorrer v\u00edtimas em acidentes de trabalho\u00a0<\/strong><strong>com queimadura ou les\u00f5es nas m\u00e3os<\/strong><\/p>\n<p style=\"text-align: center;\"><i>Os primeiros socorros s\u00e3o fundamentais para o sucesso do tratamento. Especialistas<\/i>\u00a0<i>informam como ajudar os acidentados at\u00e9 que a assist\u00eancia m\u00e9dica seja providenciada<\/i><\/p>\n<p style=\"text-align: justify;\">Nem mesmo a pandemia foi capaz de reduzir os n\u00fameros dos acidentes de trabalho no Brasil. Em 2021, foram comunicados 571 mil incidentes e 2.487 \u00f3bitos associados, um aumento de 30% com rela\u00e7\u00e3o a 2020. Os dados s\u00e3o do Observat\u00f3rio de Seguran\u00e7a e Sa\u00fade no Trabalho, desenvolvido pelo Minist\u00e9rio P\u00fablico do Trabalho. Ainda no mesmo per\u00edodo, os afastamentos por les\u00f5es graves como\u00a0amputa\u00e7\u00f5es, fraturas, ferimentos, traumatismos e luxa\u00e7\u00f5es tiveram um aumento de 234% em compara\u00e7\u00e3o com o ano passado.<\/p>\n<div class=\"g g-1\"><div class=\"g-single a-33\"><a class=\"gofollow\" data-track=\"MzMsMSwxLDEw\" href=\"https:\/\/dataanalyzer.com.br\/\" target=\"_blank\" rel=\"noopener\"><img loading=\"lazy\" decoding=\"async\" class=\"aligncenter wp-image-79918 size-full\" src=\"https:\/\/www.rhevistarh.com.br\/portal\/wp-content\/uploads\/2026\/03\/novo_topo_720_90_DA.png\" alt=\"\" width=\"720\" height=\"90\" srcset=\"https:\/\/www.rhevistarh.com.br\/portal\/wp-content\/uploads\/2026\/03\/novo_topo_720_90_DA.png 720w, https:\/\/www.rhevistarh.com.br\/portal\/wp-content\/uploads\/2026\/03\/novo_topo_720_90_DA-300x38.png 300w\" sizes=\"auto, (max-width: 720px) 100vw, 720px\" \/><\/a><\/div><\/div>\n<p style=\"text-align: justify;\">Dentre as ocorr\u00eancias mais comuns est\u00e3o as queimaduras e os acidentes nas m\u00e3os dos trabalhadores. \u201cEm ambos os casos, o cirurgi\u00e3o pl\u00e1stico \u00e9 o m\u00e9dico especializado para atender esse paciente e tomar as provid\u00eancias necess\u00e1rias para tratar as queimaduras e fazer cirurgias nas m\u00e3os, preservando ao m\u00e1ximo a capacidade funcional do paciente\u201d, afirma\u00a0Lydia Masako Ferreira, presidente da Sociedade Brasileira de Cirurgia Pl\u00e1stica, m\u00e9dica cirurgi\u00e3o pl\u00e1stica e professora titular da disciplina de Cirurgia Pl\u00e1stica pela Universidade Federal de S\u00e3o Paulo.\u00a0As primeiras provid\u00eancias tomadas logo ap\u00f3s o acidente &#8211; muitas vezes ainda no ambiente de trabalho &#8211; s\u00e3o fundamentais para determinar o sucesso do tratamento. A seguir, conhe\u00e7a algumas dicas de como socorrer a v\u00edtima enquanto a assist\u00eancia m\u00e9dica n\u00e3o chega.<\/p>\n<p style=\"text-align: justify;\"><strong><u>O que fazer em caso de acidentes com m\u00e3os e dedos<\/u><\/strong><\/p>\n<p style=\"text-align: justify;\">Membro da Sociedade Brasileira de Cirurgia Pl\u00e1stica especializado em cirurgia da m\u00e3o, o cirurgi\u00e3o Marcel de Brito Azevedo, explica o que \u00e9 preciso fazer em ocorr\u00eancias envolvendo as m\u00e3os<\/p>\n<ul style=\"text-align: justify;\">\n<li>Limpe a les\u00e3o com \u00e1gua corrente abundante para retirar agente agressor, evitando futuras infec\u00e7\u00f5es<\/li>\n<li>Para conter a hemorragia, seque a pele e fa\u00e7a um curativo compressivo com gases e atadura.<\/li>\n<li>Quando houver dor proeminente, ofere\u00e7a um analg\u00e9sico, certificando-se de que a v\u00edtima n\u00e3o \u00e9 al\u00e9rgica a esse medicamento<\/li>\n<li>Em caso de fraturas de dedos, imobilize a regi\u00e3o com tala de alum\u00ednio<\/li>\n<li>Se houve amputa\u00e7\u00e3o completa de um dedo, envolva-o em gaze \u00famida e coloque-o em um saco pl\u00e1stico estanque com gelo para garantir temperatura baixa e preservar os tecidos<\/li>\n<\/ul>\n<p style=\"text-align: justify;\"><strong><u>Como agir em caso de queimadura<\/u><\/strong><\/p>\n<p style=\"text-align: justify;\">H\u00e1 muitas informa\u00e7\u00f5es incorretas sobre como tratar a queimadura logo ap\u00f3s o acidente. O cirurgi\u00e3o pl\u00e1stico Flavio Nadruz Novaes, membro da Sociedade Brasileira de Cirurgia Pl\u00e1stica e Coordenador do Cap\u00edtulo de Queimaduras da SBCP, orienta sobre como agir.<\/p>\n<ul>\n<li style=\"text-align: justify;\">Enxague o local com \u00e1gua corrente em temperatura ambiente<\/li>\n<li style=\"text-align: justify;\">Retire an\u00e9is, pulseiras, rel\u00f3gios e acess\u00f3rios caso a queimadura tenha sido nas m\u00e3os ou bra\u00e7os<\/li>\n<li style=\"text-align: justify;\">N\u00e3o passe nenhum produto sobre as queimaduras<\/li>\n<li style=\"text-align: justify;\">Proteja a pele danificada cobrindo-a com gaze<\/li>\n<li style=\"text-align: justify;\">Dirija-se ao hospital ou posto de sa\u00fade mais pr\u00f3ximo da sua casa<\/li>\n<li style=\"text-align: justify;\">Se n\u00e3o for poss\u00edvel se deslocar, acione o SAMU (192) ou o Corpo de Bombeiros (193)<br \/>\n<hr \/>\n<\/li>\n<\/ul>\n<p>&nbsp;<\/p>\n","protected":false},"excerpt":{"rendered":"<p>Nem mesmo a pandemia foi capaz de reduzir os n\u00fameros dos acidentes de trabalho no Brasil. Em 2021, foram comunicados 571 mil incidentes e 2.487 \u00f3bitos associados, um aumento de 30% com rela\u00e7\u00e3o a 2020.<\/p>\n","protected":false},"author":8,"featured_media":74419,"comment_status":"open","ping_status":"open","sticky":false,"template":"","format":"standard","meta":{"footnotes":""},"categories":[1],"tags":[1965,3030,6042],"table_tags":[],"class_list":["post-74417","post","type-post","status-publish","format-standard","has-post-thumbnail","hentry","category-noticias","tag-acidente-de-trabalho","tag-destaque","tag-sbcp","entry"],"aioseo_notices":[],"_links":{"self":[{"href":"https:\/\/www.rhevistarh.com.br\/portal\/wp-json\/wp\/v2\/posts\/74417","targetHints":{"allow":["GET"]}}],"collection":[{"href":"https:\/\/www.rhevistarh.com.br\/portal\/wp-json\/wp\/v2\/posts"}],"about":[{"href":"https:\/\/www.rhevistarh.com.br\/portal\/wp-json\/wp\/v2\/types\/post"}],"author":[{"embeddable":true,"href":"https:\/\/www.rhevistarh.com.br\/portal\/wp-json\/wp\/v2\/users\/8"}],"replies":[{"embeddable":true,"href":"https:\/\/www.rhevistarh.com.br\/portal\/wp-json\/wp\/v2\/comments?post=74417"}],"version-history":[{"count":0,"href":"https:\/\/www.rhevistarh.com.br\/portal\/wp-json\/wp\/v2\/posts\/74417\/revisions"}],"wp:featuredmedia":[{"embeddable":true,"href":"https:\/\/www.rhevistarh.com.br\/portal\/wp-json\/wp\/v2\/media\/74419"}],"wp:attachment":[{"href":"https:\/\/www.rhevistarh.com.br\/portal\/wp-json\/wp\/v2\/media?parent=74417"}],"wp:term":[{"taxonomy":"category","embeddable":true,"href":"https:\/\/www.rhevistarh.com.br\/portal\/wp-json\/wp\/v2\/categories?post=74417"},{"taxonomy":"post_tag","embeddable":true,"href":"https:\/\/www.rhevistarh.com.br\/portal\/wp-json\/wp\/v2\/tags?post=74417"},{"taxonomy":"table_tags","embeddable":true,"href":"https:\/\/www.rhevistarh.com.br\/portal\/wp-json\/wp\/v2\/table_tags?post=74417"}],"curies":[{"name":"wp","href":"https:\/\/api.w.org\/{rel}","templated":true}]}}