{"id":74440,"date":"2022-07-28T18:59:39","date_gmt":"2022-07-28T21:59:39","guid":{"rendered":"https:\/\/www.rhevistarh.com.br\/portal\/?p=74440"},"modified":"2022-07-28T18:59:39","modified_gmt":"2022-07-28T21:59:39","slug":"falta-de-profissionais-de-tecnologia-no-mercado-brasileiro-um-desafio-a-ser-superado","status":"publish","type":"post","link":"https:\/\/www.rhevistarh.com.br\/portal\/falta-de-profissionais-de-tecnologia-no-mercado-brasileiro-um-desafio-a-ser-superado\/","title":{"rendered":"Falta de profissionais de tecnologia no mercado brasileiro: um desafio a ser superado"},"content":{"rendered":"<p style=\"font-weight: 400;\"><em><img loading=\"lazy\" decoding=\"async\" class=\"aligncenter size-full wp-image-74443\" src=\"https:\/\/www.rhevistarh.com.br\/portal\/wp-content\/uploads\/2022\/07\/tic.png\" alt=\"\" width=\"450\" height=\"300\" srcset=\"https:\/\/www.rhevistarh.com.br\/portal\/wp-content\/uploads\/2022\/07\/tic.png 450w, https:\/\/www.rhevistarh.com.br\/portal\/wp-content\/uploads\/2022\/07\/tic-300x200.png 300w\" sizes=\"auto, (max-width: 450px) 100vw, 450px\" \/><\/em><\/p>\n<p style=\"font-weight: 400;\"><em>Por Ot\u00e1vio Argenton e Eduardo Prazeres<\/em><\/p>\n<figure id=\"attachment_74441\" aria-describedby=\"caption-attachment-74441\" style=\"width: 225px\" class=\"wp-caption alignright\"><img loading=\"lazy\" decoding=\"async\" class=\"wp-image-74441 size-medium\" src=\"https:\/\/www.rhevistarh.com.br\/portal\/wp-content\/uploads\/2022\/07\/otavio-225x300.png\" alt=\"\" width=\"225\" height=\"300\" srcset=\"https:\/\/www.rhevistarh.com.br\/portal\/wp-content\/uploads\/2022\/07\/otavio-225x300.png 225w, https:\/\/www.rhevistarh.com.br\/portal\/wp-content\/uploads\/2022\/07\/otavio.png 300w\" sizes=\"auto, (max-width: 225px) 100vw, 225px\" \/><figcaption id=\"caption-attachment-74441\" class=\"wp-caption-text\">*Ot\u00e1vio Argenton<\/figcaption><\/figure>\n<p style=\"font-weight: 400; text-align: justify;\">A transforma\u00e7\u00e3o digital n\u00e3o \u00e9 mais uma novidade para as empresas brasileiras, pelo contr\u00e1rio, j\u00e1 se faz presente na grande maioria delas, com a utiliza\u00e7\u00e3o das ferramentas tecnol\u00f3gicas mais inovadoras do mercado. Com este cen\u00e1rio, a exig\u00eancia por profissionais qualificados no setor de tecnologia cresce cada vez mais, conforme aponta um levantamento realizado pela empresa de recrutamento\u00a0<a href=\"https:\/\/www.geekhunter.com.br\/\" target=\"_blank\" rel=\"noopener\" data-saferedirecturl=\"https:\/\/www.google.com\/url?q=https:\/\/www.geekhunter.com.br\/&amp;source=gmail&amp;ust=1659127692742000&amp;usg=AOvVaw0Vaj5AS_YL8L0LZLKsOEPC\">GeekHunter<\/a>. De acordo com a pesquisa, o segmento de tecnologia teve um aumento de 136% em suas vagas abertas em 2021, comparado ao ano anterior.<\/p>\n<p style=\"font-weight: 400; text-align: justify;\">No entanto, o principal desafio das companhias tem sido preencher esse grande volume de novas vagas. Segundo\u00a0<a href=\"https:\/\/brasscom.org.br\/pdfs\/demanda-de-talentos-em-tic-e-estrategia-tcem\/\" target=\"_blank\" rel=\"noopener\" data-saferedirecturl=\"https:\/\/www.google.com\/url?q=https:\/\/brasscom.org.br\/pdfs\/demanda-de-talentos-em-tic-e-estrategia-tcem\/&amp;source=gmail&amp;ust=1659127692742000&amp;usg=AOvVaw3Y_NXO_17pURTnTtvvhkWU\">dados<\/a>\u00a0da Brasscom (Associa\u00e7\u00e3o das Empresas de Tecnologia da Informa\u00e7\u00e3o e Comunica\u00e7\u00e3o e de Tecnologias Digitais), a proje\u00e7\u00e3o n\u00e3o \u00e9 otimista, e at\u00e9 2025, o d\u00e9ficit de m\u00e3o de obra no setor deve chegar a 797 mil. Mas, por que com tantas oportunidades de emprego, ainda faltam profissionais de tecnologia para suprir essa demanda de mercado?<\/p>\n<p style=\"font-weight: 400; text-align: justify;\"><strong>Desafios dos profissionais e empresas de tecnologia<\/strong><\/p>\n<p style=\"font-weight: 400; text-align: justify;\">\u00c9 poss\u00edvel afirmar que uma soma de fatores leva a este resultado, sendo o primeiro deles a car\u00eancia da forma\u00e7\u00e3o de profissionais qualificados no Brasil. Hoje em dia, uma crian\u00e7a j\u00e1 nasce convivendo com a tecnologia e o acesso ao seu aprendizado \u00e9 bastante simples. Por\u00e9m, para tornar-se um profissional do ramo, \u00e9 necess\u00e1ria uma forma\u00e7\u00e3o t\u00e9cnica muito mais profunda e especializada, a qual requer cursos, treinamentos e especializa\u00e7\u00f5es constantes, uma vez que a tecnologia se desenvolve e se atualiza frequentemente.<\/p>\n<figure id=\"attachment_74442\" aria-describedby=\"caption-attachment-74442\" style=\"width: 200px\" class=\"wp-caption alignleft\"><img loading=\"lazy\" decoding=\"async\" class=\"wp-image-74442 size-medium\" src=\"https:\/\/www.rhevistarh.com.br\/portal\/wp-content\/uploads\/2022\/07\/eduardo-200x300.png\" alt=\"\" width=\"200\" height=\"300\" srcset=\"https:\/\/www.rhevistarh.com.br\/portal\/wp-content\/uploads\/2022\/07\/eduardo-200x300.png 200w, https:\/\/www.rhevistarh.com.br\/portal\/wp-content\/uploads\/2022\/07\/eduardo.png 300w\" sizes=\"auto, (max-width: 200px) 100vw, 200px\" \/><figcaption id=\"caption-attachment-74442\" class=\"wp-caption-text\">*Eduardo Prazeres<\/figcaption><\/figure>\n<p style=\"font-weight: 400; text-align: justify;\">Esta qualifica\u00e7\u00e3o pode ser considerada uma via de m\u00e3o-dupla, dependendo das institui\u00e7\u00f5es de\u00a0<a href=\"https:\/\/bit.ly\/3zoGmWc\" target=\"_blank\" rel=\"noopener\" data-saferedirecturl=\"https:\/\/www.google.com\/url?q=https:\/\/bit.ly\/3zoGmWc&amp;source=gmail&amp;ust=1659127692742000&amp;usg=AOvVaw0bKr4box4K6TJaCctlEIo0\">ensino<\/a>, que devem estar cada vez mais preparadas para educar o aluno e do interesse do pr\u00f3prio profissional em colocar a teoria em pr\u00e1tica e evoluir na profiss\u00e3o dia a dia, realizando orienta\u00e7\u00f5es, mentorias e sempre se instruindo sobre as novas atualiza\u00e7\u00f5es tecnol\u00f3gicas.<\/p>\n<p style=\"font-weight: 400; text-align: justify;\">Um outro desafio encarado pelas empresas, impactando diretamente no d\u00e9ficit de profissionais de tecnologia no mercado brasileiro \u00e9 o \u00eaxodo de m\u00e3o de obra para fora do pa\u00eds, visto que o interesse de empresas estrangeiras cresce exponencialmente. O grande gargalo neste caso \u00e9 a moeda brasileira enfraquecida tendo que competir com os sal\u00e1rios em euro, d\u00f3lar, libras, entre outros. Em alguns casos, com tamanho avan\u00e7o da tecnologia atual, os profissionais podem at\u00e9 mesmo optar por n\u00e3o sair do pa\u00eds, mas receber o sal\u00e1rio j\u00e1 convertido por algum banco em comum acordo com a empresa internacional.<\/p>\n<p style=\"font-weight: 400; text-align: justify;\">Neste cen\u00e1rio, ao colocar uma moeda ao lado da outra, a briga torna-se quase imposs\u00edvel. Portanto, a melhor maneira de as empresas brasileiras manterem-se competitivas perante ao mercado externo \u00e9 investindo em sua pr\u00f3pria identidade, estando alinhados a mesma miss\u00e3o e valores dos colaboradores, a fim de que cada profissional entenda o prop\u00f3sito de estar ali, criando assim, um desejo genu\u00edno em fazer parte e crescer na\u00a0<a href=\"https:\/\/bit.ly\/3PnZhGd\" target=\"_blank\" rel=\"noopener\" data-saferedirecturl=\"https:\/\/www.google.com\/url?q=https:\/\/bit.ly\/3PnZhGd&amp;source=gmail&amp;ust=1659127692742000&amp;usg=AOvVaw0RoIjO5NrdlxnF11_5Lc5P\">companhia<\/a>.<\/p>\n<p style=\"font-weight: 400; text-align: justify;\"><strong>Impactos da falta de profissionais de tecnologia para as empresas<\/strong><\/p>\n<p style=\"font-weight: 400; text-align: justify;\">Com vagas dispon\u00edveis, mas nem todas preenchidas, as organiza\u00e7\u00f5es podem sofrer alguns preju\u00edzos, como projetos represados, j\u00e1 que sem a quantidade ideal de profissionais qualificados, diversos projetos atrasar, ou at\u00e9 mesmo serem inviabilizados. Al\u00e9m disso, h\u00e1 o impacto financeiro por duas raz\u00f5es: um pre\u00e7o muito alto \u00e9 investido para formar um profissional qualificado dentro da pr\u00f3pria empresa, bem como para encontrar um profissional j\u00e1 especializado e preparado no mercado de tecnologia.<\/p>\n<div class=\"g g-1\"><div class=\"g-single a-37\"><a class=\"gofollow\" data-track=\"MzcsMSwxLDEw\" href=\"https:\/\/tuapps.com.br\/ apontatu-gestao-de-ponto\/?utm_ source=topo&amp;utm_medium= rhevista-rh&amp;utm_campaign=gest% C3%A3o+de+ponto+tem+que+ser+ simples&amp;utm_id=banner\" target=\"_blank\" rel=\"noopener\"><img loading=\"lazy\" decoding=\"async\" class=\"aligncenter wp-image-79942\" src=\"https:\/\/www.rhevistarh.com.br\/portal\/wp-content\/uploads\/2026\/04\/apontatu_720_90-scaled.jpg\" alt=\"\" width=\"720\" height=\"90\" srcset=\"https:\/\/www.rhevistarh.com.br\/portal\/wp-content\/uploads\/2026\/04\/apontatu_720_90-scaled.jpg 2560w, https:\/\/www.rhevistarh.com.br\/portal\/wp-content\/uploads\/2026\/04\/apontatu_720_90-300x38.jpg 300w, https:\/\/www.rhevistarh.com.br\/portal\/wp-content\/uploads\/2026\/04\/apontatu_720_90-1024x128.jpg 1024w, https:\/\/www.rhevistarh.com.br\/portal\/wp-content\/uploads\/2026\/04\/apontatu_720_90-768x96.jpg 768w, https:\/\/www.rhevistarh.com.br\/portal\/wp-content\/uploads\/2026\/04\/apontatu_720_90-1536x192.jpg 1536w, https:\/\/www.rhevistarh.com.br\/portal\/wp-content\/uploads\/2026\/04\/apontatu_720_90-2048x256.jpg 2048w\" sizes=\"auto, (max-width: 720px) 100vw, 720px\" \/><\/a><\/div><\/div>\n<p style=\"font-weight: 400; text-align: justify;\">Ademais, a pandemia de Covid-19 tamb\u00e9m acarretou em impactos \u00e0s companhias, sendo um deles o aumento dos casos relacionados \u00e0 sa\u00fade mental. De acordo com a\u00a0<a href=\"https:\/\/www.who.int\/pt\" target=\"_blank\" rel=\"noopener\" data-saferedirecturl=\"https:\/\/www.google.com\/url?q=https:\/\/www.who.int\/pt&amp;source=gmail&amp;ust=1659127692742000&amp;usg=AOvVaw0n79l6qZO2vND-9zzmlxC5\">OMS<\/a>\u00a0(Organiza\u00e7\u00e3o Mundial da Sa\u00fade), a pandemia desencadeou um crescimento global de 25% na preval\u00eancia de ansiedade, depress\u00e3o e Burnout.<\/p>\n<p style=\"font-weight: 400; text-align: justify;\">Sendo assim, este novo cen\u00e1rio tecnol\u00f3gico acelerado p\u00f3s-pand\u00eamico tamb\u00e9m tem trazido s\u00e9rios impactos \u00e0s organiza\u00e7\u00f5es, que por sua vez, devem contribuir para que os colaboradores encontrem um equil\u00edbrio entre sua vida profissional e pessoal, por meio de cargas hor\u00e1rias ajustadas, sal\u00e1rios compat\u00edveis ao mercado e, ainda, a\u00e7\u00f5es voltadas ao apoio emocional.<\/p>\n<p style=\"font-weight: 400; text-align: justify;\"><strong>Perspectivas para o futuro<\/strong><\/p>\n<p style=\"font-weight: 400; text-align: justify;\">O d\u00e9ficit de profissionais de tecnologia no Brasil pode ser superado ao longo do tempo. Em diversas empresas, o sal\u00e1rio n\u00e3o \u00e9 o \u00fanico fator ou o principal para atrair um colaborador. Por isso, \u00e9 necess\u00e1rio que as companhias priorizem n\u00e3o apenas o fator financeiro, mas tamb\u00e9m a\u00e7\u00f5es de recursos humanos efetivas focadas em\u00a0<a href=\"https:\/\/bit.ly\/3aUdSdL\" target=\"_blank\" rel=\"noopener\" data-saferedirecturl=\"https:\/\/www.google.com\/url?q=https:\/\/bit.ly\/3aUdSdL&amp;source=gmail&amp;ust=1659127692743000&amp;usg=AOvVaw2hQn8GoZ9ka6EuFNlve5UF\">sa\u00fade<\/a>\u00a0f\u00edsica e mental dos colaboradores, contribuindo com o equil\u00edbrio da vida pessoal e profissional dos colaboradores de forma saud\u00e1vel nesse modelo home office.<\/p>\n<p style=\"font-weight: 400; text-align: justify;\">Por parte dos profissionais, \u00e9 preciso uma constante qualifica\u00e7\u00e3o para acompanhar as atualiza\u00e7\u00f5es do mercado, sempre se atentando em estar conectado aos planos e toda cultura da empresa em que trabalha ou que deseja trabalhar, trocando conhecimentos e trabalhando em equipe.<\/p>\n<p style=\"font-weight: 400; text-align: justify;\">Desta forma, assim como diversos fatores contribuem para o aumento da falta de profissionais de tecnologia nas empresas brasileiras, outros muitos fatores podem colaborar para a sua retomada. E, as empresas devem investir em inova\u00e7\u00e3o, uma universidade interna, com uma \u00e1rea de Recursos Humanos com perspic\u00e1cia e provocativa interligada aos neg\u00f3cios da companhia para atrair e reter novos profissionais.<\/p>\n<p style=\"font-weight: 400; text-align: justify;\"><strong><em>*Ot\u00e1vio Argenton \u00e9 Country Manager e Eduardo Prazeres \u00e9 Diretor de Recursos Humanos, ambos da <a href=\"https:\/\/bit.ly\/3aQmOAZ\" target=\"_blank\" rel=\"noopener\" data-saferedirecturl=\"https:\/\/www.google.com\/url?q=https:\/\/bit.ly\/3aQmOAZ&amp;source=gmail&amp;ust=1659127692743000&amp;usg=AOvVaw2zzJGMj5TW6D7en0bKrgpO\">SoftwareONE<\/a>, provedora global e l\u00edder em solu\u00e7\u00f5es de ponta-a-ponta para softwares e tecnologia de nuvem.<\/em><\/strong><\/p>\n<hr \/>\n<p>&nbsp;<\/p>\n<p style=\"font-weight: 400;\">\n","protected":false},"excerpt":{"rendered":"<p>A transforma\u00e7\u00e3o digital n\u00e3o \u00e9 mais uma novidade para as empresas brasileiras, pelo contr\u00e1rio, j\u00e1 se faz presente na grande maioria delas, com a utiliza\u00e7\u00e3o das ferramentas tecnol\u00f3gicas mais inovadoras do mercado.<\/p>\n","protected":false},"author":8,"featured_media":74443,"comment_status":"open","ping_status":"open","sticky":false,"template":"","format":"standard","meta":{"footnotes":""},"categories":[1],"tags":[6046,6047,6045],"table_tags":[],"class_list":["post-74440","post","type-post","status-publish","format-standard","has-post-thumbnail","hentry","category-noticias","tag-tecnologia-da-informacao-e-comunicacao","tag-tic","tag-transformacao-digital","entry"],"aioseo_notices":[],"_links":{"self":[{"href":"https:\/\/www.rhevistarh.com.br\/portal\/wp-json\/wp\/v2\/posts\/74440","targetHints":{"allow":["GET"]}}],"collection":[{"href":"https:\/\/www.rhevistarh.com.br\/portal\/wp-json\/wp\/v2\/posts"}],"about":[{"href":"https:\/\/www.rhevistarh.com.br\/portal\/wp-json\/wp\/v2\/types\/post"}],"author":[{"embeddable":true,"href":"https:\/\/www.rhevistarh.com.br\/portal\/wp-json\/wp\/v2\/users\/8"}],"replies":[{"embeddable":true,"href":"https:\/\/www.rhevistarh.com.br\/portal\/wp-json\/wp\/v2\/comments?post=74440"}],"version-history":[{"count":0,"href":"https:\/\/www.rhevistarh.com.br\/portal\/wp-json\/wp\/v2\/posts\/74440\/revisions"}],"wp:featuredmedia":[{"embeddable":true,"href":"https:\/\/www.rhevistarh.com.br\/portal\/wp-json\/wp\/v2\/media\/74443"}],"wp:attachment":[{"href":"https:\/\/www.rhevistarh.com.br\/portal\/wp-json\/wp\/v2\/media?parent=74440"}],"wp:term":[{"taxonomy":"category","embeddable":true,"href":"https:\/\/www.rhevistarh.com.br\/portal\/wp-json\/wp\/v2\/categories?post=74440"},{"taxonomy":"post_tag","embeddable":true,"href":"https:\/\/www.rhevistarh.com.br\/portal\/wp-json\/wp\/v2\/tags?post=74440"},{"taxonomy":"table_tags","embeddable":true,"href":"https:\/\/www.rhevistarh.com.br\/portal\/wp-json\/wp\/v2\/table_tags?post=74440"}],"curies":[{"name":"wp","href":"https:\/\/api.w.org\/{rel}","templated":true}]}}