{"id":74458,"date":"2022-08-02T09:00:18","date_gmt":"2022-08-02T12:00:18","guid":{"rendered":"https:\/\/www.rhevistarh.com.br\/portal\/?p=74458"},"modified":"2022-08-02T09:14:43","modified_gmt":"2022-08-02T12:14:43","slug":"julgamento-no-stf-sobre-terco-de-ferias-pode-gerar-divida-bilionaria-para-empresas-alerta-economista-marina-helena-santos","status":"publish","type":"post","link":"https:\/\/www.rhevistarh.com.br\/portal\/julgamento-no-stf-sobre-terco-de-ferias-pode-gerar-divida-bilionaria-para-empresas-alerta-economista-marina-helena-santos\/","title":{"rendered":"JULGAMENTO NO STF SOBRE TER\u00c7O DE F\u00c9RIAS PODE GERAR D\u00cdVIDA BILION\u00c1RIA PARA EMPRESAS, ALERTA ECONOMISTA MARINA HELENA SANTOS"},"content":{"rendered":"<p style=\"text-align: justify;\"><img loading=\"lazy\" decoding=\"async\" class=\"size-full wp-image-74460 alignright\" src=\"https:\/\/www.rhevistarh.com.br\/portal\/wp-content\/uploads\/2022\/08\/justica.png\" alt=\"\" width=\"300\" height=\"300\" srcset=\"https:\/\/www.rhevistarh.com.br\/portal\/wp-content\/uploads\/2022\/08\/justica.png 300w, https:\/\/www.rhevistarh.com.br\/portal\/wp-content\/uploads\/2022\/08\/justica-150x150.png 150w, https:\/\/www.rhevistarh.com.br\/portal\/wp-content\/uploads\/2022\/08\/justica-100x100.png 100w, https:\/\/www.rhevistarh.com.br\/portal\/wp-content\/uploads\/2022\/08\/justica-60x60.png 60w\" sizes=\"auto, (max-width: 300px) 100vw, 300px\" \/>O presidente do Supremo Tribunal Federal (STF), Luiz Fux, marcou para 31 de agosto o julgamento de uma a\u00e7\u00e3o que pode obrigar empresas a pagarem dezenas de bilh\u00f5es de reais ao INSS em contribui\u00e7\u00f5es previdenci\u00e1rias patronais retroativas sobre o ter\u00e7o de f\u00e9rias de seus empregados. Em 2014, o STJ decidiu que as empresas n\u00e3o iriam pagar ao INSS sobre o adicional de um ter\u00e7o de f\u00e9rias dos funcion\u00e1rios. Em 2020, o STF fez as empresas voltarem a pagar, mas agora h\u00e1 uma quest\u00e3o de ordem que est\u00e1 para ser votada no STF que discute se essa cota patronal dever\u00e1 ser paga retroativamente em rela\u00e7\u00e3o a todo o per\u00edodo em que ficou sem ser recolhida. Na pr\u00e1tica, isso significa que desde 2014, as empresas tiveram a certeza jur\u00eddica decorrente de uma decis\u00e3o do STJ de que o ter\u00e7o de f\u00e9rias n\u00e3o estaria sujeito \u00e0 incid\u00eancia da contribui\u00e7\u00e3o previdenci\u00e1ria.<\/p>\n<p style=\"text-align: justify;\">A economista Marina Helena Santos, que foi diretora de desestatiza\u00e7\u00e3o do Governo Federal e possui mais de 14 anos de experi\u00eancia como economista no mercado financeiro em institui\u00e7\u00f5es como Ita\u00fa Asset, Banco Bradesco, Quest Investimentos, Mau\u00e1 Capital e Bozano Investimentos, diz que a decis\u00e3o de um juiz no Brasil \u00e9 uma loteria. \u201cN\u00e3o se sabe o que vai sair dali. Temos, por exemplo, decis\u00f5es divergentes entre o Supremo Tribunal Federal e o Superior Tribunal de Justi\u00e7a em determinadas mat\u00e9rias que podem gerar d\u00edvidas bilion\u00e1rias para as empresas\u201d, assinala.<\/p>\n<div class=\"g g-1\"><div class=\"g-single a-37\"><a class=\"gofollow\" data-track=\"MzcsMSwxLDEw\" href=\"https:\/\/tuapps.com.br\/ apontatu-gestao-de-ponto\/?utm_ source=topo&amp;utm_medium= rhevista-rh&amp;utm_campaign=gest% C3%A3o+de+ponto+tem+que+ser+ simples&amp;utm_id=banner\" target=\"_blank\" rel=\"noopener\"><img loading=\"lazy\" decoding=\"async\" class=\"aligncenter wp-image-79942\" src=\"https:\/\/www.rhevistarh.com.br\/portal\/wp-content\/uploads\/2026\/04\/apontatu_720_90-scaled.jpg\" alt=\"\" width=\"720\" height=\"90\" srcset=\"https:\/\/www.rhevistarh.com.br\/portal\/wp-content\/uploads\/2026\/04\/apontatu_720_90-scaled.jpg 2560w, https:\/\/www.rhevistarh.com.br\/portal\/wp-content\/uploads\/2026\/04\/apontatu_720_90-300x38.jpg 300w, https:\/\/www.rhevistarh.com.br\/portal\/wp-content\/uploads\/2026\/04\/apontatu_720_90-1024x128.jpg 1024w, https:\/\/www.rhevistarh.com.br\/portal\/wp-content\/uploads\/2026\/04\/apontatu_720_90-768x96.jpg 768w, https:\/\/www.rhevistarh.com.br\/portal\/wp-content\/uploads\/2026\/04\/apontatu_720_90-1536x192.jpg 1536w, https:\/\/www.rhevistarh.com.br\/portal\/wp-content\/uploads\/2026\/04\/apontatu_720_90-2048x256.jpg 2048w\" sizes=\"auto, (max-width: 720px) 100vw, 720px\" \/><\/a><\/div><\/div>\n<p style=\"text-align: justify;\">Agora, o que se discute, no processo do Recurso Extraordin\u00e1rio 1072485, \u00e9 se os pagamentos que deixaram de ser feitos entre mar\u00e7o de 2014 e agosto de 2020 devem ser pagos retroativamente ou se haver\u00e1 a chamada modula\u00e7\u00e3o de efeitos da decis\u00e3o \u2013 ou seja, se a exig\u00eancia da cota patronal da contribui\u00e7\u00e3o previdenci\u00e1ria sobre o ter\u00e7o de f\u00e9rias deve ser iniciada apenas a partir da decis\u00e3o proferida pelo STF.<\/p>\n<p style=\"text-align: justify;\">A Associa\u00e7\u00e3o Brasileira de Advocacia Tribut\u00e1ria (Abat) calcula que, caso a maioria dos ministros da Corte vote por n\u00e3o modular os efeitos, o preju\u00edzo \u00e0s empresas ficar\u00e1 em torno de R$ 80 bilh\u00f5es. A estimativa inclui a cobran\u00e7a de percentual entre 26% e 30%, dependendo da atividade econ\u00f4mica, sobre o ter\u00e7o de f\u00e9rias dos funcion\u00e1rios de todas as empresas no per\u00edodo.<\/p>\n<hr \/>\n<p>&nbsp;<\/p>\n","protected":false},"excerpt":{"rendered":"<p>O presidente do Supremo Tribunal Federal (STF), Luiz Fux, marcou para 31 de agosto o julgamento de uma a\u00e7\u00e3o que pode obrigar empresas a pagarem dezenas de bilh\u00f5es de reais ao INSS em contribui\u00e7\u00f5es previdenci\u00e1rias patronais retroativas sobre o ter\u00e7o de f\u00e9rias<\/p>\n","protected":false},"author":8,"featured_media":74460,"comment_status":"open","ping_status":"open","sticky":false,"template":"","format":"standard","meta":{"footnotes":""},"categories":[1],"tags":[6053,6052],"table_tags":[],"class_list":["post-74458","post","type-post","status-publish","format-standard","has-post-thumbnail","hentry","category-noticias","tag-encargos-sociais","tag-terco-de-ferias","entry"],"aioseo_notices":[],"_links":{"self":[{"href":"https:\/\/www.rhevistarh.com.br\/portal\/wp-json\/wp\/v2\/posts\/74458","targetHints":{"allow":["GET"]}}],"collection":[{"href":"https:\/\/www.rhevistarh.com.br\/portal\/wp-json\/wp\/v2\/posts"}],"about":[{"href":"https:\/\/www.rhevistarh.com.br\/portal\/wp-json\/wp\/v2\/types\/post"}],"author":[{"embeddable":true,"href":"https:\/\/www.rhevistarh.com.br\/portal\/wp-json\/wp\/v2\/users\/8"}],"replies":[{"embeddable":true,"href":"https:\/\/www.rhevistarh.com.br\/portal\/wp-json\/wp\/v2\/comments?post=74458"}],"version-history":[{"count":0,"href":"https:\/\/www.rhevistarh.com.br\/portal\/wp-json\/wp\/v2\/posts\/74458\/revisions"}],"wp:featuredmedia":[{"embeddable":true,"href":"https:\/\/www.rhevistarh.com.br\/portal\/wp-json\/wp\/v2\/media\/74460"}],"wp:attachment":[{"href":"https:\/\/www.rhevistarh.com.br\/portal\/wp-json\/wp\/v2\/media?parent=74458"}],"wp:term":[{"taxonomy":"category","embeddable":true,"href":"https:\/\/www.rhevistarh.com.br\/portal\/wp-json\/wp\/v2\/categories?post=74458"},{"taxonomy":"post_tag","embeddable":true,"href":"https:\/\/www.rhevistarh.com.br\/portal\/wp-json\/wp\/v2\/tags?post=74458"},{"taxonomy":"table_tags","embeddable":true,"href":"https:\/\/www.rhevistarh.com.br\/portal\/wp-json\/wp\/v2\/table_tags?post=74458"}],"curies":[{"name":"wp","href":"https:\/\/api.w.org\/{rel}","templated":true}]}}