{"id":74556,"date":"2022-08-11T15:39:41","date_gmt":"2022-08-11T18:39:41","guid":{"rendered":"https:\/\/www.rhevistarh.com.br\/portal\/?p=74556"},"modified":"2022-08-11T15:51:00","modified_gmt":"2022-08-11T18:51:00","slug":"para-celebrar-o-dia-dos-pais-sanofi-incentiva-licenca-parental-neutra-estendida","status":"publish","type":"post","link":"https:\/\/www.rhevistarh.com.br\/portal\/para-celebrar-o-dia-dos-pais-sanofi-incentiva-licenca-parental-neutra-estendida\/","title":{"rendered":"Para celebrar o Dia dos Pais, Sanofi incentiva Licen\u00e7a Parental Neutra estendida"},"content":{"rendered":"<p><img loading=\"lazy\" decoding=\"async\" class=\"aligncenter size-full wp-image-74569\" src=\"https:\/\/www.rhevistarh.com.br\/portal\/wp-content\/uploads\/2022\/08\/sanofi-2.png\" alt=\"\" width=\"145\" height=\"40\" \/><\/p>\n<p style=\"text-align: center;\">O benef\u00edcio estimula que pais e m\u00e3es estejam dedicados aos primeiros meses da chegada do filho \u00e0 fam\u00edlia<\/p>\n<p style=\"font-weight: 400; text-align: justify;\"><strong>S\u00e3o Paulo, agosto de 2022 \u2013\u00a0<\/strong>No m\u00eas em que \u00e9 celebrado o Dia dos Pais, a Sanofi refor\u00e7a a import\u00e2ncia da licen\u00e7a parental estendida que \u00e9 oferecida para todos os colaboradores da companhia. O benef\u00edcio proporciona que os pais tirem at\u00e9 seis meses de licen\u00e7a, independente do g\u00eanero, modelo familiar ou se a crian\u00e7a foi nascida na pr\u00f3pria fam\u00edlia ou adotada. Durante o per\u00edodo de licen\u00e7a, a empresa garante o pagamento do sal\u00e1rio integral aos colaboradores.<\/p>\n<p style=\"font-weight: 400; text-align: justify;\">Desde 2020, todos os colaboradores da Sanofi em todas as opera\u00e7\u00f5es da Am\u00e9rica Latina podem tirar a licen\u00e7a parental. De janeiro de 2020 a dezembro de 2021, 48% dos colaboradores homens da Sanofi no Brasil que sa\u00edram de licen\u00e7a paternidade, optaram pela licen\u00e7a parental estendida. Para este ano, a expectativa \u00e9 de que este percentual chegue a 56%.<\/p>\n<p style=\"font-weight: 400; text-align: justify;\">A presen\u00e7a e dedica\u00e7\u00e3o dos pais nos primeiros meses de chegada da crian\u00e7a \u00e0 fam\u00edlia, cria la\u00e7os e apoia o desenvolvimento cognitivo das crian\u00e7as conforme aponta o estudo publicado no Innfant Mental Health Journal, conduzido por pesquisadores do London Imperial College, Oxford University e King&#8217;s College.<\/p>\n<figure id=\"attachment_74558\" aria-describedby=\"caption-attachment-74558\" style=\"width: 250px\" class=\"wp-caption alignright\"><img loading=\"lazy\" decoding=\"async\" class=\"wp-image-74558\" src=\"https:\/\/www.rhevistarh.com.br\/portal\/wp-content\/uploads\/2022\/08\/pedropitella.jpg\" alt=\"\" width=\"250\" height=\"250\" srcset=\"https:\/\/www.rhevistarh.com.br\/portal\/wp-content\/uploads\/2022\/08\/pedropitella.jpg 300w, https:\/\/www.rhevistarh.com.br\/portal\/wp-content\/uploads\/2022\/08\/pedropitella-150x150.jpg 150w, https:\/\/www.rhevistarh.com.br\/portal\/wp-content\/uploads\/2022\/08\/pedropitella-100x100.jpg 100w, https:\/\/www.rhevistarh.com.br\/portal\/wp-content\/uploads\/2022\/08\/pedropitella-60x60.jpg 60w\" sizes=\"auto, (max-width: 250px) 100vw, 250px\" \/><figcaption id=\"caption-attachment-74558\" class=\"wp-caption-text\">Pedro Pittela<br \/>Diretor de Recursos Humanos<br \/>Sanofi no Brasil.<\/figcaption><\/figure>\n<p style=\"font-weight: 400; text-align: justify;\">A licen\u00e7a parental oferece aos colaboradores da Sanofi e suas fam\u00edlias a oportunidade de dedicarem-se integralmente ao momento, e tamb\u00e9m o apoio desde o planejamento de um filho, a primeira inf\u00e2ncia, at\u00e9 o acompanhamento no retorno do colaborador, ap\u00f3s o per\u00edodo de aus\u00eancia, reavaliando o modelo de masculinidade tradicional, onde cabe apenas \u00e0s m\u00e3es os cuidados com os filhos rec\u00e9m-nascidos.<\/p>\n<p style=\"font-weight: 400; text-align: justify;\"><em>\u201cAqui na Sanofi, n\u00e3o medimos esfor\u00e7os para transformar a empresa em um ambiente que as pessoas sintam orgulho de fazer parte. Queremos engajar nossos l\u00edderes a incentivarem seus times a usufru\u00edrem dos benef\u00edcios oferecidos pela companhia. A licen\u00e7a parental estendida, por exemplo, \u00e9 uma a\u00e7\u00e3o que proporciona melhor qualidade de vida, refor\u00e7a valores familiares importantes e reafirma nosso compromisso por um ambiente de trabalho mais humanizado e emp\u00e1tico\u201d, afirma Pedro Pittela, Diretor de Recursos Humanos da Sanofi no Brasil.<\/em><\/p>\n<p style=\"font-weight: 400; text-align: justify;\">Este foi o caso do Webster Baroni, gerente de projetos da Sanofi. O colaborador aderiu a licen\u00e7a paternidade estendida ap\u00f3s o nascimento de seu filho Noah, que foi adotado na modalidade de barriga solid\u00e1ria.<\/p>\n<p style=\"font-weight: 400; text-align: justify;\"><em>\u201cS\u00f3 tenho a agradecer a Sanofi pelo acolhimento e suporte que tive durante o nascimento do meu filho Noah. Desde o primeiro momento, me incentivaram a tirar a licen\u00e7a estendida e me apoiaram durante todo o per\u00edodo. Foram 6 meses de licen\u00e7a, dedicados ao\u00a0 Noah e que teve um impacto muito positivo na minha qualidade de vida, me aproximando cada vez mais da fam\u00edlia e resgatando la\u00e7os importantes para mim. Al\u00e9m disso, pude contar com o aux\u00edlio a creche, assist\u00eancia m\u00e9dica e plano de sa\u00fade\u201d,<\/em>\u00a0comenta Webster Baroni, colaborador da Sanofi.<\/p>\n<div class=\"g g-1\"><div class=\"g-single a-34\"><a class=\"gofollow\" data-track=\"MzQsMSwxLDEw\" href=\"https:\/\/www.contatoanonimo.com.br\" target=\"_blank\" rel=\"noopener\"><img loading=\"lazy\" decoding=\"async\" class=\"aligncenter wp-image-79937 size-full\" src=\"https:\/\/www.rhevistarh.com.br\/portal\/wp-content\/uploads\/2026\/04\/novo_reportit_720_90_2.png\" alt=\"\" width=\"720\" height=\"90\" srcset=\"https:\/\/www.rhevistarh.com.br\/portal\/wp-content\/uploads\/2026\/04\/novo_reportit_720_90_2.png 720w, https:\/\/www.rhevistarh.com.br\/portal\/wp-content\/uploads\/2026\/04\/novo_reportit_720_90_2-300x38.png 300w\" sizes=\"auto, (max-width: 720px) 100vw, 720px\" \/><\/a><\/div><\/div>\n<p style=\"font-weight: 400; text-align: justify;\"><strong><em>Sobre a Sanofi<\/em><\/strong><\/p>\n<p style=\"font-weight: 400; text-align: justify;\">Somos uma inovadora empresa global de sa\u00fade, movida por um prop\u00f3sito: buscamos os milagres da ci\u00eancia para melhorar a vida das pessoas [we chase the miracles of science to improve people\u2019s lives]. Nossa equipe, em cerca de 100 pa\u00edses, dedica-se a transformar a pr\u00e1tica da medicina, possibilitando o imposs\u00edvel. Fornecemos op\u00e7\u00f5es de tratamento potencialmente decisivos e prote\u00e7\u00e3o vacinal essencial para milh\u00f5es de pessoas em todo o mundo, ao mesmo tempo em que colocamos a sustentabilidade e a responsabilidade social no centro de nossas ambi\u00e7\u00f5es.<\/p>\n<hr \/>\n<p style=\"font-weight: 400;\">\n","protected":false},"excerpt":{"rendered":"<p>No m\u00eas em que \u00e9 celebrado o Dia dos Pais, a Sanofi refor\u00e7a a import\u00e2ncia da licen\u00e7a parental estendida que \u00e9 oferecida para todos os colaboradores da companhia. O benef\u00edcio proporciona que os pais tirem at\u00e9 seis meses de licen\u00e7a<\/p>\n","protected":false},"author":8,"featured_media":74561,"comment_status":"open","ping_status":"open","sticky":false,"template":"","format":"standard","meta":{"footnotes":""},"categories":[1],"tags":[6063,6064],"table_tags":[],"class_list":["post-74556","post","type-post","status-publish","format-standard","has-post-thumbnail","hentry","category-noticias","tag-licenca-parental","tag-sanofi","entry"],"aioseo_notices":[],"_links":{"self":[{"href":"https:\/\/www.rhevistarh.com.br\/portal\/wp-json\/wp\/v2\/posts\/74556","targetHints":{"allow":["GET"]}}],"collection":[{"href":"https:\/\/www.rhevistarh.com.br\/portal\/wp-json\/wp\/v2\/posts"}],"about":[{"href":"https:\/\/www.rhevistarh.com.br\/portal\/wp-json\/wp\/v2\/types\/post"}],"author":[{"embeddable":true,"href":"https:\/\/www.rhevistarh.com.br\/portal\/wp-json\/wp\/v2\/users\/8"}],"replies":[{"embeddable":true,"href":"https:\/\/www.rhevistarh.com.br\/portal\/wp-json\/wp\/v2\/comments?post=74556"}],"version-history":[{"count":0,"href":"https:\/\/www.rhevistarh.com.br\/portal\/wp-json\/wp\/v2\/posts\/74556\/revisions"}],"wp:featuredmedia":[{"embeddable":true,"href":"https:\/\/www.rhevistarh.com.br\/portal\/wp-json\/wp\/v2\/media\/74561"}],"wp:attachment":[{"href":"https:\/\/www.rhevistarh.com.br\/portal\/wp-json\/wp\/v2\/media?parent=74556"}],"wp:term":[{"taxonomy":"category","embeddable":true,"href":"https:\/\/www.rhevistarh.com.br\/portal\/wp-json\/wp\/v2\/categories?post=74556"},{"taxonomy":"post_tag","embeddable":true,"href":"https:\/\/www.rhevistarh.com.br\/portal\/wp-json\/wp\/v2\/tags?post=74556"},{"taxonomy":"table_tags","embeddable":true,"href":"https:\/\/www.rhevistarh.com.br\/portal\/wp-json\/wp\/v2\/table_tags?post=74556"}],"curies":[{"name":"wp","href":"https:\/\/api.w.org\/{rel}","templated":true}]}}