{"id":74721,"date":"2022-09-07T12:00:32","date_gmt":"2022-09-07T15:00:32","guid":{"rendered":"https:\/\/www.rhevistarh.com.br\/portal\/?p=74721"},"modified":"2022-09-07T12:00:32","modified_gmt":"2022-09-07T15:00:32","slug":"exposicao-on-line-apresenta-fotografias-historicas-de-sao-paulo-e-inicio-da-iluminacao-a-gas-no-final-do-seculo-19","status":"publish","type":"post","link":"https:\/\/www.rhevistarh.com.br\/portal\/exposicao-on-line-apresenta-fotografias-historicas-de-sao-paulo-e-inicio-da-iluminacao-a-gas-no-final-do-seculo-19\/","title":{"rendered":"Exposi\u00e7\u00e3o on-line apresenta fotografias hist\u00f3ricas de S\u00e3o Paulo e in\u00edcio da ilumina\u00e7\u00e3o a g\u00e1s no final do s\u00e9culo 19"},"content":{"rendered":"<p><img loading=\"lazy\" decoding=\"async\" class=\"aligncenter size-full wp-image-74724\" src=\"https:\/\/www.rhevistarh.com.br\/portal\/wp-content\/uploads\/2022\/09\/fes.png\" alt=\"\" width=\"90\" height=\"50\" \/><\/p>\n<p style=\"font-weight: 400; text-align: center;\"><em>Imagens hist\u00f3ricas, do acervo da Funda\u00e7\u00e3o Energia e Saneamento, celebram os 150 anos<br \/>\n<\/em><em>do uso do g\u00e1s em S\u00e3o Paulo, desde a constru\u00e7\u00e3o do gas\u00f4metro do Br\u00e1s<\/em><\/p>\n<p><img loading=\"lazy\" decoding=\"async\" class=\"aligncenter size-full wp-image-74722\" src=\"https:\/\/www.rhevistarh.com.br\/portal\/wp-content\/uploads\/2022\/09\/iluminacaogas.jpg\" alt=\"\" width=\"600\" height=\"418\" srcset=\"https:\/\/www.rhevistarh.com.br\/portal\/wp-content\/uploads\/2022\/09\/iluminacaogas.jpg 600w, https:\/\/www.rhevistarh.com.br\/portal\/wp-content\/uploads\/2022\/09\/iluminacaogas-300x209.jpg 300w\" sizes=\"auto, (max-width: 600px) 100vw, 600px\" \/><\/p>\n<p style=\"font-weight: 400; text-align: justify;\">A Funda\u00e7\u00e3o Energia e Saneamento lan\u00e7a a exposi\u00e7\u00e3o on-line\u00a0<strong>\u201c150 anos do G\u00e1s em S\u00e3o Paulo: o in\u00edcio\u201d<\/strong>\u00a0na plataforma Google Arts &amp; Culture, que permite visitar museus e acervos de todo o mundo remotamente, disponibilizando obras em alta resolu\u00e7\u00e3o. Com fotografias do acervo hist\u00f3rico da institui\u00e7\u00e3o, um dos maiores do estado de S\u00e3o Paulo, a iniciativa apresenta o in\u00edcio da consolida\u00e7\u00e3o da ilumina\u00e7\u00e3o p\u00fablica no territ\u00f3rio paulista, a partir de sistema a g\u00e1s inaugurado h\u00e1 exatos 150 anos na cidade de S\u00e3o Paulo.\u00a0 Para acessar clique em\u00a0<a href=\"https:\/\/artsandculture.google.com\/story\/BAVBQOBEwRhdUw?hl=pt-br\" target=\"_blank\" rel=\"noopener\" data-saferedirecturl=\"https:\/\/www.google.com\/url?q=https:\/\/artsandculture.google.com\/story\/BAVBQOBEwRhdUw?hl%3Dpt-br&amp;source=gmail&amp;ust=1662647862104000&amp;usg=AOvVaw1RpQzmag6lffOzrLK9SDMK\">https:\/\/artsandculture.google.com\/story\/BAVBQOBEwRhdUw?hl=pt-br<\/a>.<\/p>\n<p style=\"font-weight: 400; text-align: justify;\">Para a exposi\u00e7\u00e3o, a Funda\u00e7\u00e3o selecionou cerca de 30 imagens do acervo, organizadas em narrativa cronol\u00f3gica que visa revelar a hist\u00f3ria do in\u00edcio do uso do g\u00e1s como combust\u00edvel energ\u00e9tico no Brasil, a partir do estado de S\u00e3o Paulo. Essa hist\u00f3ria come\u00e7a na capital em 28 de agosto de 1872, quando a empresa inglesa\u00a0<em>San Paulo Gas Company\u00a0<\/em>foi autorizada a atuar no Imp\u00e9rio do Brasil e deu in\u00edcio \u00e0 explora\u00e7\u00e3o do g\u00e1s obtido pelo carv\u00e3o, usado nos servi\u00e7os de ilumina\u00e7\u00e3o p\u00fablica.<\/p>\n<div class=\"g g-1\"><div class=\"g-single a-37\"><a class=\"gofollow\" data-track=\"MzcsMSwxLDEw\" href=\"https:\/\/tuapps.com.br\/ apontatu-gestao-de-ponto\/?utm_ source=topo&amp;utm_medium= rhevista-rh&amp;utm_campaign=gest% C3%A3o+de+ponto+tem+que+ser+ simples&amp;utm_id=banner\" target=\"_blank\" rel=\"noopener\"><img loading=\"lazy\" decoding=\"async\" class=\"aligncenter wp-image-79942\" src=\"https:\/\/www.rhevistarh.com.br\/portal\/wp-content\/uploads\/2026\/04\/apontatu_720_90-scaled.jpg\" alt=\"\" width=\"720\" height=\"90\" srcset=\"https:\/\/www.rhevistarh.com.br\/portal\/wp-content\/uploads\/2026\/04\/apontatu_720_90-scaled.jpg 2560w, https:\/\/www.rhevistarh.com.br\/portal\/wp-content\/uploads\/2026\/04\/apontatu_720_90-300x38.jpg 300w, https:\/\/www.rhevistarh.com.br\/portal\/wp-content\/uploads\/2026\/04\/apontatu_720_90-1024x128.jpg 1024w, https:\/\/www.rhevistarh.com.br\/portal\/wp-content\/uploads\/2026\/04\/apontatu_720_90-768x96.jpg 768w, https:\/\/www.rhevistarh.com.br\/portal\/wp-content\/uploads\/2026\/04\/apontatu_720_90-1536x192.jpg 1536w, https:\/\/www.rhevistarh.com.br\/portal\/wp-content\/uploads\/2026\/04\/apontatu_720_90-2048x256.jpg 2048w\" sizes=\"auto, (max-width: 720px) 100vw, 720px\" \/><\/a><\/div><\/div>\n<p style=\"font-weight: 400; text-align: justify;\">Com o passar das d\u00e9cadas, a explora\u00e7\u00e3o do g\u00e1s foi se expandindo pelo estado. A partir do carv\u00e3o, o g\u00e1s foi, mais tarde, obtido da nafta, at\u00e9 chegar ao g\u00e1s natural explorado hoje, que cozinha os alimentos, aquece a \u00e1gua, alimenta as ind\u00fastrias e fornece combust\u00edvel para ve\u00edculos de mais 2,2 milh\u00f5es de consumidores em cerca de 150 munic\u00edpios paulistas.<\/p>\n<p style=\"font-weight: 400; text-align: justify;\">As imagens selecionadas, com datas-limite de 1877 a 1940, apresentam, portanto, os primeiros tempos do g\u00e1s, com as obras e trabalhadores an\u00f4nimos do famoso gas\u00f4metro que, at\u00e9 hoje, d\u00e1 nome \u00e0 rua do Br\u00e1s, atualmente importante ponto comercial do centro da cidade. Para abordar os usos dom\u00e9sticos do g\u00e1s, foram utilizadas propagandas antigas, tamb\u00e9m presentes no acervo da institui\u00e7\u00e3o.<\/p>\n<p style=\"font-weight: 400; text-align: justify;\">Os interessados em conhecer a exposi\u00e7\u00e3o on-line, devem acessar\u00a0o link\u00a0<a href=\"https:\/\/artsandculture.google.com\/story\/BAVBQOBEwRhdUw?hl=pt-br\" target=\"_blank\" rel=\"noopener\" data-saferedirecturl=\"https:\/\/www.google.com\/url?q=https:\/\/artsandculture.google.com\/story\/BAVBQOBEwRhdUw?hl%3Dpt-br&amp;source=gmail&amp;ust=1662647862104000&amp;usg=AOvVaw1RpQzmag6lffOzrLK9SDMK\">https:\/\/artsandculture.google.com\/story\/BAVBQOBEwRhdUw?hl=pt-br<\/a><\/p>\n<p style=\"font-weight: 400; text-align: justify;\"><strong>Sobre a Funda\u00e7\u00e3o Energia e Saneamento<\/strong><\/p>\n<p style=\"font-weight: 400; text-align: justify;\">Desde 1998, a Funda\u00e7\u00e3o Energia e Saneamento inspira pessoas sobre o valor da \u00e1gua e energia para a vida, por meio da pesquisa, preserva\u00e7\u00e3o e divulga\u00e7\u00e3o do patrim\u00f4nio hist\u00f3rico e cultural dos setores de energia e de saneamento ambiental. Atuando em v\u00e1rias regi\u00f5es do Estado de S\u00e3o Paulo por meio das unidades do Museu da Energia (S\u00e3o Paulo, Itu e Sales\u00f3polis), realiza a\u00e7\u00f5es culturais e educativas que refor\u00e7am conceitos de cidadania e incentivam o uso respons\u00e1vel de recursos naturais.<\/p>\n<p style=\"font-weight: 400;\">Facebook:\u00a0<a href=\"https:\/\/www.facebook.com\/museudaenergia\" target=\"_blank\" rel=\"noopener\" data-saferedirecturl=\"https:\/\/www.google.com\/url?q=https:\/\/www.facebook.com\/museudaenergia&amp;source=gmail&amp;ust=1662647862105000&amp;usg=AOvVaw2ORgtHRKesJin78XsFWxXy\">@museudaenergia<\/a><br \/>\nInstagram:\u00a0<a href=\"https:\/\/www.instagram.com\/museudaenergia\/\" target=\"_blank\" rel=\"noopener\" data-saferedirecturl=\"https:\/\/www.google.com\/url?q=https:\/\/www.instagram.com\/museudaenergia\/&amp;source=gmail&amp;ust=1662647862105000&amp;usg=AOvVaw0j5XgXO1-hM-fpRE9zzWtX\">@museudaenergia<\/a><br \/>\nYouTube:\u00a0<a href=\"https:\/\/www.youtube.com\/channel\/UCixIyc9Z93_G7_KjqUlFrpg\" target=\"_blank\" rel=\"noopener\" data-saferedirecturl=\"https:\/\/www.google.com\/url?q=https:\/\/www.youtube.com\/channel\/UCixIyc9Z93_G7_KjqUlFrpg&amp;source=gmail&amp;ust=1662647862105000&amp;usg=AOvVaw3yYzXe7u152xJ5CZlaUiXv\">Museu da Energia<\/a><br \/>\nSite:\u00a0<a href=\"https:\/\/www.energiaesaneamento.org.br\/\" target=\"_blank\" rel=\"noopener\" data-saferedirecturl=\"https:\/\/www.google.com\/url?q=https:\/\/www.energiaesaneamento.org.br\/&amp;source=gmail&amp;ust=1662647862105000&amp;usg=AOvVaw3SKgcaIFwI60Du2YzBbK3i\">https:\/\/www.energiaesaneamento.org.br\/<\/a><\/p>\n<hr \/>\n<p>&nbsp;<\/p>\n","protected":false},"excerpt":{"rendered":"<p>Imagens hist\u00f3ricas, do acervo da Funda\u00e7\u00e3o Energia e Saneamento, celebram os 150 anos do uso do g\u00e1s em S\u00e3o Paulo, desde a constru\u00e7\u00e3o do gas\u00f4metro do Br\u00e1s A Funda\u00e7\u00e3o Energia e Saneamento lan\u00e7a a exposi\u00e7\u00e3o on-line\u00a0\u201c150 anos do G\u00e1s em S\u00e3o Paulo: o in\u00edcio\u201d\u00a0na plataforma Google Arts &amp; Culture, que permite visitar museus e acervos&hellip;<\/p>\n","protected":false},"author":8,"featured_media":74723,"comment_status":"open","ping_status":"open","sticky":false,"template":"","format":"standard","meta":{"footnotes":""},"categories":[1],"tags":[],"table_tags":[],"class_list":["post-74721","post","type-post","status-publish","format-standard","has-post-thumbnail","hentry","category-noticias","entry"],"aioseo_notices":[],"_links":{"self":[{"href":"https:\/\/www.rhevistarh.com.br\/portal\/wp-json\/wp\/v2\/posts\/74721","targetHints":{"allow":["GET"]}}],"collection":[{"href":"https:\/\/www.rhevistarh.com.br\/portal\/wp-json\/wp\/v2\/posts"}],"about":[{"href":"https:\/\/www.rhevistarh.com.br\/portal\/wp-json\/wp\/v2\/types\/post"}],"author":[{"embeddable":true,"href":"https:\/\/www.rhevistarh.com.br\/portal\/wp-json\/wp\/v2\/users\/8"}],"replies":[{"embeddable":true,"href":"https:\/\/www.rhevistarh.com.br\/portal\/wp-json\/wp\/v2\/comments?post=74721"}],"version-history":[{"count":0,"href":"https:\/\/www.rhevistarh.com.br\/portal\/wp-json\/wp\/v2\/posts\/74721\/revisions"}],"wp:featuredmedia":[{"embeddable":true,"href":"https:\/\/www.rhevistarh.com.br\/portal\/wp-json\/wp\/v2\/media\/74723"}],"wp:attachment":[{"href":"https:\/\/www.rhevistarh.com.br\/portal\/wp-json\/wp\/v2\/media?parent=74721"}],"wp:term":[{"taxonomy":"category","embeddable":true,"href":"https:\/\/www.rhevistarh.com.br\/portal\/wp-json\/wp\/v2\/categories?post=74721"},{"taxonomy":"post_tag","embeddable":true,"href":"https:\/\/www.rhevistarh.com.br\/portal\/wp-json\/wp\/v2\/tags?post=74721"},{"taxonomy":"table_tags","embeddable":true,"href":"https:\/\/www.rhevistarh.com.br\/portal\/wp-json\/wp\/v2\/table_tags?post=74721"}],"curies":[{"name":"wp","href":"https:\/\/api.w.org\/{rel}","templated":true}]}}