{"id":75533,"date":"2022-09-22T17:16:30","date_gmt":"2022-09-22T20:16:30","guid":{"rendered":"https:\/\/www.rhevistarh.com.br\/portal\/?p=75533"},"modified":"2022-09-22T17:16:30","modified_gmt":"2022-09-22T20:16:30","slug":"crcsp-foi-sede-de-reuniao-do-comite-brasileiro-de-pronunciamentos-de-sustentabilidade-cbps","status":"publish","type":"post","link":"https:\/\/www.rhevistarh.com.br\/portal\/crcsp-foi-sede-de-reuniao-do-comite-brasileiro-de-pronunciamentos-de-sustentabilidade-cbps\/","title":{"rendered":"CRCSP foi sede de reuni\u00e3o do Comit\u00ea Brasileiro de Pronunciamentos de Sustentabilidade (CBPS)"},"content":{"rendered":"<p><img loading=\"lazy\" decoding=\"async\" class=\"aligncenter size-full wp-image-75534\" src=\"https:\/\/www.rhevistarh.com.br\/portal\/wp-content\/uploads\/2022\/09\/crc.png\" alt=\"\" width=\"87\" height=\"60\" \/><\/p>\n<p style=\"text-align: center;\"><i>Evento aconteceu no dia 22 de setembro, na sede do CRCSP, em S\u00e3o Paulo<\/i><\/p>\n<p style=\"text-align: justify;\">Aconteceu no<strong>\u00a0<\/strong>dia 22 de setembro de 2022 (quinta-feira), a 1\u00aa reuni\u00e3o do Comit\u00ea Brasileiro de Pronunciamentos de Sustentabilidade (CBPS), na sede do Conselho Regional de Contabilidade do Estado de S\u00e3o Paulo (CRCSP).<\/p>\n<p style=\"text-align: justify;\">O CBPS foi criado pelo Conselho Federal de Contabilidade (CFC), e ter\u00e1 como atribui\u00e7\u00f5es o estudo, o preparo e a emiss\u00e3o de documentos t\u00e9cnicos sobre divulga\u00e7\u00e3o das pr\u00e1ticas de sustentabilidade (ambiental, social e de governan\u00e7a &#8212; ASG), por meio de pronunciamentos a serem adotados pelos reguladores do Brasil. Al\u00e9m disso, tamb\u00e9m fornecer\u00e1 aos investidores e outros participantes do mercado de capitais, informa\u00e7\u00f5es sobre os riscos e oportunidades das empresas, para ajud\u00e1-los a tomar decis\u00f5es com embasamento t\u00e9cnico.<\/p>\n<p style=\"text-align: justify;\">\u201cA cria\u00e7\u00e3o do Conselho \u00e9 de suma import\u00e2ncia para o Brasil, afinal, precisamos trazer as normas internacionais, que ser\u00e3o editadas sobre a divulga\u00e7\u00e3o de sustentabilidade. Isso ir\u00e1 facilitar para as empresas brasileiras possam adotar este padr\u00e3o mundial que est\u00e1 sendo criado\u201d, revela Zulmir Iv\u00e2nio Breda, representante do Conselho Federal de Contabilidade (CFC), no CBPS.<\/p>\n<p style=\"text-align: justify;\">J\u00e1 para\u00a0Edison Arisa Pereira, conselheiro do CRCSP e presidente da Funda\u00e7\u00e3o de Apoio ao Comit\u00ea de Pronunciamentos Cont\u00e1beis e de Sustentabilidade (FACPCS), a padroniza\u00e7\u00e3o certamente trar\u00e1 mais transpar\u00eancia, tornando poss\u00edvel comparar iniciativas e resultados de segmentos e empresas distintas.<\/p>\n<div class=\"g g-1\"><div class=\"g-single a-33\"><a class=\"gofollow\" data-track=\"MzMsMSwxLDEw\" href=\"https:\/\/dataanalyzer.com.br\/\" target=\"_blank\" rel=\"noopener\"><img loading=\"lazy\" decoding=\"async\" class=\"aligncenter wp-image-79918 size-full\" src=\"https:\/\/www.rhevistarh.com.br\/portal\/wp-content\/uploads\/2026\/03\/novo_topo_720_90_DA.png\" alt=\"\" width=\"720\" height=\"90\" srcset=\"https:\/\/www.rhevistarh.com.br\/portal\/wp-content\/uploads\/2026\/03\/novo_topo_720_90_DA.png 720w, https:\/\/www.rhevistarh.com.br\/portal\/wp-content\/uploads\/2026\/03\/novo_topo_720_90_DA-300x38.png 300w\" sizes=\"auto, (max-width: 720px) 100vw, 720px\" \/><\/a><\/div><\/div>\n<p style=\"text-align: justify;\">\u201cAs quest\u00f5es que envolvem o ESG s\u00e3o importantes para os relat\u00f3rios econ\u00f4mico-financeiros e para a contabilidade. A inter-rela\u00e7\u00e3o entre os aspectos de sustentabilidade, s\u00e3o relevantes para se conectar com as informa\u00e7\u00f5es financeiras e cont\u00e1beis, a fim de se ter uma presta\u00e7\u00e3o de contas, acompanhamento e clareza das a\u00e7\u00f5es para os investidores e analistas\u201d, completa Arisa.<\/p>\n<p style=\"text-align: justify;\">Para Jos\u00e9 Aparecido Maion, presidente do CRCSP, nunca se falou tanto sobre a ado\u00e7\u00e3o de boas pr\u00e1ticas ambientais, sociais e de governan\u00e7a. \u201c\u00c9 um movimento mundial, que a cada dia que passa, ganha mais aten\u00e7\u00e3o dos investidores, conselhos de administra\u00e7\u00e3o e lideran\u00e7a de grandes empresas\u201d, comemora Maion. \u201cPreocupar-se com o tema n\u00e3o \u00e9 mais uma simples op\u00e7\u00e3o para a sociedade, que valoriza os neg\u00f3cios, que respeitam o meio ambiente, as pessoas, e que tenham uma boa gest\u00e3o\u201d, completa.<\/p>\n<p style=\"text-align: justify;\">O Comit\u00ea \u00e9 composto por dois representantes das entidades fundadoras do CPC: Abrasca, Apimec Brasil, B3, CFC, Ibracon e Fipecafi, recebendo, tamb\u00e9m, indica\u00e7\u00f5es de entidades representativas de investidores do mercado de capitais. O CBPS ter\u00e1 14 membros e quatro coordenadorias, nos moldes consolidados pelo Comit\u00ea de Pronunciamentos Cont\u00e1beis (CPC) h\u00e1 quase 20 anos.<\/p>\n<hr \/>\n<p>&nbsp;<\/p>\n","protected":false},"excerpt":{"rendered":"<p>Aconteceu no\u00a0dia 22 de setembro de 2022 (quinta-feira), a 1\u00aa reuni\u00e3o do Comit\u00ea Brasileiro de Pronunciamentos de Sustentabilidade (CBPS), na sede do Conselho Regional de Contabilidade do Estado de S\u00e3o Paulo (CRCSP).<\/p>\n","protected":false},"author":8,"featured_media":72914,"comment_status":"open","ping_status":"open","sticky":false,"template":"","format":"standard","meta":{"footnotes":""},"categories":[1],"tags":[6097,6096,6099,6098,6095,5883],"table_tags":[],"class_list":["post-75533","post","type-post","status-publish","format-standard","has-post-thumbnail","hentry","category-noticias","tag-ambiental-social-e-de-governanca","tag-asg","tag-cfc","tag-conselho-federal-de-contabilidade","tag-crc-sp","tag-esg","entry"],"aioseo_notices":[],"_links":{"self":[{"href":"https:\/\/www.rhevistarh.com.br\/portal\/wp-json\/wp\/v2\/posts\/75533","targetHints":{"allow":["GET"]}}],"collection":[{"href":"https:\/\/www.rhevistarh.com.br\/portal\/wp-json\/wp\/v2\/posts"}],"about":[{"href":"https:\/\/www.rhevistarh.com.br\/portal\/wp-json\/wp\/v2\/types\/post"}],"author":[{"embeddable":true,"href":"https:\/\/www.rhevistarh.com.br\/portal\/wp-json\/wp\/v2\/users\/8"}],"replies":[{"embeddable":true,"href":"https:\/\/www.rhevistarh.com.br\/portal\/wp-json\/wp\/v2\/comments?post=75533"}],"version-history":[{"count":0,"href":"https:\/\/www.rhevistarh.com.br\/portal\/wp-json\/wp\/v2\/posts\/75533\/revisions"}],"wp:featuredmedia":[{"embeddable":true,"href":"https:\/\/www.rhevistarh.com.br\/portal\/wp-json\/wp\/v2\/media\/72914"}],"wp:attachment":[{"href":"https:\/\/www.rhevistarh.com.br\/portal\/wp-json\/wp\/v2\/media?parent=75533"}],"wp:term":[{"taxonomy":"category","embeddable":true,"href":"https:\/\/www.rhevistarh.com.br\/portal\/wp-json\/wp\/v2\/categories?post=75533"},{"taxonomy":"post_tag","embeddable":true,"href":"https:\/\/www.rhevistarh.com.br\/portal\/wp-json\/wp\/v2\/tags?post=75533"},{"taxonomy":"table_tags","embeddable":true,"href":"https:\/\/www.rhevistarh.com.br\/portal\/wp-json\/wp\/v2\/table_tags?post=75533"}],"curies":[{"name":"wp","href":"https:\/\/api.w.org\/{rel}","templated":true}]}}