{"id":75567,"date":"2022-09-28T17:53:32","date_gmt":"2022-09-28T20:53:32","guid":{"rendered":"https:\/\/www.rhevistarh.com.br\/portal\/?p=75567"},"modified":"2022-09-28T17:53:32","modified_gmt":"2022-09-28T20:53:32","slug":"estude-de-graca-veja-lista-de-cursos-on-line-para-comecar-agora-mesmo","status":"publish","type":"post","link":"https:\/\/www.rhevistarh.com.br\/portal\/estude-de-graca-veja-lista-de-cursos-on-line-para-comecar-agora-mesmo\/","title":{"rendered":"Estude de gra\u00e7a: veja lista de cursos on-line para come\u00e7ar agora mesmo!"},"content":{"rendered":"<p><i><img loading=\"lazy\" decoding=\"async\" class=\"aligncenter wp-image-75568\" src=\"https:\/\/www.rhevistarh.com.br\/portal\/wp-content\/uploads\/2022\/09\/fecap_1.png\" alt=\"\" width=\"183\" height=\"40\" \/><\/i><\/p>\n<p style=\"text-align: center;\"><i>Centro universit\u00e1rio<strong>\u00a0<\/strong>oferece 6 oportunidades, com direito a certificado<\/i><\/p>\n<p style=\"text-align: justify;\"><img loading=\"lazy\" decoding=\"async\" class=\"alignleft wp-image-75569\" src=\"https:\/\/www.rhevistarh.com.br\/portal\/wp-content\/uploads\/2022\/09\/fecap_2.png\" alt=\"\" width=\"300\" height=\"200\" srcset=\"https:\/\/www.rhevistarh.com.br\/portal\/wp-content\/uploads\/2022\/09\/fecap_2.png 450w, https:\/\/www.rhevistarh.com.br\/portal\/wp-content\/uploads\/2022\/09\/fecap_2-300x200.png 300w\" sizes=\"auto, (max-width: 300px) 100vw, 300px\" \/>A\u00a0<a href=\"https:\/\/s2209.enviosrp.com\/link.php?code=bDpodHRwcyUzQSUyRiUyRnd3dy5mZWNhcC5iciUyRjozOTU5MjgwNTc2Om9kYWlyLmZhbnRvbmlAZ21haWwuY29tOjMwYzBkODoyNg==\" target=\"_blank\" rel=\"noopener\" data-saferedirecturl=\"https:\/\/www.google.com\/url?q=https:\/\/s2209.enviosrp.com\/link.php?code%3DbDpodHRwcyUzQSUyRiUyRnd3dy5mZWNhcC5iciUyRjozOTU5MjgwNTc2Om9kYWlyLmZhbnRvbmlAZ21haWwuY29tOjMwYzBkODoyNg%3D%3D&amp;source=gmail&amp;ust=1664479026270000&amp;usg=AOvVaw3ZHZAVtX067bp3tu1fYlTN\"><u>Funda\u00e7\u00e3o Escola de Com\u00e9rcio \u00c1lvares Penteado (FECAP)<\/u><\/a>, uma das mais tradicionais institui\u00e7\u00f5es de ensino superior do Brasil, oferece 6 cursos on-line, totalmente gratuitos, com carga hor\u00e1ria total de 2 a 40 horas. Para participar, basta acessar o site, realizar a inscri\u00e7\u00e3o e come\u00e7ar a estudar.<\/p>\n<p style=\"text-align: justify;\">As oportunidades s\u00e3o voltados a profissionais que querem se especializar ou adicionar conhecimento \u00e0 sua forma\u00e7\u00e3o acad\u00eamica. Os alunos que obtiverem nota m\u00ednima em uma prova, que tamb\u00e9m \u00e9 realizada de forma on-line, podem emitir certificado de participa\u00e7\u00e3o.<\/p>\n<p style=\"text-align: center;\"><i><strong><u>Confira a lista de oportunidades!<\/u><\/strong><\/i><\/p>\n<p style=\"text-align: justify;\"><strong>Autogest\u00e3o de Carreira<br \/>\n<\/strong>Entenda a import\u00e2ncia de um projeto de carreira e como se motivar para isso. Como fazer a gest\u00e3o da carreira individual e tamb\u00e9m da carreira organizacional.<br \/>\nProf. Augusto Dutra Galery<br \/>\nCarga hor\u00e1ria: 6h<br \/>\nInscri\u00e7\u00f5es e mais informa\u00e7\u00f5es:\u00a0<a href=\"https:\/\/s2209.enviosrp.com\/link.php?code=bDpodHRwcyUzQSUyRiUyRnd3dy5mZWNhcC5iciUyRmN1cnRhLWR1cmFjYW8lMkZhdXRvZ2VzdGFvLWRlLWNhcnJlaXJhLTElMkY6Mzk1OTI4MDU3NjpvZGFpci5mYW50b25pQGdtYWlsLmNvbTowYmVmNTc6MjY=\" target=\"_blank\" rel=\"noopener\" data-saferedirecturl=\"https:\/\/www.google.com\/url?q=https:\/\/s2209.enviosrp.com\/link.php?code%3DbDpodHRwcyUzQSUyRiUyRnd3dy5mZWNhcC5iciUyRmN1cnRhLWR1cmFjYW8lMkZhdXRvZ2VzdGFvLWRlLWNhcnJlaXJhLTElMkY6Mzk1OTI4MDU3NjpvZGFpci5mYW50b25pQGdtYWlsLmNvbTowYmVmNTc6MjY%3D&amp;source=gmail&amp;ust=1664479026270000&amp;usg=AOvVaw1RC_N5FrqMzaNkMhE_v_mL\"><u>aqui!<\/u><\/a><\/p>\n<p style=\"text-align: justify;\"><strong>Comunica\u00e7\u00e3o N\u00e3o Violenta<br \/>\n<\/strong>Entenda os comportamentos t\u00f3xicos e seus impactos sobre os profissionais, equipes e organiza\u00e7\u00f5es.<br \/>\nProf\u00aa\u00a0<a href=\"https:\/\/s2209.enviosrp.com\/link.php?code=bDpodHRwcyUzQSUyRiUyRnd3dy5saW5rZWRpbi5jb20lMkZpbiUyRm1hbHUtemFtb3JhLXBzaWMlMjVDMyUyNUIzbG9nYSUyRjozOTU5MjgwNTc2Om9kYWlyLmZhbnRvbmlAZ21haWwuY29tOjY2NWZhNDoyNg==\" target=\"_blank\" rel=\"noopener\" data-saferedirecturl=\"https:\/\/www.google.com\/url?q=https:\/\/s2209.enviosrp.com\/link.php?code%3DbDpodHRwcyUzQSUyRiUyRnd3dy5saW5rZWRpbi5jb20lMkZpbiUyRm1hbHUtemFtb3JhLXBzaWMlMjVDMyUyNUIzbG9nYSUyRjozOTU5MjgwNTc2Om9kYWlyLmZhbnRvbmlAZ21haWwuY29tOjY2NWZhNDoyNg%3D%3D&amp;source=gmail&amp;ust=1664479026270000&amp;usg=AOvVaw1rvb4zcIP0YlvAmlv9PlkM\"><u>Maria de Lurdes Zamora<\/u><\/a><br \/>\nCarga hor\u00e1ria: 8h<br \/>\nInscri\u00e7\u00f5es e mais informa\u00e7\u00f5es:\u00a0<a href=\"https:\/\/s2209.enviosrp.com\/link.php?code=bDpodHRwcyUzQSUyRiUyRnd3dy5mZWNhcC5iciUyRmN1cnRhLWR1cmFjYW8lMkZjb211bmljYWNhby1uYW8tdmlvbGVudGEtMSUyRjozOTU5MjgwNTc2Om9kYWlyLmZhbnRvbmlAZ21haWwuY29tOjNkNzJmNToyNg==\" target=\"_blank\" rel=\"noopener\" data-saferedirecturl=\"https:\/\/www.google.com\/url?q=https:\/\/s2209.enviosrp.com\/link.php?code%3DbDpodHRwcyUzQSUyRiUyRnd3dy5mZWNhcC5iciUyRmN1cnRhLWR1cmFjYW8lMkZjb211bmljYWNhby1uYW8tdmlvbGVudGEtMSUyRjozOTU5MjgwNTc2Om9kYWlyLmZhbnRvbmlAZ21haWwuY29tOjNkNzJmNToyNg%3D%3D&amp;source=gmail&amp;ust=1664479026270000&amp;usg=AOvVaw310JKKs-iydCKEEgfPsn8D\"><u>aqui!<\/u><\/a><\/p>\n<p style=\"text-align: justify;\"><strong>Intelig\u00eancia Emocional na Forma\u00e7\u00e3o dos L\u00edderes<br \/>\n<\/strong>O objetivo \u00e9 ensinar o que significa ser emocionalmente inteligente, relacionar a intelig\u00eancia emocional com diferentes tipos de lideran\u00e7a, identificar os comportamentos de l\u00edderes de sucesso, dentre outros.<br \/>\nProf\u00aa Daniela Medeiros<br \/>\nCarga hor\u00e1ria: 4h<br \/>\nInscri\u00e7\u00f5es e mais informa\u00e7\u00f5es:\u00a0<a href=\"https:\/\/s2209.enviosrp.com\/link.php?code=bDpodHRwcyUzQSUyRiUyRnd3dy5mZWNhcC5iciUyRmN1cnRhLWR1cmFjYW8lMkZpbnRlbGlnZW5jaWEtZW1vY2lvbmFsLW5hLWZvcm1hY2FvLWRvcy1saWRlcmVzJTJGOjM5NTkyODA1NzY6b2RhaXIuZmFudG9uaUBnbWFpbC5jb206OGI4MjFhOjI2\" target=\"_blank\" rel=\"noopener\" data-saferedirecturl=\"https:\/\/www.google.com\/url?q=https:\/\/s2209.enviosrp.com\/link.php?code%3DbDpodHRwcyUzQSUyRiUyRnd3dy5mZWNhcC5iciUyRmN1cnRhLWR1cmFjYW8lMkZpbnRlbGlnZW5jaWEtZW1vY2lvbmFsLW5hLWZvcm1hY2FvLWRvcy1saWRlcmVzJTJGOjM5NTkyODA1NzY6b2RhaXIuZmFudG9uaUBnbWFpbC5jb206OGI4MjFhOjI2&amp;source=gmail&amp;ust=1664479026270000&amp;usg=AOvVaw3Ap-hxpsxsh4LEH_UTWXSx\"><u>aqui!<\/u><\/a><\/p>\n<p style=\"text-align: justify;\"><strong>Lideran\u00e7a de Pessoas na Pr\u00e1tica<br \/>\n<\/strong>Aborda temas como as exig\u00eancias do mercado atual para o exerc\u00edcio da lideran\u00e7a, as rela\u00e7\u00f5es humanas que interferem na forma de gerenciar pessoas, o novo perfil do l\u00edder e os mais atualizados conceitos de lideran\u00e7a.<br \/>\nProf.\u00a0<a href=\"https:\/\/s2209.enviosrp.com\/link.php?code=bDpodHRwcyUzQSUyRiUyRnd3dy5saW5rZWRpbi5jb20lMkZpbiUyRmxhdXJvLWVkdWFyZG8tZGUtcnVzc2ktYTY2NzE4MTMlMkY6Mzk1OTI4MDU3NjpvZGFpci5mYW50b25pQGdtYWlsLmNvbTplOGU5Nzk6MjY=\" target=\"_blank\" rel=\"noopener\" data-saferedirecturl=\"https:\/\/www.google.com\/url?q=https:\/\/s2209.enviosrp.com\/link.php?code%3DbDpodHRwcyUzQSUyRiUyRnd3dy5saW5rZWRpbi5jb20lMkZpbiUyRmxhdXJvLWVkdWFyZG8tZGUtcnVzc2ktYTY2NzE4MTMlMkY6Mzk1OTI4MDU3NjpvZGFpci5mYW50b25pQGdtYWlsLmNvbTplOGU5Nzk6MjY%3D&amp;source=gmail&amp;ust=1664479026270000&amp;usg=AOvVaw2_tmOA8CkK9tWYO6zcuAcD\"><u>Lauro Eduardo de Russi<\/u><\/a><br \/>\nCarga hor\u00e1ria: 4h<br \/>\nInscri\u00e7\u00f5es e mais informa\u00e7\u00f5es:\u00a0<a href=\"https:\/\/s2209.enviosrp.com\/link.php?code=bDpodHRwcyUzQSUyRiUyRnd3dy5mZWNhcC5iciUyRmN1cnRhLWR1cmFjYW8lMkZsaWRlcmFuY2EtZGUtcGVzc29hcy1uYS1wcmF0aWNhJTJGOjM5NTkyODA1NzY6b2RhaXIuZmFudG9uaUBnbWFpbC5jb206YTgzZDZlOjI2\" target=\"_blank\" rel=\"noopener\" data-saferedirecturl=\"https:\/\/www.google.com\/url?q=https:\/\/s2209.enviosrp.com\/link.php?code%3DbDpodHRwcyUzQSUyRiUyRnd3dy5mZWNhcC5iciUyRmN1cnRhLWR1cmFjYW8lMkZsaWRlcmFuY2EtZGUtcGVzc29hcy1uYS1wcmF0aWNhJTJGOjM5NTkyODA1NzY6b2RhaXIuZmFudG9uaUBnbWFpbC5jb206YTgzZDZlOjI2&amp;source=gmail&amp;ust=1664479026270000&amp;usg=AOvVaw2Fdlr-5S9-UvjyuClzMi73\"><u>aqui!<\/u><\/a><\/p>\n<p style=\"text-align: justify;\"><strong>Networking: Mitos e Verdades em Gest\u00e3o de Carreiras<br \/>\n<\/strong>O curso esclarece as principais d\u00favidas em rela\u00e7\u00e3o ao que \u00e9 se relacionar de modo correto, tanto do ponto de vista pessoal como profissional, e a import\u00e2ncia do networking.<br \/>\nProf.\u00a0<a href=\"https:\/\/s2209.enviosrp.com\/link.php?code=bDpodHRwcyUzQSUyRiUyRnd3dy5saW5rZWRpbi5jb20lMkZpbiUyRm1hcmNvc21pbm9ydW5ha2F0c3VnYXdhJTJGOjM5NTkyODA1NzY6b2RhaXIuZmFudG9uaUBnbWFpbC5jb206NTRjNWUzOjI2\" target=\"_blank\" rel=\"noopener\" data-saferedirecturl=\"https:\/\/www.google.com\/url?q=https:\/\/s2209.enviosrp.com\/link.php?code%3DbDpodHRwcyUzQSUyRiUyRnd3dy5saW5rZWRpbi5jb20lMkZpbiUyRm1hcmNvc21pbm9ydW5ha2F0c3VnYXdhJTJGOjM5NTkyODA1NzY6b2RhaXIuZmFudG9uaUBnbWFpbC5jb206NTRjNWUzOjI2&amp;source=gmail&amp;ust=1664479026270000&amp;usg=AOvVaw3d5RQe7Xr0BLYiBczp5Bd9\"><u>Marcos Minoru Nakatsugawa<\/u><\/a><br \/>\nCarga hor\u00e1ria: 3h<br \/>\nInscri\u00e7\u00f5es e mais informa\u00e7\u00f5es:\u00a0<a href=\"https:\/\/s2209.enviosrp.com\/link.php?code=bDpodHRwcyUzQSUyRiUyRnd3dy5mZWNhcC5iciUyRmN1cnRhLWR1cmFjYW8lMkZuZXR3b3JraW5nLW1pdG9zLWUtdmVyZGFkZXMtZW0tZ2VzdGFvLWRlLWNhcnJlaXJhcyUyRjozOTU5MjgwNTc2Om9kYWlyLmZhbnRvbmlAZ21haWwuY29tOmUwMTZmZDoyNg==\" target=\"_blank\" rel=\"noopener\" data-saferedirecturl=\"https:\/\/www.google.com\/url?q=https:\/\/s2209.enviosrp.com\/link.php?code%3DbDpodHRwcyUzQSUyRiUyRnd3dy5mZWNhcC5iciUyRmN1cnRhLWR1cmFjYW8lMkZuZXR3b3JraW5nLW1pdG9zLWUtdmVyZGFkZXMtZW0tZ2VzdGFvLWRlLWNhcnJlaXJhcyUyRjozOTU5MjgwNTc2Om9kYWlyLmZhbnRvbmlAZ21haWwuY29tOmUwMTZmZDoyNg%3D%3D&amp;source=gmail&amp;ust=1664479026270000&amp;usg=AOvVaw0vE06QeqjrHu-aQk91Zr5b\"><u>aqui!<\/u><\/a><\/p>\n<p style=\"text-align: justify;\"><strong>Resolu\u00e7\u00e3o de Problemas e Tomadas de Decis\u00e3o<br \/>\n<\/strong>Desenvolva o conhecimento em estrat\u00e9gia e m\u00e9todos aplicados a resolu\u00e7\u00e3o de problemas e ao processo decis\u00f3rio.<br \/>\nProf.\u00a0<a href=\"https:\/\/s2209.enviosrp.com\/link.php?code=bDpodHRwcyUzQSUyRiUyRnd3dy5saW5rZWRpbi5jb20lMkZpbiUyRnBhdWxvLW9ydGl6LWVhZCUyRjozOTU5MjgwNTc2Om9kYWlyLmZhbnRvbmlAZ21haWwuY29tOjZhYTk0ZDoyNg==\" target=\"_blank\" rel=\"noopener\" data-saferedirecturl=\"https:\/\/www.google.com\/url?q=https:\/\/s2209.enviosrp.com\/link.php?code%3DbDpodHRwcyUzQSUyRiUyRnd3dy5saW5rZWRpbi5jb20lMkZpbiUyRnBhdWxvLW9ydGl6LWVhZCUyRjozOTU5MjgwNTc2Om9kYWlyLmZhbnRvbmlAZ21haWwuY29tOjZhYTk0ZDoyNg%3D%3D&amp;source=gmail&amp;ust=1664479026270000&amp;usg=AOvVaw1miy76Rx5JUaXbhptKn1nT\"><u>Paulo Ortiz<\/u><\/a><br \/>\nCarga hor\u00e1ria: 4h<br \/>\nInscri\u00e7\u00f5es e mais informa\u00e7\u00f5es:\u00a0<a href=\"https:\/\/s2209.enviosrp.com\/link.php?code=bDpodHRwcyUzQSUyRiUyRnd3dy5mZWNhcC5iciUyRmN1cnRhLWR1cmFjYW8lMkZyZXNvbHVjYW8tZGUtcHJvYmxlbWFzLWUtdG9tYWRhcy1kZS1kZWNpc2FvLTElMkY6Mzk1OTI4MDU3NjpvZGFpci5mYW50b25pQGdtYWlsLmNvbToyZTg2ZDU6MjY=\" target=\"_blank\" rel=\"noopener\" data-saferedirecturl=\"https:\/\/www.google.com\/url?q=https:\/\/s2209.enviosrp.com\/link.php?code%3DbDpodHRwcyUzQSUyRiUyRnd3dy5mZWNhcC5iciUyRmN1cnRhLWR1cmFjYW8lMkZyZXNvbHVjYW8tZGUtcHJvYmxlbWFzLWUtdG9tYWRhcy1kZS1kZWNpc2FvLTElMkY6Mzk1OTI4MDU3NjpvZGFpci5mYW50b25pQGdtYWlsLmNvbToyZTg2ZDU6MjY%3D&amp;source=gmail&amp;ust=1664479026270000&amp;usg=AOvVaw0Gma-WhqWid_VlqaBccW-V\"><u>aqui!<\/u><\/a><\/p>\n<hr \/>\n<p style=\"text-align: justify;\"><strong>Sobre a FECAP<\/strong><\/p>\n<p style=\"text-align: justify;\">Diversos indicadores de desempenho comprovam a qualidade do ensino da FECAP: nota 5 (m\u00e1xima) no ENADE (Exame Nacional de Desempenho de Estudantes) e no Guia da Faculdade Estad\u00e3o Quero Educa\u00e7\u00e3o 2021, e o reconhecimento como melhor centro universit\u00e1rio do Estado de S\u00e3o Paulo segundo o \u00cdndice Geral de Cursos (IGC), do Minist\u00e9rio da Educa\u00e7\u00e3o. Em \u00e2mbito nacional, considerando todos os tipos de Institui\u00e7\u00e3o de Ensino Superior do Pa\u00eds, a FECAP est\u00e1 entre as 5,7% IES cadastradas no MEC com nota m\u00e1xima<\/p>\n<figure id=\"attachment_75576\" aria-describedby=\"caption-attachment-75576\" style=\"width: 620px\" class=\"wp-caption aligncenter\"><img loading=\"lazy\" decoding=\"async\" class=\"wp-image-75576\" src=\"https:\/\/www.rhevistarh.com.br\/portal\/wp-content\/uploads\/2022\/09\/fecap_3.png\" alt=\"\" width=\"620\" height=\"465\" srcset=\"https:\/\/www.rhevistarh.com.br\/portal\/wp-content\/uploads\/2022\/09\/fecap_3.png 400w, https:\/\/www.rhevistarh.com.br\/portal\/wp-content\/uploads\/2022\/09\/fecap_3-300x225.png 300w\" sizes=\"auto, (max-width: 620px) 100vw, 620px\" \/><figcaption id=\"caption-attachment-75576\" class=\"wp-caption-text\">*Escola de Com\u00e9rcio \u00c1lvares Penteado (FECAP) \u00e9 refer\u00eancia nacional em Educa\u00e7\u00e3o na \u00e1rea de neg\u00f3cios desde 1902. A Institui\u00e7\u00e3o proporciona forma\u00e7\u00e3o de alta qualidade no Ensino M\u00e9dio (t\u00e9cnico, pleno e bil\u00edngue), Gradua\u00e7\u00e3o, P\u00f3s-gradua\u00e7\u00e3o, MBA, Mestrado, Extens\u00e3o e cursos corporativos e livres.<\/figcaption><\/figure>\n<hr \/>\n<p style=\"text-align: justify;\">\n","protected":false},"excerpt":{"rendered":"<p>Centro universit\u00e1rio\u00a0oferece 6 oportunidades, com direito a certificado<\/p>\n","protected":false},"author":8,"featured_media":75577,"comment_status":"open","ping_status":"open","sticky":false,"template":"","format":"standard","meta":{"footnotes":""},"categories":[1],"tags":[6102],"table_tags":[],"class_list":["post-75567","post","type-post","status-publish","format-standard","has-post-thumbnail","hentry","category-noticias","tag-fecap","entry"],"aioseo_notices":[],"_links":{"self":[{"href":"https:\/\/www.rhevistarh.com.br\/portal\/wp-json\/wp\/v2\/posts\/75567","targetHints":{"allow":["GET"]}}],"collection":[{"href":"https:\/\/www.rhevistarh.com.br\/portal\/wp-json\/wp\/v2\/posts"}],"about":[{"href":"https:\/\/www.rhevistarh.com.br\/portal\/wp-json\/wp\/v2\/types\/post"}],"author":[{"embeddable":true,"href":"https:\/\/www.rhevistarh.com.br\/portal\/wp-json\/wp\/v2\/users\/8"}],"replies":[{"embeddable":true,"href":"https:\/\/www.rhevistarh.com.br\/portal\/wp-json\/wp\/v2\/comments?post=75567"}],"version-history":[{"count":0,"href":"https:\/\/www.rhevistarh.com.br\/portal\/wp-json\/wp\/v2\/posts\/75567\/revisions"}],"wp:featuredmedia":[{"embeddable":true,"href":"https:\/\/www.rhevistarh.com.br\/portal\/wp-json\/wp\/v2\/media\/75577"}],"wp:attachment":[{"href":"https:\/\/www.rhevistarh.com.br\/portal\/wp-json\/wp\/v2\/media?parent=75567"}],"wp:term":[{"taxonomy":"category","embeddable":true,"href":"https:\/\/www.rhevistarh.com.br\/portal\/wp-json\/wp\/v2\/categories?post=75567"},{"taxonomy":"post_tag","embeddable":true,"href":"https:\/\/www.rhevistarh.com.br\/portal\/wp-json\/wp\/v2\/tags?post=75567"},{"taxonomy":"table_tags","embeddable":true,"href":"https:\/\/www.rhevistarh.com.br\/portal\/wp-json\/wp\/v2\/table_tags?post=75567"}],"curies":[{"name":"wp","href":"https:\/\/api.w.org\/{rel}","templated":true}]}}