{"id":75753,"date":"2022-11-14T16:40:18","date_gmt":"2022-11-14T19:40:18","guid":{"rendered":"https:\/\/www.rhevistarh.com.br\/portal\/?p=75753"},"modified":"2022-11-14T16:44:25","modified_gmt":"2022-11-14T19:44:25","slug":"ledstar-tem-novo-cfo-e-nova-diretora-de-rh","status":"publish","type":"post","link":"https:\/\/www.rhevistarh.com.br\/portal\/ledstar-tem-novo-cfo-e-nova-diretora-de-rh\/","title":{"rendered":"LEDSTAR tem novo CFO e nova Diretora de RH\u00a0"},"content":{"rendered":"<p><img loading=\"lazy\" decoding=\"async\" class=\"aligncenter size-full wp-image-75754\" src=\"https:\/\/www.rhevistarh.com.br\/portal\/wp-content\/uploads\/2022\/11\/ledstar.png\" alt=\"\" width=\"132\" height=\"50\" \/><\/p>\n<p>&nbsp;<\/p>\n<figure id=\"attachment_75755\" aria-describedby=\"caption-attachment-75755\" style=\"width: 300px\" class=\"wp-caption aligncenter\"><img loading=\"lazy\" decoding=\"async\" class=\"wp-image-75755 size-full\" src=\"https:\/\/www.rhevistarh.com.br\/portal\/wp-content\/uploads\/2022\/11\/mauricio.png\" alt=\"\" width=\"300\" height=\"300\" srcset=\"https:\/\/www.rhevistarh.com.br\/portal\/wp-content\/uploads\/2022\/11\/mauricio.png 300w, https:\/\/www.rhevistarh.com.br\/portal\/wp-content\/uploads\/2022\/11\/mauricio-150x150.png 150w, https:\/\/www.rhevistarh.com.br\/portal\/wp-content\/uploads\/2022\/11\/mauricio-100x100.png 100w, https:\/\/www.rhevistarh.com.br\/portal\/wp-content\/uploads\/2022\/11\/mauricio-60x60.png 60w\" sizes=\"auto, (max-width: 300px) 100vw, 300px\" \/><figcaption id=\"caption-attachment-75755\" class=\"wp-caption-text\">Mauricio Fava Mayerhofer<br \/>CFO da LEDSTAR<\/figcaption><\/figure>\n<p style=\"text-align: justify;\"><strong>Mauricio Fava Mayerhofer<\/strong> assume o cargo de CFO da LEDSTAR. Administrador de empresas pelo IBMEC, com especializa\u00e7\u00e3o pela Kellogg School of Business. Possui 26 anos de experi\u00eancia na \u00e1rea financeira em empresas nos setores de telecomunica\u00e7\u00f5es, bens de consumo, varejo, ind\u00fastria, tecnologia e servi\u00e7os. Antes da chegada a LEDSTAR, Mayerhofer atuou como Chief Executive Officer da Ezentis, empresa multinacional espanhola prestadora de servi\u00e7os com faturamento acima de R\uff04 550 milh\u00f5es anuais.<\/p>\n<figure id=\"attachment_75756\" aria-describedby=\"caption-attachment-75756\" style=\"width: 300px\" class=\"wp-caption aligncenter\"><img loading=\"lazy\" decoding=\"async\" class=\"wp-image-75756 size-full\" src=\"https:\/\/www.rhevistarh.com.br\/portal\/wp-content\/uploads\/2022\/11\/vanessa.png\" alt=\"\" width=\"300\" height=\"300\" srcset=\"https:\/\/www.rhevistarh.com.br\/portal\/wp-content\/uploads\/2022\/11\/vanessa.png 300w, https:\/\/www.rhevistarh.com.br\/portal\/wp-content\/uploads\/2022\/11\/vanessa-150x150.png 150w, https:\/\/www.rhevistarh.com.br\/portal\/wp-content\/uploads\/2022\/11\/vanessa-100x100.png 100w, https:\/\/www.rhevistarh.com.br\/portal\/wp-content\/uploads\/2022\/11\/vanessa-60x60.png 60w\" sizes=\"auto, (max-width: 300px) 100vw, 300px\" \/><figcaption id=\"caption-attachment-75756\" class=\"wp-caption-text\">Vanessa Wu Fernandes <br \/>Diretora de RH da LEDSTAR<\/figcaption><\/figure>\n<p style=\"text-align: justify;\"><strong>Van<\/strong><strong>essa Wu Fernandes<\/strong> assume como Diretora de RH da LEDSTAR. Formada em Administra\u00e7\u00e3o de Empresas pela PUC de S\u00e3o Paulo, possui P\u00f3s-Gradua\u00e7\u00e3o e MBA em Gest\u00e3o Empresarial pela FIA &#8212; USP. Atua por mais de 20 anos na \u00e1rea de Recursos Humanos, com passagens pela Comg\u00e1s, Dixie Toga &#8212; Bemis, Votorantim Cimentos e Suzano no Brasil, M\u00e9xico, EUA, Europa e \u00c1sia e em projetos de consultoria em Gest\u00e3o de Pessoas para empresas de m\u00e9dio porte do Agroneg\u00f3cio e do Mercado Financeiro.<\/p>\n<p style=\"text-align: justify;\"><strong>Sobre a LEDSTAR:<\/strong><br \/>\nA LEDSTAR \u00e9 l\u00edder em ilumina\u00e7\u00e3o profissional, 100% brasileira e pertencente ao grupo UNICOBA. \u00c9 pioneira no desenvolvimento e fabrica\u00e7\u00e3o de lumin\u00e1rias Led de alta performance, robustez e melhor custo-benef\u00edcio no Brasil. Com foco na ilumina\u00e7\u00e3o profissional, a LEDSTAR est\u00e1 presente iluminando diversas capitais brasileiras de Norte a Sul, como Manaus, S\u00e3o Paulo, e Porto Alegre e tamb\u00e9m fornecendo para empresas em todo Brasil desde o projeto luminot\u00e9cnico, automa\u00e7\u00e3o e controle, projetos turn-key at\u00e9 solu\u00e7\u00f5es de financiamento para v\u00e1rios tipos de estrutura.<\/p>\n<div class=\"g g-1\"><div class=\"g-single a-37\"><a class=\"gofollow\" data-track=\"MzcsMSwxLDEw\" href=\"https:\/\/tuapps.com.br\/ apontatu-gestao-de-ponto\/?utm_ source=topo&amp;utm_medium= rhevista-rh&amp;utm_campaign=gest% C3%A3o+de+ponto+tem+que+ser+ simples&amp;utm_id=banner\" target=\"_blank\" rel=\"noopener\"><img loading=\"lazy\" decoding=\"async\" class=\"aligncenter wp-image-79942\" src=\"https:\/\/www.rhevistarh.com.br\/portal\/wp-content\/uploads\/2026\/04\/apontatu_720_90-scaled.jpg\" alt=\"\" width=\"720\" height=\"90\" srcset=\"https:\/\/www.rhevistarh.com.br\/portal\/wp-content\/uploads\/2026\/04\/apontatu_720_90-scaled.jpg 2560w, https:\/\/www.rhevistarh.com.br\/portal\/wp-content\/uploads\/2026\/04\/apontatu_720_90-300x38.jpg 300w, https:\/\/www.rhevistarh.com.br\/portal\/wp-content\/uploads\/2026\/04\/apontatu_720_90-1024x128.jpg 1024w, https:\/\/www.rhevistarh.com.br\/portal\/wp-content\/uploads\/2026\/04\/apontatu_720_90-768x96.jpg 768w, https:\/\/www.rhevistarh.com.br\/portal\/wp-content\/uploads\/2026\/04\/apontatu_720_90-1536x192.jpg 1536w, https:\/\/www.rhevistarh.com.br\/portal\/wp-content\/uploads\/2026\/04\/apontatu_720_90-2048x256.jpg 2048w\" sizes=\"auto, (max-width: 720px) 100vw, 720px\" \/><\/a><\/div><\/div>\n<p style=\"text-align: justify;\">A LEDSTAR atrav\u00e9s de sua equipe de engenheiros, colaboradores e parceiros trabalha arduamente para acelerar a migra\u00e7\u00e3o tecnol\u00f3gica para o LED contribuindo assim com o aumento da efici\u00eancia energ\u00e9tica brasileira e colaborando com a redu\u00e7\u00e3o no impacto ambiental atrav\u00e9s da redu\u00e7\u00e3o de emiss\u00f5es de CO2 e outros gases nocivos.<\/p>\n<hr \/>\n<p>&nbsp;<\/p>\n","protected":false},"excerpt":{"rendered":"<p>Mauricio Fava Mayerhofer assume o cargo de CFO  e Vanessa Wu Fernandes assume como Diretora de RH.<\/p>\n","protected":false},"author":8,"featured_media":75767,"comment_status":"open","ping_status":"open","sticky":false,"template":"","format":"standard","meta":{"footnotes":""},"categories":[1],"tags":[6127],"table_tags":[],"class_list":["post-75753","post","type-post","status-publish","format-standard","has-post-thumbnail","hentry","category-noticias","tag-ledstar","entry"],"aioseo_notices":[],"_links":{"self":[{"href":"https:\/\/www.rhevistarh.com.br\/portal\/wp-json\/wp\/v2\/posts\/75753","targetHints":{"allow":["GET"]}}],"collection":[{"href":"https:\/\/www.rhevistarh.com.br\/portal\/wp-json\/wp\/v2\/posts"}],"about":[{"href":"https:\/\/www.rhevistarh.com.br\/portal\/wp-json\/wp\/v2\/types\/post"}],"author":[{"embeddable":true,"href":"https:\/\/www.rhevistarh.com.br\/portal\/wp-json\/wp\/v2\/users\/8"}],"replies":[{"embeddable":true,"href":"https:\/\/www.rhevistarh.com.br\/portal\/wp-json\/wp\/v2\/comments?post=75753"}],"version-history":[{"count":0,"href":"https:\/\/www.rhevistarh.com.br\/portal\/wp-json\/wp\/v2\/posts\/75753\/revisions"}],"wp:featuredmedia":[{"embeddable":true,"href":"https:\/\/www.rhevistarh.com.br\/portal\/wp-json\/wp\/v2\/media\/75767"}],"wp:attachment":[{"href":"https:\/\/www.rhevistarh.com.br\/portal\/wp-json\/wp\/v2\/media?parent=75753"}],"wp:term":[{"taxonomy":"category","embeddable":true,"href":"https:\/\/www.rhevistarh.com.br\/portal\/wp-json\/wp\/v2\/categories?post=75753"},{"taxonomy":"post_tag","embeddable":true,"href":"https:\/\/www.rhevistarh.com.br\/portal\/wp-json\/wp\/v2\/tags?post=75753"},{"taxonomy":"table_tags","embeddable":true,"href":"https:\/\/www.rhevistarh.com.br\/portal\/wp-json\/wp\/v2\/table_tags?post=75753"}],"curies":[{"name":"wp","href":"https:\/\/api.w.org\/{rel}","templated":true}]}}