{"id":76042,"date":"2022-12-02T13:24:26","date_gmt":"2022-12-02T16:24:26","guid":{"rendered":"https:\/\/www.rhevistarh.com.br\/portal\/?p=76042"},"modified":"2022-12-02T19:15:46","modified_gmt":"2022-12-02T22:15:46","slug":"fabrica-de-criatividade-abre-portas-para-experiencia-imersiva-no-final-de-ano-e-em-datas-comemorativas","status":"publish","type":"post","link":"https:\/\/www.rhevistarh.com.br\/portal\/fabrica-de-criatividade-abre-portas-para-experiencia-imersiva-no-final-de-ano-e-em-datas-comemorativas\/","title":{"rendered":"F\u00e1brica de Criatividade abre portas para experi\u00eancia imersiva no Final de Ano e em datas comemorativas\u00a0"},"content":{"rendered":"<p><img loading=\"lazy\" decoding=\"async\" class=\"size-full wp-image-76043 aligncenter\" src=\"https:\/\/www.rhevistarh.com.br\/portal\/wp-content\/uploads\/2022\/12\/logo_fabrica_criatividade.png\" alt=\"\" width=\"180\" height=\"62\" \/><\/p>\n<p style=\"text-align: center;\">Festa da Firma imersiva promete F\u00e1brica de Criatividade<\/p>\n<p style=\"text-align: justify;\">Projeto &#8220;A Cultura do Cuidado&#8221; convida empresas a trabalhar rela\u00e7\u00e3o com colaboradores neste fim de ano e em datas comemorativas. A F\u00e1brica de Criatividade vai abrir suas portas nesta reta final de 2022 para promover uma experi\u00eancia imersiva em sua sede, localizada no Cap\u00e3o Redondo, em S\u00e3o Paulo.<\/p>\n<figure id=\"attachment_76044\" aria-describedby=\"caption-attachment-76044\" style=\"width: 600px\" class=\"wp-caption aligncenter\"><img loading=\"lazy\" decoding=\"async\" class=\"wp-image-76044 size-full\" src=\"https:\/\/www.rhevistarh.com.br\/portal\/wp-content\/uploads\/2022\/12\/sede_ajustada.png\" alt=\"\" width=\"600\" height=\"350\" srcset=\"https:\/\/www.rhevistarh.com.br\/portal\/wp-content\/uploads\/2022\/12\/sede_ajustada.png 600w, https:\/\/www.rhevistarh.com.br\/portal\/wp-content\/uploads\/2022\/12\/sede_ajustada-300x175.png 300w\" sizes=\"auto, (max-width: 600px) 100vw, 600px\" \/><figcaption id=\"caption-attachment-76044\" class=\"wp-caption-text\">Divulga\u00e7\u00e3o: Sede da F\u00e1brica de Criatividade &#8211; Cap\u00e3o Redondo &#8211; S\u00e3o Paulo\/SP<\/figcaption><\/figure>\n<p style=\"text-align: justify;\">Empresas, ao inv\u00e9s de realizarem as habituais confraterniza\u00e7\u00f5es e distribu\u00edrem brindes, poder\u00e3o agendar o uso do espa\u00e7o para que seus funcion\u00e1rios entrem de cabe\u00e7a em um dia voltado para a cultura do cuidado.<\/p>\n<p style=\"text-align: justify;\">&#8220;Atividades ser\u00e3o voltadas para o colaborador, para que ele se sinta cuidado, para que ele construa rela\u00e7\u00f5es&#8221;, afirma Tita Legarra, s\u00f3cia da F\u00e1brica de Criatividade. \u201cE essa experi\u00eancia pode durar ao longo do ano, em datas comemorativas\u201d, completa.<\/p>\n<div class=\"g g-1\"><div class=\"g-single a-37\"><a class=\"gofollow\" data-track=\"MzcsMSwxLDEw\" href=\"https:\/\/tuapps.com.br\/ apontatu-gestao-de-ponto\/?utm_ source=topo&amp;utm_medium= rhevista-rh&amp;utm_campaign=gest% C3%A3o+de+ponto+tem+que+ser+ simples&amp;utm_id=banner\" target=\"_blank\" rel=\"noopener\"><img loading=\"lazy\" decoding=\"async\" class=\"aligncenter wp-image-79942\" src=\"https:\/\/www.rhevistarh.com.br\/portal\/wp-content\/uploads\/2026\/04\/apontatu_720_90-scaled.jpg\" alt=\"\" width=\"720\" height=\"90\" srcset=\"https:\/\/www.rhevistarh.com.br\/portal\/wp-content\/uploads\/2026\/04\/apontatu_720_90-scaled.jpg 2560w, https:\/\/www.rhevistarh.com.br\/portal\/wp-content\/uploads\/2026\/04\/apontatu_720_90-300x38.jpg 300w, https:\/\/www.rhevistarh.com.br\/portal\/wp-content\/uploads\/2026\/04\/apontatu_720_90-1024x128.jpg 1024w, https:\/\/www.rhevistarh.com.br\/portal\/wp-content\/uploads\/2026\/04\/apontatu_720_90-768x96.jpg 768w, https:\/\/www.rhevistarh.com.br\/portal\/wp-content\/uploads\/2026\/04\/apontatu_720_90-1536x192.jpg 1536w, https:\/\/www.rhevistarh.com.br\/portal\/wp-content\/uploads\/2026\/04\/apontatu_720_90-2048x256.jpg 2048w\" sizes=\"auto, (max-width: 720px) 100vw, 720px\" \/><\/a><\/div><\/div>\n<p style=\"text-align: justify;\">A ideia \u00e9 abrir a sede da F\u00e1brica para grupos que variam de nove a 30 pessoas, que ser\u00e3o recebidas com pompa, j\u00e1 que um tapete vermelho estar\u00e1 estendido na porta.<\/p>\n<p style=\"text-align: justify;\">Avan\u00e7ando, os participantes ser\u00e3o convidados \u00e0 uma s\u00e9rie de atividades, tendo a chance, por exemplo, de se sentar na cadeira do Game of Thrones (com direito a tirar a espada de uma rocha).<\/p>\n<p style=\"text-align: justify;\">&#8220;Durante o dia, a coletividade e o senso de equipe ser\u00e3o trabalhados&#8221;, explica Legarra.<\/p>\n<p style=\"text-align: justify;\">Haver\u00e1 uma atividade biopsicossocial, com massagem com aromaterapia, spas para os p\u00e9s, jogos e at\u00e9 um grande pufe para aquela soneca.<\/p>\n<p style=\"text-align: justify;\">As empresas que quiserem cadastrar grupos para participar da jornada devem enviar email para\u00a0<a href=\"mailto:consultoria@fabricafdc.com.br\" target=\"_blank\" rel=\"noopener\">consultoria@fabricafdc.com.br<\/a>.<\/p>\n<p style=\"text-align: justify;\">A F\u00e1brica de Criatividade funciona na rua Lu\u00eds da Fonseca Galv\u00e3o, n\u00b0 248, no Cap\u00e3o Redondo, em S\u00e3o Paulo.<\/p>\n<p style=\"text-align: justify;\">Site: <a href=\"https:\/\/fabricadecriatividade.com.br\" target=\"_blank\" rel=\"noopener\">https:\/\/fabricadecriatividade.com.br<\/a><\/p>\n<hr \/>\n","protected":false},"excerpt":{"rendered":"<p>Projeto &#8220;A Cultura do Cuidado&#8221; convida empresas a trabalhar rela\u00e7\u00e3o com colaboradores neste fim de ano e em datas comemorativas.<\/p>\n","protected":false},"author":8,"featured_media":76045,"comment_status":"open","ping_status":"open","sticky":false,"template":"","format":"standard","meta":{"footnotes":""},"categories":[1],"tags":[6173,6172],"table_tags":[],"class_list":["post-76042","post","type-post","status-publish","format-standard","has-post-thumbnail","hentry","category-noticias","tag-cultura-do-cuidado","tag-fabrica-de-criatividade","entry"],"aioseo_notices":[],"_links":{"self":[{"href":"https:\/\/www.rhevistarh.com.br\/portal\/wp-json\/wp\/v2\/posts\/76042","targetHints":{"allow":["GET"]}}],"collection":[{"href":"https:\/\/www.rhevistarh.com.br\/portal\/wp-json\/wp\/v2\/posts"}],"about":[{"href":"https:\/\/www.rhevistarh.com.br\/portal\/wp-json\/wp\/v2\/types\/post"}],"author":[{"embeddable":true,"href":"https:\/\/www.rhevistarh.com.br\/portal\/wp-json\/wp\/v2\/users\/8"}],"replies":[{"embeddable":true,"href":"https:\/\/www.rhevistarh.com.br\/portal\/wp-json\/wp\/v2\/comments?post=76042"}],"version-history":[{"count":0,"href":"https:\/\/www.rhevistarh.com.br\/portal\/wp-json\/wp\/v2\/posts\/76042\/revisions"}],"wp:featuredmedia":[{"embeddable":true,"href":"https:\/\/www.rhevistarh.com.br\/portal\/wp-json\/wp\/v2\/media\/76045"}],"wp:attachment":[{"href":"https:\/\/www.rhevistarh.com.br\/portal\/wp-json\/wp\/v2\/media?parent=76042"}],"wp:term":[{"taxonomy":"category","embeddable":true,"href":"https:\/\/www.rhevistarh.com.br\/portal\/wp-json\/wp\/v2\/categories?post=76042"},{"taxonomy":"post_tag","embeddable":true,"href":"https:\/\/www.rhevistarh.com.br\/portal\/wp-json\/wp\/v2\/tags?post=76042"},{"taxonomy":"table_tags","embeddable":true,"href":"https:\/\/www.rhevistarh.com.br\/portal\/wp-json\/wp\/v2\/table_tags?post=76042"}],"curies":[{"name":"wp","href":"https:\/\/api.w.org\/{rel}","templated":true}]}}