{"id":76097,"date":"2022-12-08T13:01:06","date_gmt":"2022-12-08T16:01:06","guid":{"rendered":"https:\/\/www.rhevistarh.com.br\/portal\/?p=76097"},"modified":"2022-12-08T13:01:06","modified_gmt":"2022-12-08T16:01:06","slug":"ibgc-abre-audiencia-publica-para-ouvir-a-sociedade-sobre-o-codigo-das-melhores-praticas-de-governanca-corporativa","status":"publish","type":"post","link":"https:\/\/www.rhevistarh.com.br\/portal\/ibgc-abre-audiencia-publica-para-ouvir-a-sociedade-sobre-o-codigo-das-melhores-praticas-de-governanca-corporativa\/","title":{"rendered":"IBGC abre audi\u00eancia p\u00fablica para ouvir a sociedade sobre o \u201cC\u00f3digo das Melhores Pr\u00e1ticas de Governan\u00e7a Corporativa\u201d"},"content":{"rendered":"<p><img loading=\"lazy\" decoding=\"async\" class=\"aligncenter size-full wp-image-76098\" src=\"https:\/\/www.rhevistarh.com.br\/portal\/wp-content\/uploads\/2022\/12\/ibgc.png\" alt=\"\" width=\"163\" height=\"60\" \/><\/p>\n<p style=\"text-align: right;\">At\u00e9 31 de janeiro pessoas f\u00edsicas e jur\u00eddicas poder\u00e3o opinar sobre a minuta que prev\u00ea aprimorar conte\u00fado<br \/>\ndo documento, refer\u00eancia nacional e internacional sobre governan\u00e7a<\/p>\n<p style=\"text-align: justify;\"><strong>S\u00e3o Paulo, 08 de dezembro<\/strong>\u00a0&#8212; Com o intuito de ter um documento ainda mais participativo e inclusivo, o Instituto Brasileiro de Governan\u00e7a Corporativa (IBGC) iniciou uma audi\u00eancia p\u00fablica, de 29 de novembro de 2022 a 31 de janeiro de 2023, para coletar sugest\u00f5es \u00e0 6\u00aa edi\u00e7\u00e3o do\u00a0<i>C\u00f3digo das Melhores Pr\u00e1ticas de Governan\u00e7a Corporativa<\/i>, refer\u00eancia nacional e internacional no tema. O processo ter\u00e1 dura\u00e7\u00e3o de dois meses, sendo essa tamb\u00e9m uma das mudan\u00e7as propostas pelo Instituto para conseguir ouvir mais vozes, trazendo maior pluralidade e legitimidade ao processo de revis\u00e3o.<\/p>\n<p style=\"text-align: justify;\">\u201cTemos trabalhado esta nova edi\u00e7\u00e3o com uma escuta ainda mais ativa, procurando ouvir os mais diferentes stakeholders. A audi\u00eancia p\u00fablica ficar\u00e1 dois meses aberta para que toda a sociedade possa participar, pois entendemos que essa constru\u00e7\u00e3o coletiva \u00e9 fundamental para aprimorar o conte\u00fado. Vimos que muitos agentes de governan\u00e7a n\u00e3o se sentiam inclu\u00eddos e estamos trabalhando para que esse cen\u00e1rio mude, e, consequentemente aperfei\u00e7oar a governan\u00e7a corporativa em diferentes tipos e portes de organiza\u00e7\u00f5es brasileiras,\u201d diz Valeria Caf\u00e9, diretora de vocaliza\u00e7\u00e3o e influ\u00eancia do IBGC.<\/p>\n<p style=\"text-align: justify;\">A primeira edi\u00e7\u00e3o do c\u00f3digo \u00e9 de 1999 e, desde ent\u00e3o vem sendo revisado \u00e0 medida que a governan\u00e7a e as organiza\u00e7\u00f5es v\u00e3o avan\u00e7ando. O material \u00e9 um instrumento importante de consulta e refer\u00eancia para organiza\u00e7\u00f5es de diferentes portes, setores, naturezas jur\u00eddicas e n\u00edveis de maturidade, al\u00e9m de servir como refer\u00eancia sobre a governan\u00e7a das organiza\u00e7\u00f5es brasileiras para os atores internacionais. Sabendo dessa import\u00e2ncia, o IBGC j\u00e1 est\u00e1 providenciando tamb\u00e9m a tradu\u00e7\u00e3o do novo texto proposto para o C\u00f3digo para o idioma ingl\u00eas, que ser\u00e1 compartilhada com parceiros internacionais a fim de receber suas contribui\u00e7\u00f5es. Al\u00e9m disso, o processo de revis\u00e3o incluiu uma etapa de\u00a0<i>benchmarking\u00a0<\/i>internacional com 15 c\u00f3digos de governan\u00e7a de pa\u00edses selecionados que tamb\u00e9m passaram recentemente por processo de revis\u00e3o. O objetivo desta etapa foi capturar tend\u00eancias e temas que ganharam destaque nesses documentos e que n\u00e3o estavam presentes no\u00a0<i>C\u00f3digo das Melhores Pr\u00e1ticas de Governan\u00e7a Corporativa<\/i>.<\/p>\n<div class=\"g g-1\"><div class=\"g-single a-34\"><a class=\"gofollow\" data-track=\"MzQsMSwxLDEw\" href=\"https:\/\/www.contatoanonimo.com.br\" target=\"_blank\" rel=\"noopener\"><img loading=\"lazy\" decoding=\"async\" class=\"aligncenter wp-image-79937 size-full\" src=\"https:\/\/www.rhevistarh.com.br\/portal\/wp-content\/uploads\/2026\/04\/novo_reportit_720_90_2.png\" alt=\"\" width=\"720\" height=\"90\" srcset=\"https:\/\/www.rhevistarh.com.br\/portal\/wp-content\/uploads\/2026\/04\/novo_reportit_720_90_2.png 720w, https:\/\/www.rhevistarh.com.br\/portal\/wp-content\/uploads\/2026\/04\/novo_reportit_720_90_2-300x38.png 300w\" sizes=\"auto, (max-width: 720px) 100vw, 720px\" \/><\/a><\/div><\/div>\n<p style=\"text-align: justify;\">Diante de um panorama de r\u00e1pidas transforma\u00e7\u00f5es na sociedade e no ambiente de neg\u00f3cios, o instituto almeja que o documento represente e converse com o maior n\u00famero poss\u00edvel de organiza\u00e7\u00f5es, ao mesmo tempo em que esteja atualizado em rela\u00e7\u00e3o aos temas relevantes do ambiente de neg\u00f3cios e por isso, entre os pontos que est\u00e3o dispostos no texto, h\u00e1 um cuidado maior para as quest\u00f5es ESG, que j\u00e1 eram presentes, mas agora ganhar\u00e3o mais destaque.<\/p>\n<p style=\"text-align: justify;\">O processo de revis\u00e3o, aprovado pelo Conselho de Administra\u00e7\u00e3o do IBGC, teve in\u00edcio no final do ano de 2021, com o apoio das comiss\u00f5es, coordenadores de Cap\u00edtulos, instrutores de cursos do Instituto, entre outros parceiros. O trabalho est\u00e1 sendo conduzido por um Grupo Revisor, composto por especialistas volunt\u00e1rios.<\/p>\n<p style=\"text-align: justify;\">Dentre os objetivos que direcionam a reforma atual est\u00e1 o de tornar a publica\u00e7\u00e3o menos prescritiva e mais focada em princ\u00edpios, que podem ser adaptados conforme as caracter\u00edsticas das mais variadas organiza\u00e7\u00f5es atuantes no pa\u00eds.<\/p>\n<p style=\"text-align: justify;\">Em rela\u00e7\u00e3o \u00e0 5\u00aa edi\u00e7\u00e3o, as principais mudan\u00e7as constantes da minuta da nova vers\u00e3o, agora submetida \u00e0 audi\u00eancia p\u00fablica do IBGC, s\u00e3o as seguintes:<\/p>\n<ol style=\"text-align: justify;\">\n<li>Iniciar o c\u00f3digo destacando a \u201c\u00c9tica\u201d como fundamento da Governan\u00e7a.<\/li>\n<li>Destacar a import\u00e2ncia do \u201cProp\u00f3sito\u201d para guiar a tomada de decis\u00f5es.<\/li>\n<li>Atualizar a defini\u00e7\u00e3o da \u201cGovernan\u00e7a Corporativa\u201d.<\/li>\n<li>Atualizar os \u201cPrinc\u00edpios da Governan\u00e7a Corporativa\u201d, incluindo o novo princ\u00edpio da \u201cIntegridade\u201d.<\/li>\n<li>Atualizar a explica\u00e7\u00e3o sobre \u201cAgentes e Estrutura da Governan\u00e7a\u201d, explicitando os agentes e como as diferentes estruturas ajustam-se aos diferentes modelos de organiza\u00e7\u00e3o.<\/li>\n<li>Criar uma sess\u00e3o espec\u00edfica sobre \u201cConflito de Interesse\u201d, aglutinando men\u00e7\u00f5es que antes estavam dispersas ou no cap\u00edtulo \u201cConduta e Conflito de Interesse\u201d.<\/li>\n<li>Nos Cap\u00edtulos \u201cS\u00f3cios\u201d, \u201cConselho\u201d e \u201cDiretoria\u201d, excluir pr\u00e1ticas muito espec\u00edficas de algum tipo de organiza\u00e7\u00e3o, procurando enfatizar as que sejam mais abrangentes. Tamb\u00e9m excluir detalhes que fazem parte de publica\u00e7\u00f5es espec\u00edficas ou ser\u00e3o inclu\u00eddos em novas publica\u00e7\u00f5es a serem desenvolvidas futuramente pelo IBGC.<\/li>\n<li>Ajustar alguns aspectos do cap\u00edtulo \u201c\u00d3rg\u00e3os de Fiscaliza\u00e7\u00e3o e Controle\u201d, que passou a se chamar \u201c\u00d3rg\u00e3os de Assessoramento, Controle e Fiscaliza\u00e7\u00e3o\u201d.<\/li>\n<li>Alterar o cap\u00edtulo de \u201cConduta e Conflito de Interesse\u201d, que passa a se chamar \u201cConduta\u201d.<\/li>\n<li>Criar um cap\u00edtulo para tratar dos relacionamentos entre os diversos agentes de governan\u00e7a.<\/li>\n<\/ol>\n<p style=\"text-align: justify;\">Para acessar a minuta do documento basta clicar no\u00a0<a href=\"https:\/\/s2212.imxsnd17.com\/link.php?code=bDpodHRwcyUzQSUyRiUyRnd3dy5pYmdjLm9yZy5iciUyRmRlc3RhcXVlcyUyRmF1ZGllbmNpYS1wdWJsaWNhOjI1ODM1MDc5MjQ6b2RhaXIuZmFudG9uaUBnbWFpbC5jb206YTQ1NWI0OjMw\" target=\"_blank\" rel=\"noopener\" data-saferedirecturl=\"https:\/\/www.google.com\/url?q=https:\/\/s2212.imxsnd17.com\/link.php?code%3DbDpodHRwcyUzQSUyRiUyRnd3dy5pYmdjLm9yZy5iciUyRmRlc3RhcXVlcyUyRmF1ZGllbmNpYS1wdWJsaWNhOjI1ODM1MDc5MjQ6b2RhaXIuZmFudG9uaUBnbWFpbC5jb206YTQ1NWI0OjMw&amp;source=gmail&amp;ust=1670591998908000&amp;usg=AOvVaw3MZEIxDnRGMJEaF5sZ6-zI\">link<\/a>.\u00a0Depois de inseridas as propostas e contribui\u00e7\u00f5es, \u00e9 preciso enviar para\u00a0<a href=\"mailto:publicacoes@ibgc.org.br\" target=\"_blank\" rel=\"noopener\">publicacoes@ibgc.org.br<\/a>.<\/p>\n<p style=\"text-align: justify;\"><strong>Sobre o IBGC<\/strong><\/p>\n<p style=\"text-align: justify;\">Fundado em 27 de novembro de 1995, o Instituto Brasileiro de Governan\u00e7a Corporativa (IBGC), organiza\u00e7\u00e3o da sociedade civil, \u00e9 refer\u00eancia nacional e uma das principais no mundo em governan\u00e7a corporativa. Seu objetivo \u00e9 gerar e disseminar conhecimento a respeito das melhores pr\u00e1ticas em governan\u00e7a corporativa e influenciar os mais diversos agentes em sua ado\u00e7\u00e3o, contribuindo para o desempenho sustent\u00e1vel das organiza\u00e7\u00f5es e, consequentemente, para uma sociedade melhor. Para mais informa\u00e7\u00f5es, consulte o nosso\u00a0<a href=\"https:\/\/s2212.imxsnd17.com\/link.php?code=bDpodHRwcyUzQSUyRiUyRnd3dy5pYmdjLm9yZy5icjoyNTgzNTA3OTI0Om9kYWlyLmZhbnRvbmlAZ21haWwuY29tOmY5OTI0ZjozMA==\" target=\"_blank\" rel=\"noopener\" data-saferedirecturl=\"https:\/\/www.google.com\/url?q=https:\/\/s2212.imxsnd17.com\/link.php?code%3DbDpodHRwcyUzQSUyRiUyRnd3dy5pYmdjLm9yZy5icjoyNTgzNTA3OTI0Om9kYWlyLmZhbnRvbmlAZ21haWwuY29tOmY5OTI0ZjozMA%3D%3D&amp;source=gmail&amp;ust=1670591998908000&amp;usg=AOvVaw10LcOHsVUx2ll6U00l3tyS\">site<\/a>.<\/p>\n<hr \/>\n<p>&nbsp;<\/p>\n","protected":false},"excerpt":{"rendered":"<p>At\u00e9 31 de janeiro pessoas f\u00edsicas e jur\u00eddicas poder\u00e3o opinar sobre a minuta que prev\u00eaaprimorar conte\u00fado do documento, refer\u00eancia nacional e internacional sobre governan\u00e7a<\/p>\n","protected":false},"author":8,"featured_media":76099,"comment_status":"open","ping_status":"open","sticky":false,"template":"","format":"standard","meta":{"footnotes":""},"categories":[1],"tags":[821,6178,6177],"table_tags":[],"class_list":["post-76097","post","type-post","status-publish","format-standard","has-post-thumbnail","hentry","category-noticias","tag-governanca-corporativa","tag-ibgc","tag-melhores-praticas","entry"],"aioseo_notices":[],"_links":{"self":[{"href":"https:\/\/www.rhevistarh.com.br\/portal\/wp-json\/wp\/v2\/posts\/76097","targetHints":{"allow":["GET"]}}],"collection":[{"href":"https:\/\/www.rhevistarh.com.br\/portal\/wp-json\/wp\/v2\/posts"}],"about":[{"href":"https:\/\/www.rhevistarh.com.br\/portal\/wp-json\/wp\/v2\/types\/post"}],"author":[{"embeddable":true,"href":"https:\/\/www.rhevistarh.com.br\/portal\/wp-json\/wp\/v2\/users\/8"}],"replies":[{"embeddable":true,"href":"https:\/\/www.rhevistarh.com.br\/portal\/wp-json\/wp\/v2\/comments?post=76097"}],"version-history":[{"count":0,"href":"https:\/\/www.rhevistarh.com.br\/portal\/wp-json\/wp\/v2\/posts\/76097\/revisions"}],"wp:featuredmedia":[{"embeddable":true,"href":"https:\/\/www.rhevistarh.com.br\/portal\/wp-json\/wp\/v2\/media\/76099"}],"wp:attachment":[{"href":"https:\/\/www.rhevistarh.com.br\/portal\/wp-json\/wp\/v2\/media?parent=76097"}],"wp:term":[{"taxonomy":"category","embeddable":true,"href":"https:\/\/www.rhevistarh.com.br\/portal\/wp-json\/wp\/v2\/categories?post=76097"},{"taxonomy":"post_tag","embeddable":true,"href":"https:\/\/www.rhevistarh.com.br\/portal\/wp-json\/wp\/v2\/tags?post=76097"},{"taxonomy":"table_tags","embeddable":true,"href":"https:\/\/www.rhevistarh.com.br\/portal\/wp-json\/wp\/v2\/table_tags?post=76097"}],"curies":[{"name":"wp","href":"https:\/\/api.w.org\/{rel}","templated":true}]}}