{"id":76197,"date":"2022-12-30T10:50:32","date_gmt":"2022-12-30T13:50:32","guid":{"rendered":"https:\/\/www.rhevistarh.com.br\/portal\/?p=76197"},"modified":"2022-12-30T10:55:34","modified_gmt":"2022-12-30T13:55:34","slug":"esocial-disponibilizacao-do-perfil-profissiografico-previdenciario-ppp-eletronico","status":"publish","type":"post","link":"https:\/\/www.rhevistarh.com.br\/portal\/esocial-disponibilizacao-do-perfil-profissiografico-previdenciario-ppp-eletronico\/","title":{"rendered":"eSocial: Disponibiliza\u00e7\u00e3o do Perfil Profissiogr\u00e1fico Previdenci\u00e1rio (PPP) Eletr\u00f4nico"},"content":{"rendered":"<p style=\"text-align: center;\">O PPP Eletr\u00f4nico que substituir\u00e1 o PPP em meio f\u00edsico, poder\u00e1 ser visualizado a partir de 16\/01\/2023 no site ou aplicativo Meu INSS.<\/p>\n<p style=\"text-align: justify;\">O Perfil Profissiogr\u00e1fico Previdenci\u00e1rio (PPP) ser\u00e1 emitido <b>exclusivamente em meio eletr\u00f4nico<\/b>\u00a0para todos os segurados empregados, trabalhadores avulsos e cooperados vinculados \u00e0s cooperativas de trabalho ou de produ\u00e7\u00e3o, independentemente do ramo de atividade da empresa e da exposi\u00e7\u00e3o a agentes prejudiciais \u00e0 sa\u00fade, em atendimento \u00e0 Portaria\/MTP n\u00ba 313, de 22\/09\/2021, alterada pela Portaria n\u00ba 1.010, de 24\/12\/2021, a partir de 01\/01\/2023. O PPP ser\u00e1 gerado a partir das informa\u00e7\u00f5es declaradas nos eventos de Seguran\u00e7a e Sa\u00fade no Trabalho (SST) no Sistema Simplificado de Escritura\u00e7\u00e3o Digital das Obriga\u00e7\u00f5es Previdenci\u00e1rias, Trabalhistas e Fiscais (eSocial).<\/p>\n<p style=\"text-align: justify;\"><div class=\"g g-1\"><div class=\"g-single a-37\"><a class=\"gofollow\" data-track=\"MzcsMSwxLDEw\" href=\"https:\/\/tuapps.com.br\/ apontatu-gestao-de-ponto\/?utm_ source=topo&amp;utm_medium= rhevista-rh&amp;utm_campaign=gest% C3%A3o+de+ponto+tem+que+ser+ simples&amp;utm_id=banner\" target=\"_blank\" rel=\"noopener\"><img loading=\"lazy\" decoding=\"async\" class=\"aligncenter wp-image-79942\" src=\"https:\/\/www.rhevistarh.com.br\/portal\/wp-content\/uploads\/2026\/04\/apontatu_720_90-scaled.jpg\" alt=\"\" width=\"720\" height=\"90\" srcset=\"https:\/\/www.rhevistarh.com.br\/portal\/wp-content\/uploads\/2026\/04\/apontatu_720_90-scaled.jpg 2560w, https:\/\/www.rhevistarh.com.br\/portal\/wp-content\/uploads\/2026\/04\/apontatu_720_90-300x38.jpg 300w, https:\/\/www.rhevistarh.com.br\/portal\/wp-content\/uploads\/2026\/04\/apontatu_720_90-1024x128.jpg 1024w, https:\/\/www.rhevistarh.com.br\/portal\/wp-content\/uploads\/2026\/04\/apontatu_720_90-768x96.jpg 768w, https:\/\/www.rhevistarh.com.br\/portal\/wp-content\/uploads\/2026\/04\/apontatu_720_90-1536x192.jpg 1536w, https:\/\/www.rhevistarh.com.br\/portal\/wp-content\/uploads\/2026\/04\/apontatu_720_90-2048x256.jpg 2048w\" sizes=\"auto, (max-width: 720px) 100vw, 720px\" \/><\/a><\/div><\/div><\/p>\n<p style=\"text-align: justify;\">Para per\u00edodos trabalhados a partir de 01\/01\/2023, o PPP em meio eletr\u00f4nico substitui o PPP em meio f\u00edsico para comprova\u00e7\u00e3o de direitos junto ao Instituto Nacional do Seguro Social (INSS), n\u00e3o se admitindo o PPP f\u00edsico para per\u00edodos trabalhados a contar dessa data.<\/p>\n<p style=\"text-align: justify;\">Considerando a necessidade de incorporar as altera\u00e7\u00f5es da vers\u00e3o S-1.1 do eSocial, o PPP eletr\u00f4nico estar\u00e1 dispon\u00edvel para visualiza\u00e7\u00e3o do segurado no\u00a0<i>site\u00a0<\/i>ou aplicativo\u00a0<b>Meu INSS<\/b>\u00a0a partir de 16\/01\/2023, data da implanta\u00e7\u00e3o da referida vers\u00e3o.<\/p>\n<p>Fonte: <a href=\"https:\/\/www.gov.br\/esocial\/pt-br\/noticias\/disponibilizacao-do-perfil-profissiografico-previdenciario-ppp-eletronico\" target=\"_blank\" rel=\"noopener\">www.gov.br<\/a><\/p>\n<hr \/>\n<p>&nbsp;<\/p>\n","protected":false},"excerpt":{"rendered":"<p>O PPP Eletr\u00f4nico que substituir\u00e1 o PPP em meio f\u00edsico, poder\u00e1 ser visualizado a partir de 16\/01\/2023 no site ou aplicativo Meu INSS.<\/p>\n","protected":false},"author":8,"featured_media":76198,"comment_status":"open","ping_status":"open","sticky":false,"template":"","format":"standard","meta":{"footnotes":""},"categories":[1],"tags":[3030,2012,6194,2187],"table_tags":[],"class_list":["post-76197","post","type-post","status-publish","format-standard","has-post-thumbnail","hentry","category-noticias","tag-destaque","tag-esocial","tag-perfil-profissiografico-previdenciario","tag-ppp","entry"],"aioseo_notices":[],"_links":{"self":[{"href":"https:\/\/www.rhevistarh.com.br\/portal\/wp-json\/wp\/v2\/posts\/76197","targetHints":{"allow":["GET"]}}],"collection":[{"href":"https:\/\/www.rhevistarh.com.br\/portal\/wp-json\/wp\/v2\/posts"}],"about":[{"href":"https:\/\/www.rhevistarh.com.br\/portal\/wp-json\/wp\/v2\/types\/post"}],"author":[{"embeddable":true,"href":"https:\/\/www.rhevistarh.com.br\/portal\/wp-json\/wp\/v2\/users\/8"}],"replies":[{"embeddable":true,"href":"https:\/\/www.rhevistarh.com.br\/portal\/wp-json\/wp\/v2\/comments?post=76197"}],"version-history":[{"count":0,"href":"https:\/\/www.rhevistarh.com.br\/portal\/wp-json\/wp\/v2\/posts\/76197\/revisions"}],"wp:featuredmedia":[{"embeddable":true,"href":"https:\/\/www.rhevistarh.com.br\/portal\/wp-json\/wp\/v2\/media\/76198"}],"wp:attachment":[{"href":"https:\/\/www.rhevistarh.com.br\/portal\/wp-json\/wp\/v2\/media?parent=76197"}],"wp:term":[{"taxonomy":"category","embeddable":true,"href":"https:\/\/www.rhevistarh.com.br\/portal\/wp-json\/wp\/v2\/categories?post=76197"},{"taxonomy":"post_tag","embeddable":true,"href":"https:\/\/www.rhevistarh.com.br\/portal\/wp-json\/wp\/v2\/tags?post=76197"},{"taxonomy":"table_tags","embeddable":true,"href":"https:\/\/www.rhevistarh.com.br\/portal\/wp-json\/wp\/v2\/table_tags?post=76197"}],"curies":[{"name":"wp","href":"https:\/\/api.w.org\/{rel}","templated":true}]}}